{"id":18243,"date":"2025-01-19T22:35:46","date_gmt":"2025-01-19T21:35:46","guid":{"rendered":"https:\/\/aeterrasave.net\/webmedia\/?p=18243"},"modified":"2025-01-19T22:35:47","modified_gmt":"2025-01-19T21:35:47","slug":"2a-parte-do-conselho-eco-escolas-eb-terras-do-ave","status":"publish","type":"post","link":"https:\/\/aeterrasave.net\/webmedia\/2a-parte-do-conselho-eco-escolas-eb-terras-do-ave\/","title":{"rendered":"2\u00aa Parte do Conselho Eco &#8211; Escolas EB Terras do Ave"},"content":{"rendered":"\n<p>No passado dia 15 de janeiro, realizou-se a 2\u00aa parte do 1.\u00ba do Conselho Eco \u2013 Escolas da EB Terras do Ave, onde foram divulgados os resultados da auditoria ambiental, para melhor perceber as potencialidades e as fragilidades desta comunidade educativa. Foram apresentadas propostas de atividades para a promo\u00e7\u00e3o da educa\u00e7\u00e3o ambiental, a implementar na escola, para minimizar as debilidades diagnosticadas e promover potenciais solu\u00e7\u00f5es.<\/p>\n\n\n\n<p>Trabalho produtivo para contribuir na constru\u00e7\u00e3o de um futuro sustent\u00e1vel.&nbsp;<\/p>\n\n\n\n<figure class=\"wp-block-image size-large\"><img loading=\"lazy\" decoding=\"async\" width=\"837\" height=\"628\" src=\"https:\/\/aeterrasave.net\/webmedia\/wp-content\/uploads\/2025\/01\/IMG-20250116-WA0011-837x628.jpg\" alt=\"\" class=\"wp-image-18244\" srcset=\"https:\/\/aeterrasave.net\/webmedia\/wp-content\/uploads\/2025\/01\/IMG-20250116-WA0011-837x628.jpg 837w, https:\/\/aeterrasave.net\/webmedia\/wp-content\/uploads\/2025\/01\/IMG-20250116-WA0011-768x576.jpg 768w, https:\/\/aeterrasave.net\/webmedia\/wp-content\/uploads\/2025\/01\/IMG-20250116-WA0011-560x420.jpg 560w, https:\/\/aeterrasave.net\/webmedia\/wp-content\/uploads\/2025\/01\/IMG-20250116-WA0011.jpg 2000w\" sizes=\"auto, (max-width: 837px) 100vw, 837px\" \/><\/figure>\n\n\n\n<figure class=\"wp-block-image size-large\"><img loading=\"lazy\" decoding=\"async\" width=\"837\" height=\"628\" src=\"https:\/\/aeterrasave.net\/webmedia\/wp-content\/uploads\/2025\/01\/IMG-20250116-WA0010-837x628.jpg\" alt=\"\" class=\"wp-image-18245\" srcset=\"https:\/\/aeterrasave.net\/webmedia\/wp-content\/uploads\/2025\/01\/IMG-20250116-WA0010-837x628.jpg 837w, https:\/\/aeterrasave.net\/webmedia\/wp-content\/uploads\/2025\/01\/IMG-20250116-WA0010-768x576.jpg 768w, https:\/\/aeterrasave.net\/webmedia\/wp-content\/uploads\/2025\/01\/IMG-20250116-WA0010-560x420.jpg 560w, https:\/\/aeterrasave.net\/webmedia\/wp-content\/uploads\/2025\/01\/IMG-20250116-WA0010.jpg 2000w\" sizes=\"auto, (max-width: 837px) 100vw, 837px\" \/><\/figure>\n","protected":false},"excerpt":{"rendered":"<p>No passado dia 15 de janeiro, realizou-se a 2\u00aa parte do 1.\u00ba do Conselho Eco \u2013 Escolas da EB Terras do Ave, onde foram divulgados os resultados da auditoria ambiental, para melhor perceber as potencialidades e as fragilidades desta comunidade educativa. Foram apresentadas propostas de atividades para a promo\u00e7\u00e3o da educa\u00e7\u00e3o ambiental, a implementar na [&hellip;]<\/p>\n","protected":false},"author":43,"featured_media":18244,"comment_status":"closed","ping_status":"closed","sticky":false,"template":"","format":"standard","meta":{"_eb_attr":"","footnotes":""},"categories":[3],"tags":[],"class_list":["post-18243","post","type-post","status-publish","format-standard","has-post-thumbnail","hentry","category-noticias"],"blog_post_layout_featured_media_urls":{"thumbnail":["https:\/\/aeterrasave.net\/webmedia\/wp-content\/uploads\/2025\/01\/IMG-20250116-WA0011-150x150.jpg",150,150,true],"full":["https:\/\/aeterrasave.net\/webmedia\/wp-content\/uploads\/2025\/01\/IMG-20250116-WA0011.jpg",2000,1500,false]},"categories_names":{"3":{"name":"Not\u00edcias","link":"https:\/\/aeterrasave.net\/webmedia\/category\/noticias\/"}},"tags_names":[],"comments_number":0,"wpmagazine_modules_lite_featured_media_urls":{"thumbnail":["https:\/\/aeterrasave.net\/webmedia\/wp-content\/uploads\/2025\/01\/IMG-20250116-WA0011-150x150.jpg",150,150,true],"cvmm-medium":["https:\/\/aeterrasave.net\/webmedia\/wp-content\/uploads\/2025\/01\/IMG-20250116-WA0011.jpg",300,225,false],"cvmm-medium-plus":["https:\/\/aeterrasave.net\/webmedia\/wp-content\/uploads\/2025\/01\/IMG-20250116-WA0011.jpg",276,207,false],"cvmm-portrait":["https:\/\/aeterrasave.net\/webmedia\/wp-content\/uploads\/2025\/01\/IMG-20250116-WA0011.jpg",400,300,false],"cvmm-medium-square":["https:\/\/aeterrasave.net\/webmedia\/wp-content\/uploads\/2025\/01\/IMG-20250116-WA0011.jpg",600,450,false],"cvmm-large":["https:\/\/aeterrasave.net\/webmedia\/wp-content\/uploads\/2025\/01\/IMG-20250116-WA0011.jpg",1024,768,false],"cvmm-small":["https:\/\/aeterrasave.net\/webmedia\/wp-content\/uploads\/2025\/01\/IMG-20250116-WA0011.jpg",127,95,false],"full":["https:\/\/aeterrasave.net\/webmedia\/wp-content\/uploads\/2025\/01\/IMG-20250116-WA0011.jpg",2000,1500,false]},"_links":{"self":[{"href":"https:\/\/aeterrasave.net\/webmedia\/wp-json\/wp\/v2\/posts\/18243","targetHints":{"allow":["GET"]}}],"collection":[{"href":"https:\/\/aeterrasave.net\/webmedia\/wp-json\/wp\/v2\/posts"}],"about":[{"href":"https:\/\/aeterrasave.net\/webmedia\/wp-json\/wp\/v2\/types\/post"}],"author":[{"embeddable":true,"href":"https:\/\/aeterrasave.net\/webmedia\/wp-json\/wp\/v2\/users\/43"}],"replies":[{"embeddable":true,"href":"https:\/\/aeterrasave.net\/webmedia\/wp-json\/wp\/v2\/comments?post=18243"}],"version-history":[{"count":1,"href":"https:\/\/aeterrasave.net\/webmedia\/wp-json\/wp\/v2\/posts\/18243\/revisions"}],"predecessor-version":[{"id":18246,"href":"https:\/\/aeterrasave.net\/webmedia\/wp-json\/wp\/v2\/posts\/18243\/revisions\/18246"}],"wp:featuredmedia":[{"embeddable":true,"href":"https:\/\/aeterrasave.net\/webmedia\/wp-json\/wp\/v2\/media\/18244"}],"wp:attachment":[{"href":"https:\/\/aeterrasave.net\/webmedia\/wp-json\/wp\/v2\/media?parent=18243"}],"wp:term":[{"taxonomy":"category","embeddable":true,"href":"https:\/\/aeterrasave.net\/webmedia\/wp-json\/wp\/v2\/categories?post=18243"},{"taxonomy":"post_tag","embeddable":true,"href":"https:\/\/aeterrasave.net\/webmedia\/wp-json\/wp\/v2\/tags?post=18243"}],"curies":[{"name":"wp","href":"https:\/\/api.w.org\/{rel}","templated":true}]}}