{"id":18287,"date":"2025-01-23T20:57:16","date_gmt":"2025-01-23T19:57:16","guid":{"rendered":"https:\/\/aeterrasave.net\/webmedia\/?p=18287"},"modified":"2025-01-23T20:57:17","modified_gmt":"2025-01-23T19:57:17","slug":"dramatizacao-auto-da-barca-do-inferno","status":"publish","type":"post","link":"https:\/\/aeterrasave.net\/webmedia\/dramatizacao-auto-da-barca-do-inferno\/","title":{"rendered":"Dramatiza\u00e7\u00e3o: Auto da Barca do Inferno"},"content":{"rendered":"\n<p>No dia 23 de janeiro, as turmas de 9.\u00ba ano tiveram a oportunidade de assistir \u00e0 dramatiza\u00e7\u00e3o <em>Auto da Barca do Inferno, <\/em>uma produ\u00e7\u00e3o de<em> AGON e Momento \u2013 <\/em>Artistas Independentes, na Casa das Artes de Famalic\u00e3o.<\/p>\n\n\n\n<p>Segundo a produtora, \u201cNesta famosa alegoria de Gil Vicente vemos aqui julgadas v\u00e1rias almas. Almas que seguiram caminhos distintos na Terra e que chegaram a um ponto de n\u00e3o retorno. Qual ser\u00e1 o fim destes seres? Ser\u00e1 a pura Barca da Gl\u00f3ria guardada pelo Anjo o ve\u00edculo que os levar\u00e1 ao grandioso fim? Ou ser\u00e1 a suja e espa\u00e7osa Barca do Inferno guardada pelo sarc\u00e1stico Diabo? Na obra destacam-se n\u00e3o s\u00f3 os percursos e a\u00e7\u00f5es de cada &#8220;figura-tipo&#8221;, mas tamb\u00e9m a identifica\u00e7\u00e3o e a intemporalidade, recorrendo \u00e0 dramatiza\u00e7\u00e3o, \u00e0 tecnologia e \u00e0 m\u00fasica como estrat\u00e9gias de aproxima\u00e7\u00e3o desta obra datada ao p\u00fablico escolar jovem. Num mundo em que cada vez mais cada a\u00e7\u00e3o do Homem \u00e9 julgada por tudo e todos, o <em>Auto da Barca do Inferno<\/em> n\u00e3o fica indiferente \u00e0 evolu\u00e7\u00e3o dos tempos, justificando o porqu\u00ea de ser uma obra ainda muito analisada no percurso escolar dos jovens.\u201d<\/p>\n\n\n\n<p>A pe\u00e7a come\u00e7ou \u00e0s 10h:30m e teve a dura\u00e7\u00e3o de cerca de 60 minutos. Foram 60 minutos intensos, com muitas gargalhadas \u00e0 mistura. O elenco constitu\u00eddo apenas por quatro atores, encenados por Filipe Gouveia, proporcionou-nos, de forma brilhante, um momento l\u00fadico e did\u00e1tico.&nbsp;&nbsp;&nbsp;&nbsp;&nbsp;&nbsp;&nbsp;&nbsp;&nbsp;&nbsp;&nbsp;&nbsp;&nbsp;<\/p>\n\n\n\n<p>No final da pe\u00e7a, os alunos mostraram-se muito contentes e tiveram a oportunidade de fazer algumas quest\u00f5es aos atores, produtores e encenador.<\/p>\n\n\n\n<p>Equipa Educativa de 9.\u00ba ano<\/p>\n\n\n\n<figure class=\"wp-block-gallery has-nested-images columns-default is-cropped wp-block-gallery-1 is-layout-flex wp-block-gallery-is-layout-flex\">\n<figure class=\"wp-block-image size-large\"><img loading=\"lazy\" decoding=\"async\" width=\"837\" height=\"628\" data-id=\"18289\" src=\"https:\/\/aeterrasave.net\/webmedia\/wp-content\/uploads\/2025\/01\/fotoauto1-837x628.jpg\" alt=\"\" class=\"wp-image-18289\" srcset=\"https:\/\/aeterrasave.net\/webmedia\/wp-content\/uploads\/2025\/01\/fotoauto1-837x628.jpg 837w, https:\/\/aeterrasave.net\/webmedia\/wp-content\/uploads\/2025\/01\/fotoauto1-768x576.jpg 768w, https:\/\/aeterrasave.net\/webmedia\/wp-content\/uploads\/2025\/01\/fotoauto1-560x420.jpg 560w, https:\/\/aeterrasave.net\/webmedia\/wp-content\/uploads\/2025\/01\/fotoauto1.jpg 2016w\" sizes=\"auto, (max-width: 837px) 100vw, 837px\" \/><\/figure>\n\n\n\n<figure class=\"wp-block-image size-large\"><img loading=\"lazy\" decoding=\"async\" width=\"837\" height=\"628\" data-id=\"18291\" src=\"https:\/\/aeterrasave.net\/webmedia\/wp-content\/uploads\/2025\/01\/fotoauto2-837x628.jpg\" alt=\"\" class=\"wp-image-18291\" srcset=\"https:\/\/aeterrasave.net\/webmedia\/wp-content\/uploads\/2025\/01\/fotoauto2-837x628.jpg 837w, https:\/\/aeterrasave.net\/webmedia\/wp-content\/uploads\/2025\/01\/fotoauto2-768x576.jpg 768w, https:\/\/aeterrasave.net\/webmedia\/wp-content\/uploads\/2025\/01\/fotoauto2-560x420.jpg 560w, https:\/\/aeterrasave.net\/webmedia\/wp-content\/uploads\/2025\/01\/fotoauto2.jpg 2016w\" sizes=\"auto, (max-width: 837px) 100vw, 837px\" \/><\/figure>\n\n\n\n<figure class=\"wp-block-image size-large\"><img loading=\"lazy\" decoding=\"async\" width=\"837\" height=\"628\" data-id=\"18290\" src=\"https:\/\/aeterrasave.net\/webmedia\/wp-content\/uploads\/2025\/01\/fotoauto3-837x628.jpg\" alt=\"\" class=\"wp-image-18290\" srcset=\"https:\/\/aeterrasave.net\/webmedia\/wp-content\/uploads\/2025\/01\/fotoauto3-837x628.jpg 837w, https:\/\/aeterrasave.net\/webmedia\/wp-content\/uploads\/2025\/01\/fotoauto3-768x576.jpg 768w, https:\/\/aeterrasave.net\/webmedia\/wp-content\/uploads\/2025\/01\/fotoauto3-560x420.jpg 560w, https:\/\/aeterrasave.net\/webmedia\/wp-content\/uploads\/2025\/01\/fotoauto3.jpg 2016w\" sizes=\"auto, (max-width: 837px) 100vw, 837px\" \/><\/figure>\n<\/figure>\n","protected":false},"excerpt":{"rendered":"<p>No dia 23 de janeiro, as turmas de 9.\u00ba ano tiveram a oportunidade de assistir \u00e0 dramatiza\u00e7\u00e3o Auto da Barca do Inferno, uma produ\u00e7\u00e3o de AGON e Momento \u2013 Artistas Independentes, na Casa das Artes de Famalic\u00e3o. Segundo a produtora, \u201cNesta famosa alegoria de Gil Vicente vemos aqui julgadas v\u00e1rias almas. Almas que seguiram caminhos [&hellip;]<\/p>\n","protected":false},"author":43,"featured_media":18288,"comment_status":"closed","ping_status":"closed","sticky":false,"template":"","format":"standard","meta":{"_eb_attr":"","footnotes":""},"categories":[3],"tags":[],"class_list":["post-18287","post","type-post","status-publish","format-standard","has-post-thumbnail","hentry","category-noticias"],"blog_post_layout_featured_media_urls":{"thumbnail":["https:\/\/aeterrasave.net\/webmedia\/wp-content\/uploads\/2025\/01\/fotoauto4-150x150.jpg",150,150,true],"full":["https:\/\/aeterrasave.net\/webmedia\/wp-content\/uploads\/2025\/01\/fotoauto4.jpg",2016,1512,false]},"categories_names":{"3":{"name":"Not\u00edcias","link":"https:\/\/aeterrasave.net\/webmedia\/category\/noticias\/"}},"tags_names":[],"comments_number":0,"wpmagazine_modules_lite_featured_media_urls":{"thumbnail":["https:\/\/aeterrasave.net\/webmedia\/wp-content\/uploads\/2025\/01\/fotoauto4-150x150.jpg",150,150,true],"cvmm-medium":["https:\/\/aeterrasave.net\/webmedia\/wp-content\/uploads\/2025\/01\/fotoauto4.jpg",300,225,false],"cvmm-medium-plus":["https:\/\/aeterrasave.net\/webmedia\/wp-content\/uploads\/2025\/01\/fotoauto4.jpg",276,207,false],"cvmm-portrait":["https:\/\/aeterrasave.net\/webmedia\/wp-content\/uploads\/2025\/01\/fotoauto4.jpg",400,300,false],"cvmm-medium-square":["https:\/\/aeterrasave.net\/webmedia\/wp-content\/uploads\/2025\/01\/fotoauto4.jpg",600,450,false],"cvmm-large":["https:\/\/aeterrasave.net\/webmedia\/wp-content\/uploads\/2025\/01\/fotoauto4.jpg",1024,768,false],"cvmm-small":["https:\/\/aeterrasave.net\/webmedia\/wp-content\/uploads\/2025\/01\/fotoauto4.jpg",127,95,false],"full":["https:\/\/aeterrasave.net\/webmedia\/wp-content\/uploads\/2025\/01\/fotoauto4.jpg",2016,1512,false]},"_links":{"self":[{"href":"https:\/\/aeterrasave.net\/webmedia\/wp-json\/wp\/v2\/posts\/18287","targetHints":{"allow":["GET"]}}],"collection":[{"href":"https:\/\/aeterrasave.net\/webmedia\/wp-json\/wp\/v2\/posts"}],"about":[{"href":"https:\/\/aeterrasave.net\/webmedia\/wp-json\/wp\/v2\/types\/post"}],"author":[{"embeddable":true,"href":"https:\/\/aeterrasave.net\/webmedia\/wp-json\/wp\/v2\/users\/43"}],"replies":[{"embeddable":true,"href":"https:\/\/aeterrasave.net\/webmedia\/wp-json\/wp\/v2\/comments?post=18287"}],"version-history":[{"count":1,"href":"https:\/\/aeterrasave.net\/webmedia\/wp-json\/wp\/v2\/posts\/18287\/revisions"}],"predecessor-version":[{"id":18292,"href":"https:\/\/aeterrasave.net\/webmedia\/wp-json\/wp\/v2\/posts\/18287\/revisions\/18292"}],"wp:featuredmedia":[{"embeddable":true,"href":"https:\/\/aeterrasave.net\/webmedia\/wp-json\/wp\/v2\/media\/18288"}],"wp:attachment":[{"href":"https:\/\/aeterrasave.net\/webmedia\/wp-json\/wp\/v2\/media?parent=18287"}],"wp:term":[{"taxonomy":"category","embeddable":true,"href":"https:\/\/aeterrasave.net\/webmedia\/wp-json\/wp\/v2\/categories?post=18287"},{"taxonomy":"post_tag","embeddable":true,"href":"https:\/\/aeterrasave.net\/webmedia\/wp-json\/wp\/v2\/tags?post=18287"}],"curies":[{"name":"wp","href":"https:\/\/api.w.org\/{rel}","templated":true}]}}