{"id":18475,"date":"2025-02-14T17:41:50","date_gmt":"2025-02-14T16:41:50","guid":{"rendered":"https:\/\/aeterrasave.net\/webmedia\/?p=18475"},"modified":"2025-02-14T17:41:50","modified_gmt":"2025-02-14T16:41:50","slug":"dia-de-s-valentim-alunos-levam-afeto-e-alegria-aos-idosos-do-centro-de-dia-atividade-intergeracional","status":"publish","type":"post","link":"https:\/\/aeterrasave.net\/webmedia\/dia-de-s-valentim-alunos-levam-afeto-e-alegria-aos-idosos-do-centro-de-dia-atividade-intergeracional\/","title":{"rendered":"Dia de S. Valentim: Alunos Levam Afeto e Alegria aos Idosos do Centro de Dia &#8211; atividade intergeracional"},"content":{"rendered":"\n<p>Hoje, Dia de S. Valentim, alunos do Clube de Media\u00e7\u00e3o e do Programa de Promo\u00e7\u00e3o de Compet\u00eancias Pessoais e Sociais, do Agrupamento de Escolas Terras do Ave, proporcionou um momento especial aos idosos do Centro de Dia do Centro Social de Castel\u00f5es &#8211; P\u00f3lo de Pedome.&nbsp; A iniciativa teve como objetivo promover a partilha intergeracional e levar alegria aos idosos, refor\u00e7ando os la\u00e7os entre diferentes gera\u00e7\u00f5es.<\/p>\n\n\n\n<p>Durante a visita, os alunos conversaram com cada utente e&nbsp;dinamizaram uma atividade de estimula\u00e7\u00e3o motora, criando um ambiente de proximidade e afeto.&nbsp;<\/p>\n\n\n\n<p>Como parte da comemora\u00e7\u00e3o do Dia dos Afetos, os alunos tamb\u00e9m prepararam um bolo especial, que levaram como um miminho para partilhar com os idosos. O gesto foi muito apreciado e tornou o momento ainda mais doce e memor\u00e1vel.<\/p>\n\n\n\n<p>Os idosos receberam os nossos jovens como j\u00e1 \u00e9 h\u00e1bito: com sorrisos e entusiasmo, partilhando hist\u00f3rias de vida e demonstrando grande satisfa\u00e7\u00e3o com a visita. &#8220;Foi um momento maravilhoso. Gosto muito de estar com os jovens, venham sempre que puderem&#8221;, comentou um dos utentes do Centro de Dia. Outros, fizeram quest\u00e3o de lembrar que ainda t\u00eam a dezena que receberam no ano letivo passado, e o enfeite de Natal que receberam na \u00faltima visita, realizada em Dezembro.&nbsp;<\/p>\n\n\n\n<p>A visita terminou com um lanche partilhado entre todos, proporcionado&nbsp;pela equipa do Centro Social e a quem temos que agradecer toda a abertura e confian\u00e7a demonstrada ao longo destes anos de&nbsp; proximidade.&nbsp;<\/p>\n\n\n\n<p>Tanto os alunos quanto os idosos expressaram o desejo de repetir a experi\u00eancia no futuro, fortalecendo ainda mais os la\u00e7os entre a comunidade escolar e a comunidade envolvente.&nbsp;<\/p>\n\n\n\n<figure class=\"wp-block-gallery has-nested-images columns-default is-cropped wp-block-gallery-1 is-layout-flex wp-block-gallery-is-layout-flex\">\n<figure class=\"wp-block-image size-large\"><img loading=\"lazy\" decoding=\"async\" width=\"837\" height=\"628\" data-id=\"18480\" src=\"https:\/\/aeterrasave.net\/webmedia\/wp-content\/uploads\/2025\/02\/Imagem-WhatsApp-2025-02-14-as-16.40.23_470d5e68-837x628.jpg\" alt=\"\" class=\"wp-image-18480\" srcset=\"https:\/\/aeterrasave.net\/webmedia\/wp-content\/uploads\/2025\/02\/Imagem-WhatsApp-2025-02-14-as-16.40.23_470d5e68-837x628.jpg 837w, https:\/\/aeterrasave.net\/webmedia\/wp-content\/uploads\/2025\/02\/Imagem-WhatsApp-2025-02-14-as-16.40.23_470d5e68-768x576.jpg 768w, https:\/\/aeterrasave.net\/webmedia\/wp-content\/uploads\/2025\/02\/Imagem-WhatsApp-2025-02-14-as-16.40.23_470d5e68-560x420.jpg 560w, https:\/\/aeterrasave.net\/webmedia\/wp-content\/uploads\/2025\/02\/Imagem-WhatsApp-2025-02-14-as-16.40.23_470d5e68.jpg 1600w\" sizes=\"auto, (max-width: 837px) 100vw, 837px\" \/><\/figure>\n\n\n\n<figure class=\"wp-block-image size-large\"><img loading=\"lazy\" decoding=\"async\" width=\"837\" height=\"628\" data-id=\"18477\" src=\"https:\/\/aeterrasave.net\/webmedia\/wp-content\/uploads\/2025\/02\/Imagem-WhatsApp-2025-02-14-as-16.40.21_e69342b8-837x628.jpg\" alt=\"\" class=\"wp-image-18477\" srcset=\"https:\/\/aeterrasave.net\/webmedia\/wp-content\/uploads\/2025\/02\/Imagem-WhatsApp-2025-02-14-as-16.40.21_e69342b8-837x628.jpg 837w, https:\/\/aeterrasave.net\/webmedia\/wp-content\/uploads\/2025\/02\/Imagem-WhatsApp-2025-02-14-as-16.40.21_e69342b8-768x576.jpg 768w, https:\/\/aeterrasave.net\/webmedia\/wp-content\/uploads\/2025\/02\/Imagem-WhatsApp-2025-02-14-as-16.40.21_e69342b8-560x420.jpg 560w, https:\/\/aeterrasave.net\/webmedia\/wp-content\/uploads\/2025\/02\/Imagem-WhatsApp-2025-02-14-as-16.40.21_e69342b8.jpg 1600w\" sizes=\"auto, (max-width: 837px) 100vw, 837px\" \/><\/figure>\n\n\n\n<figure class=\"wp-block-image size-large\"><img loading=\"lazy\" decoding=\"async\" width=\"837\" height=\"628\" data-id=\"18479\" src=\"https:\/\/aeterrasave.net\/webmedia\/wp-content\/uploads\/2025\/02\/destaque_12_02-1-837x628.jpg\" alt=\"\" class=\"wp-image-18479\" srcset=\"https:\/\/aeterrasave.net\/webmedia\/wp-content\/uploads\/2025\/02\/destaque_12_02-1-837x628.jpg 837w, https:\/\/aeterrasave.net\/webmedia\/wp-content\/uploads\/2025\/02\/destaque_12_02-1-768x576.jpg 768w, https:\/\/aeterrasave.net\/webmedia\/wp-content\/uploads\/2025\/02\/destaque_12_02-1-560x420.jpg 560w, https:\/\/aeterrasave.net\/webmedia\/wp-content\/uploads\/2025\/02\/destaque_12_02-1.jpg 1600w\" sizes=\"auto, (max-width: 837px) 100vw, 837px\" \/><\/figure>\n\n\n\n<figure class=\"wp-block-image size-large\"><img loading=\"lazy\" decoding=\"async\" width=\"837\" height=\"628\" data-id=\"18478\" src=\"https:\/\/aeterrasave.net\/webmedia\/wp-content\/uploads\/2025\/02\/Imagem-WhatsApp-2025-02-14-as-16.40.18_d904c521-837x628.jpg\" alt=\"\" class=\"wp-image-18478\" srcset=\"https:\/\/aeterrasave.net\/webmedia\/wp-content\/uploads\/2025\/02\/Imagem-WhatsApp-2025-02-14-as-16.40.18_d904c521-837x628.jpg 837w, https:\/\/aeterrasave.net\/webmedia\/wp-content\/uploads\/2025\/02\/Imagem-WhatsApp-2025-02-14-as-16.40.18_d904c521-768x576.jpg 768w, https:\/\/aeterrasave.net\/webmedia\/wp-content\/uploads\/2025\/02\/Imagem-WhatsApp-2025-02-14-as-16.40.18_d904c521-560x420.jpg 560w, https:\/\/aeterrasave.net\/webmedia\/wp-content\/uploads\/2025\/02\/Imagem-WhatsApp-2025-02-14-as-16.40.18_d904c521.jpg 1600w\" sizes=\"auto, (max-width: 837px) 100vw, 837px\" \/><\/figure>\n<\/figure>\n","protected":false},"excerpt":{"rendered":"<p>Hoje, Dia de S. Valentim, alunos do Clube de Media\u00e7\u00e3o e do Programa de Promo\u00e7\u00e3o de Compet\u00eancias Pessoais e Sociais, do Agrupamento de Escolas Terras do Ave, proporcionou um momento especial aos idosos do Centro de Dia do Centro Social de Castel\u00f5es &#8211; P\u00f3lo de Pedome.&nbsp; A iniciativa teve como objetivo promover a partilha intergeracional [&hellip;]<\/p>\n","protected":false},"author":15,"featured_media":18476,"comment_status":"closed","ping_status":"closed","sticky":false,"template":"","format":"standard","meta":{"_eb_attr":"","footnotes":""},"categories":[3],"tags":[],"class_list":["post-18475","post","type-post","status-publish","format-standard","has-post-thumbnail","hentry","category-noticias"],"blog_post_layout_featured_media_urls":{"thumbnail":["https:\/\/aeterrasave.net\/webmedia\/wp-content\/uploads\/2025\/02\/destaque_12_02-150x150.jpg",150,150,true],"full":["https:\/\/aeterrasave.net\/webmedia\/wp-content\/uploads\/2025\/02\/destaque_12_02.jpg",1600,1200,false]},"categories_names":{"3":{"name":"Not\u00edcias","link":"https:\/\/aeterrasave.net\/webmedia\/category\/noticias\/"}},"tags_names":[],"comments_number":0,"wpmagazine_modules_lite_featured_media_urls":{"thumbnail":["https:\/\/aeterrasave.net\/webmedia\/wp-content\/uploads\/2025\/02\/destaque_12_02-150x150.jpg",150,150,true],"cvmm-medium":["https:\/\/aeterrasave.net\/webmedia\/wp-content\/uploads\/2025\/02\/destaque_12_02.jpg",300,225,false],"cvmm-medium-plus":["https:\/\/aeterrasave.net\/webmedia\/wp-content\/uploads\/2025\/02\/destaque_12_02.jpg",276,207,false],"cvmm-portrait":["https:\/\/aeterrasave.net\/webmedia\/wp-content\/uploads\/2025\/02\/destaque_12_02.jpg",400,300,false],"cvmm-medium-square":["https:\/\/aeterrasave.net\/webmedia\/wp-content\/uploads\/2025\/02\/destaque_12_02.jpg",600,450,false],"cvmm-large":["https:\/\/aeterrasave.net\/webmedia\/wp-content\/uploads\/2025\/02\/destaque_12_02.jpg",1024,768,false],"cvmm-small":["https:\/\/aeterrasave.net\/webmedia\/wp-content\/uploads\/2025\/02\/destaque_12_02.jpg",127,95,false],"full":["https:\/\/aeterrasave.net\/webmedia\/wp-content\/uploads\/2025\/02\/destaque_12_02.jpg",1600,1200,false]},"_links":{"self":[{"href":"https:\/\/aeterrasave.net\/webmedia\/wp-json\/wp\/v2\/posts\/18475","targetHints":{"allow":["GET"]}}],"collection":[{"href":"https:\/\/aeterrasave.net\/webmedia\/wp-json\/wp\/v2\/posts"}],"about":[{"href":"https:\/\/aeterrasave.net\/webmedia\/wp-json\/wp\/v2\/types\/post"}],"author":[{"embeddable":true,"href":"https:\/\/aeterrasave.net\/webmedia\/wp-json\/wp\/v2\/users\/15"}],"replies":[{"embeddable":true,"href":"https:\/\/aeterrasave.net\/webmedia\/wp-json\/wp\/v2\/comments?post=18475"}],"version-history":[{"count":1,"href":"https:\/\/aeterrasave.net\/webmedia\/wp-json\/wp\/v2\/posts\/18475\/revisions"}],"predecessor-version":[{"id":18481,"href":"https:\/\/aeterrasave.net\/webmedia\/wp-json\/wp\/v2\/posts\/18475\/revisions\/18481"}],"wp:featuredmedia":[{"embeddable":true,"href":"https:\/\/aeterrasave.net\/webmedia\/wp-json\/wp\/v2\/media\/18476"}],"wp:attachment":[{"href":"https:\/\/aeterrasave.net\/webmedia\/wp-json\/wp\/v2\/media?parent=18475"}],"wp:term":[{"taxonomy":"category","embeddable":true,"href":"https:\/\/aeterrasave.net\/webmedia\/wp-json\/wp\/v2\/categories?post=18475"},{"taxonomy":"post_tag","embeddable":true,"href":"https:\/\/aeterrasave.net\/webmedia\/wp-json\/wp\/v2\/tags?post=18475"}],"curies":[{"name":"wp","href":"https:\/\/api.w.org\/{rel}","templated":true}]}}