{"id":18865,"date":"2025-03-18T21:19:32","date_gmt":"2025-03-18T20:19:32","guid":{"rendered":"https:\/\/aeterrasave.net\/webmedia\/?p=18865"},"modified":"2025-03-18T21:19:33","modified_gmt":"2025-03-18T20:19:33","slug":"estudantes-do-8-o-ano-visitam-a-expoqualifica","status":"publish","type":"post","link":"https:\/\/aeterrasave.net\/webmedia\/estudantes-do-8-o-ano-visitam-a-expoqualifica\/","title":{"rendered":"Estudantes do 8.\u00ba Ano Visitam a EXPOQUALIFICA"},"content":{"rendered":"\n<p>No \u00e2mbito do projeto de interven\u00e7\u00e3o de carreira <strong>&#8220;Eu Perten\u00e7o ao Meu Futuro&#8221;<\/strong>, os alunos do 8.\u00ba ano do <strong>Agrupamento de Escolas Terras do Ave<\/strong> tiveram a oportunidade de visitar a <strong>EXPOQUALIFICA<\/strong>, um evento dedicado \u00e0 orienta\u00e7\u00e3o vocacional e \u00e0s oportunidades de forma\u00e7\u00e3o.<\/p>\n\n\n\n<p>Durante a visita, os estudantes exploraram com entusiasmo as diversas \u00e1reas de ensino, conhecendo <strong>cursos, escolas e universidades<\/strong> de todo o pa\u00eds. O contacto direto com alunos mais velhos, docentes e profissionais foi uma experi\u00eancia valiosa, permitindo-lhes esclarecer d\u00favidas, recolher informa\u00e7\u00f5es e refletir sobre o seu futuro acad\u00e9mico e profissional.<\/p>\n\n\n\n<p>Agradecemos a todos os <strong>docentes e t\u00e9cnicos<\/strong> que acompanharam e orientaram os alunos nesta experi\u00eancia enriquecedora!<\/p>\n\n\n\n<figure class=\"wp-block-gallery has-nested-images columns-default is-cropped wp-block-gallery-1 is-layout-flex wp-block-gallery-is-layout-flex\">\n<figure class=\"wp-block-image size-large\"><img loading=\"lazy\" decoding=\"async\" width=\"471\" height=\"628\" data-id=\"18868\" src=\"https:\/\/aeterrasave.net\/webmedia\/wp-content\/uploads\/2025\/03\/20250313_153803-471x628.jpg\" alt=\"\" class=\"wp-image-18868\" srcset=\"https:\/\/aeterrasave.net\/webmedia\/wp-content\/uploads\/2025\/03\/20250313_153803-471x628.jpg 471w, https:\/\/aeterrasave.net\/webmedia\/wp-content\/uploads\/2025\/03\/20250313_153803-768x1024.jpg 768w, https:\/\/aeterrasave.net\/webmedia\/wp-content\/uploads\/2025\/03\/20250313_153803-560x747.jpg 560w, https:\/\/aeterrasave.net\/webmedia\/wp-content\/uploads\/2025\/03\/20250313_153803-scaled.jpg 1920w\" sizes=\"auto, (max-width: 471px) 100vw, 471px\" \/><\/figure>\n\n\n\n<figure class=\"wp-block-image size-large\"><img loading=\"lazy\" decoding=\"async\" width=\"471\" height=\"628\" data-id=\"18870\" src=\"https:\/\/aeterrasave.net\/webmedia\/wp-content\/uploads\/2025\/03\/20250313_152649-471x628.jpg\" alt=\"\" class=\"wp-image-18870\" srcset=\"https:\/\/aeterrasave.net\/webmedia\/wp-content\/uploads\/2025\/03\/20250313_152649-471x628.jpg 471w, https:\/\/aeterrasave.net\/webmedia\/wp-content\/uploads\/2025\/03\/20250313_152649-768x1024.jpg 768w, https:\/\/aeterrasave.net\/webmedia\/wp-content\/uploads\/2025\/03\/20250313_152649-560x747.jpg 560w, https:\/\/aeterrasave.net\/webmedia\/wp-content\/uploads\/2025\/03\/20250313_152649-scaled.jpg 1920w\" sizes=\"auto, (max-width: 471px) 100vw, 471px\" \/><\/figure>\n\n\n\n<figure class=\"wp-block-image size-large\"><img loading=\"lazy\" decoding=\"async\" width=\"471\" height=\"628\" data-id=\"18867\" src=\"https:\/\/aeterrasave.net\/webmedia\/wp-content\/uploads\/2025\/03\/20250313_150529-1-471x628.jpg\" alt=\"\" class=\"wp-image-18867\" srcset=\"https:\/\/aeterrasave.net\/webmedia\/wp-content\/uploads\/2025\/03\/20250313_150529-1-471x628.jpg 471w, https:\/\/aeterrasave.net\/webmedia\/wp-content\/uploads\/2025\/03\/20250313_150529-1-768x1024.jpg 768w, https:\/\/aeterrasave.net\/webmedia\/wp-content\/uploads\/2025\/03\/20250313_150529-1-560x747.jpg 560w, https:\/\/aeterrasave.net\/webmedia\/wp-content\/uploads\/2025\/03\/20250313_150529-1-scaled.jpg 1920w\" sizes=\"auto, (max-width: 471px) 100vw, 471px\" \/><\/figure>\n\n\n\n<figure class=\"wp-block-image size-large\"><img loading=\"lazy\" decoding=\"async\" width=\"471\" height=\"628\" data-id=\"18869\" src=\"https:\/\/aeterrasave.net\/webmedia\/wp-content\/uploads\/2025\/03\/20250313_152153-471x628.jpg\" alt=\"\" class=\"wp-image-18869\" srcset=\"https:\/\/aeterrasave.net\/webmedia\/wp-content\/uploads\/2025\/03\/20250313_152153-471x628.jpg 471w, https:\/\/aeterrasave.net\/webmedia\/wp-content\/uploads\/2025\/03\/20250313_152153-768x1024.jpg 768w, https:\/\/aeterrasave.net\/webmedia\/wp-content\/uploads\/2025\/03\/20250313_152153-560x747.jpg 560w, https:\/\/aeterrasave.net\/webmedia\/wp-content\/uploads\/2025\/03\/20250313_152153-scaled.jpg 1920w\" sizes=\"auto, (max-width: 471px) 100vw, 471px\" \/><\/figure>\n<\/figure>\n","protected":false},"excerpt":{"rendered":"<p>No \u00e2mbito do projeto de interven\u00e7\u00e3o de carreira &#8220;Eu Perten\u00e7o ao Meu Futuro&#8221;, os alunos do 8.\u00ba ano do Agrupamento de Escolas Terras do Ave tiveram a oportunidade de visitar a EXPOQUALIFICA, um evento dedicado \u00e0 orienta\u00e7\u00e3o vocacional e \u00e0s oportunidades de forma\u00e7\u00e3o. Durante a visita, os estudantes exploraram com entusiasmo as diversas \u00e1reas de [&hellip;]<\/p>\n","protected":false},"author":15,"featured_media":18866,"comment_status":"closed","ping_status":"closed","sticky":false,"template":"","format":"standard","meta":{"_eb_attr":"","footnotes":""},"categories":[3],"tags":[],"class_list":["post-18865","post","type-post","status-publish","format-standard","has-post-thumbnail","hentry","category-noticias"],"blog_post_layout_featured_media_urls":{"thumbnail":["https:\/\/aeterrasave.net\/webmedia\/wp-content\/uploads\/2025\/03\/20250313_150529-150x150.jpg",150,150,true],"full":["https:\/\/aeterrasave.net\/webmedia\/wp-content\/uploads\/2025\/03\/20250313_150529-scaled.jpg",1920,2560,false]},"categories_names":{"3":{"name":"Not\u00edcias","link":"https:\/\/aeterrasave.net\/webmedia\/category\/noticias\/"}},"tags_names":[],"comments_number":0,"wpmagazine_modules_lite_featured_media_urls":{"thumbnail":["https:\/\/aeterrasave.net\/webmedia\/wp-content\/uploads\/2025\/03\/20250313_150529-150x150.jpg",150,150,true],"cvmm-medium":["https:\/\/aeterrasave.net\/webmedia\/wp-content\/uploads\/2025\/03\/20250313_150529-scaled.jpg",225,300,false],"cvmm-medium-plus":["https:\/\/aeterrasave.net\/webmedia\/wp-content\/uploads\/2025\/03\/20250313_150529-scaled.jpg",155,207,false],"cvmm-portrait":["https:\/\/aeterrasave.net\/webmedia\/wp-content\/uploads\/2025\/03\/20250313_150529-scaled.jpg",400,533,false],"cvmm-medium-square":["https:\/\/aeterrasave.net\/webmedia\/wp-content\/uploads\/2025\/03\/20250313_150529-scaled.jpg",450,600,false],"cvmm-large":["https:\/\/aeterrasave.net\/webmedia\/wp-content\/uploads\/2025\/03\/20250313_150529-scaled.jpg",768,1024,false],"cvmm-small":["https:\/\/aeterrasave.net\/webmedia\/wp-content\/uploads\/2025\/03\/20250313_150529-scaled.jpg",71,95,false],"full":["https:\/\/aeterrasave.net\/webmedia\/wp-content\/uploads\/2025\/03\/20250313_150529-scaled.jpg",1920,2560,false]},"_links":{"self":[{"href":"https:\/\/aeterrasave.net\/webmedia\/wp-json\/wp\/v2\/posts\/18865","targetHints":{"allow":["GET"]}}],"collection":[{"href":"https:\/\/aeterrasave.net\/webmedia\/wp-json\/wp\/v2\/posts"}],"about":[{"href":"https:\/\/aeterrasave.net\/webmedia\/wp-json\/wp\/v2\/types\/post"}],"author":[{"embeddable":true,"href":"https:\/\/aeterrasave.net\/webmedia\/wp-json\/wp\/v2\/users\/15"}],"replies":[{"embeddable":true,"href":"https:\/\/aeterrasave.net\/webmedia\/wp-json\/wp\/v2\/comments?post=18865"}],"version-history":[{"count":1,"href":"https:\/\/aeterrasave.net\/webmedia\/wp-json\/wp\/v2\/posts\/18865\/revisions"}],"predecessor-version":[{"id":18871,"href":"https:\/\/aeterrasave.net\/webmedia\/wp-json\/wp\/v2\/posts\/18865\/revisions\/18871"}],"wp:featuredmedia":[{"embeddable":true,"href":"https:\/\/aeterrasave.net\/webmedia\/wp-json\/wp\/v2\/media\/18866"}],"wp:attachment":[{"href":"https:\/\/aeterrasave.net\/webmedia\/wp-json\/wp\/v2\/media?parent=18865"}],"wp:term":[{"taxonomy":"category","embeddable":true,"href":"https:\/\/aeterrasave.net\/webmedia\/wp-json\/wp\/v2\/categories?post=18865"},{"taxonomy":"post_tag","embeddable":true,"href":"https:\/\/aeterrasave.net\/webmedia\/wp-json\/wp\/v2\/tags?post=18865"}],"curies":[{"name":"wp","href":"https:\/\/api.w.org\/{rel}","templated":true}]}}