{"id":18872,"date":"2025-03-18T21:23:11","date_gmt":"2025-03-18T20:23:11","guid":{"rendered":"https:\/\/aeterrasave.net\/webmedia\/?p=18872"},"modified":"2025-03-18T21:23:11","modified_gmt":"2025-03-18T20:23:11","slug":"o-meu-filho-a-vai-para-o-ensino-secundario-e-a-minha-presenca-neste-processo-e-importante","status":"publish","type":"post","link":"https:\/\/aeterrasave.net\/webmedia\/o-meu-filho-a-vai-para-o-ensino-secundario-e-a-minha-presenca-neste-processo-e-importante\/","title":{"rendered":"O meu filho\/a vai para o ensino secund\u00e1rio e a minha presen\u00e7a neste processo \u00e9 importante!"},"content":{"rendered":"\n<p>No dia 13 de Mar\u00e7o decorreu a Talk de forma\u00e7\u00e3o profissional: Alavanca para a competitividade das empresas 2025 para todos os encarregados de educa\u00e7\u00e3o e docentes.<\/p>\n\n\n\n<p>Esta iniciativa foi organizada pelo Munic\u00edpio de Vila Nova de Famalic\u00e3o em articula\u00e7\u00e3o com o servi\u00e7o de psicologia e orienta\u00e7\u00e3o do Agrupamento. Os pais foram convidados a refletir sobre os desafios do ensino secund\u00e1rio, quais as compet\u00eancias e \u00e1reas mais procuradas pelas empresas.&nbsp;<\/p>\n\n\n\n<figure class=\"wp-block-gallery has-nested-images columns-default is-cropped wp-block-gallery-1 is-layout-flex wp-block-gallery-is-layout-flex\">\n<figure class=\"wp-block-image size-large\"><img loading=\"lazy\" decoding=\"async\" width=\"471\" height=\"628\" data-id=\"18874\" src=\"https:\/\/aeterrasave.net\/webmedia\/wp-content\/uploads\/2025\/03\/20250313_190846-1-471x628.jpg\" alt=\"\" class=\"wp-image-18874\" srcset=\"https:\/\/aeterrasave.net\/webmedia\/wp-content\/uploads\/2025\/03\/20250313_190846-1-471x628.jpg 471w, https:\/\/aeterrasave.net\/webmedia\/wp-content\/uploads\/2025\/03\/20250313_190846-1-768x1024.jpg 768w, https:\/\/aeterrasave.net\/webmedia\/wp-content\/uploads\/2025\/03\/20250313_190846-1-560x747.jpg 560w, https:\/\/aeterrasave.net\/webmedia\/wp-content\/uploads\/2025\/03\/20250313_190846-1-scaled.jpg 1920w\" sizes=\"auto, (max-width: 471px) 100vw, 471px\" \/><\/figure>\n\n\n\n<figure class=\"wp-block-image size-large\"><img loading=\"lazy\" decoding=\"async\" width=\"471\" height=\"628\" data-id=\"18875\" src=\"https:\/\/aeterrasave.net\/webmedia\/wp-content\/uploads\/2025\/03\/20250313_184356-1-471x628.jpg\" alt=\"\" class=\"wp-image-18875\" srcset=\"https:\/\/aeterrasave.net\/webmedia\/wp-content\/uploads\/2025\/03\/20250313_184356-1-471x628.jpg 471w, https:\/\/aeterrasave.net\/webmedia\/wp-content\/uploads\/2025\/03\/20250313_184356-1-768x1024.jpg 768w, https:\/\/aeterrasave.net\/webmedia\/wp-content\/uploads\/2025\/03\/20250313_184356-1-560x747.jpg 560w, https:\/\/aeterrasave.net\/webmedia\/wp-content\/uploads\/2025\/03\/20250313_184356-1-scaled.jpg 1920w\" sizes=\"auto, (max-width: 471px) 100vw, 471px\" \/><\/figure>\n<\/figure>\n","protected":false},"excerpt":{"rendered":"<p>No dia 13 de Mar\u00e7o decorreu a Talk de forma\u00e7\u00e3o profissional: Alavanca para a competitividade das empresas 2025 para todos os encarregados de educa\u00e7\u00e3o e docentes. Esta iniciativa foi organizada pelo Munic\u00edpio de Vila Nova de Famalic\u00e3o em articula\u00e7\u00e3o com o servi\u00e7o de psicologia e orienta\u00e7\u00e3o do Agrupamento. Os pais foram convidados a refletir sobre [&hellip;]<\/p>\n","protected":false},"author":15,"featured_media":18873,"comment_status":"closed","ping_status":"closed","sticky":false,"template":"","format":"standard","meta":{"_eb_attr":"","footnotes":""},"categories":[3],"tags":[],"class_list":["post-18872","post","type-post","status-publish","format-standard","has-post-thumbnail","hentry","category-noticias"],"blog_post_layout_featured_media_urls":{"thumbnail":["https:\/\/aeterrasave.net\/webmedia\/wp-content\/uploads\/2025\/03\/20250313_190846-150x150.jpg",150,150,true],"full":["https:\/\/aeterrasave.net\/webmedia\/wp-content\/uploads\/2025\/03\/20250313_190846-scaled.jpg",1920,2560,false]},"categories_names":{"3":{"name":"Not\u00edcias","link":"https:\/\/aeterrasave.net\/webmedia\/category\/noticias\/"}},"tags_names":[],"comments_number":0,"wpmagazine_modules_lite_featured_media_urls":{"thumbnail":["https:\/\/aeterrasave.net\/webmedia\/wp-content\/uploads\/2025\/03\/20250313_190846-150x150.jpg",150,150,true],"cvmm-medium":["https:\/\/aeterrasave.net\/webmedia\/wp-content\/uploads\/2025\/03\/20250313_190846-scaled.jpg",225,300,false],"cvmm-medium-plus":["https:\/\/aeterrasave.net\/webmedia\/wp-content\/uploads\/2025\/03\/20250313_190846-scaled.jpg",155,207,false],"cvmm-portrait":["https:\/\/aeterrasave.net\/webmedia\/wp-content\/uploads\/2025\/03\/20250313_190846-scaled.jpg",400,533,false],"cvmm-medium-square":["https:\/\/aeterrasave.net\/webmedia\/wp-content\/uploads\/2025\/03\/20250313_190846-scaled.jpg",450,600,false],"cvmm-large":["https:\/\/aeterrasave.net\/webmedia\/wp-content\/uploads\/2025\/03\/20250313_190846-scaled.jpg",768,1024,false],"cvmm-small":["https:\/\/aeterrasave.net\/webmedia\/wp-content\/uploads\/2025\/03\/20250313_190846-scaled.jpg",71,95,false],"full":["https:\/\/aeterrasave.net\/webmedia\/wp-content\/uploads\/2025\/03\/20250313_190846-scaled.jpg",1920,2560,false]},"_links":{"self":[{"href":"https:\/\/aeterrasave.net\/webmedia\/wp-json\/wp\/v2\/posts\/18872","targetHints":{"allow":["GET"]}}],"collection":[{"href":"https:\/\/aeterrasave.net\/webmedia\/wp-json\/wp\/v2\/posts"}],"about":[{"href":"https:\/\/aeterrasave.net\/webmedia\/wp-json\/wp\/v2\/types\/post"}],"author":[{"embeddable":true,"href":"https:\/\/aeterrasave.net\/webmedia\/wp-json\/wp\/v2\/users\/15"}],"replies":[{"embeddable":true,"href":"https:\/\/aeterrasave.net\/webmedia\/wp-json\/wp\/v2\/comments?post=18872"}],"version-history":[{"count":1,"href":"https:\/\/aeterrasave.net\/webmedia\/wp-json\/wp\/v2\/posts\/18872\/revisions"}],"predecessor-version":[{"id":18876,"href":"https:\/\/aeterrasave.net\/webmedia\/wp-json\/wp\/v2\/posts\/18872\/revisions\/18876"}],"wp:featuredmedia":[{"embeddable":true,"href":"https:\/\/aeterrasave.net\/webmedia\/wp-json\/wp\/v2\/media\/18873"}],"wp:attachment":[{"href":"https:\/\/aeterrasave.net\/webmedia\/wp-json\/wp\/v2\/media?parent=18872"}],"wp:term":[{"taxonomy":"category","embeddable":true,"href":"https:\/\/aeterrasave.net\/webmedia\/wp-json\/wp\/v2\/categories?post=18872"},{"taxonomy":"post_tag","embeddable":true,"href":"https:\/\/aeterrasave.net\/webmedia\/wp-json\/wp\/v2\/tags?post=18872"}],"curies":[{"name":"wp","href":"https:\/\/api.w.org\/{rel}","templated":true}]}}