{"id":18942,"date":"2025-03-27T14:56:48","date_gmt":"2025-03-27T13:56:48","guid":{"rendered":"https:\/\/aeterrasave.net\/webmedia\/?p=18942"},"modified":"2025-03-27T14:56:49","modified_gmt":"2025-03-27T13:56:49","slug":"desconecta-para-te-conectares-ix-encontro-de-pais","status":"publish","type":"post","link":"https:\/\/aeterrasave.net\/webmedia\/desconecta-para-te-conectares-ix-encontro-de-pais\/","title":{"rendered":"Desconecta para te Conectares\u00a0&#8211; IX Encontro de pais"},"content":{"rendered":"\n<p>Vivemos num mundo onde estamos sempre ligados, mas&nbsp;ser\u00e1 que estamos realmente conectados? O sono dos&nbsp;nossos filhos est\u00e1 a ser afetado? A ansiedade tem&nbsp;aumentado? E as redes socias\u2026estamos a us\u00e1-las ou a&nbsp;sermos usados por elas?<br>Convidamos todos os pais a juntarem-se a n\u00f3s para um&nbsp;momento de reflex\u00e3o e partilhar sobre como podemos&nbsp;equilibrar o digital com o bem-estar dos nossos alunos e fam\u00edlias.<\/p>\n\n\n\n<p><strong>O que vamos abordar?<\/strong><br>*A import\u00e2ncia do sono para o desenvolvimento e\u00a0aprendizagem.<br>*Como gerir a ansiedade em tempos de excesso\u00a0de est\u00edmulos.<br>*O impacto das redes socias na sa\u00fade emocional\u00a0das crian\u00e7as e adolescentes.<\/p>\n\n\n\n<p>05 de Abril<br>Escola B\u00e1sica&nbsp;Terras Do&nbsp;Ave<\/p>\n\n\n\n<p>Das 9h \u00e0s 12h<\/p>\n\n\n\n<p>Inscreva-se no QR Code&nbsp;dispon\u00edvel no cartaz<\/p>\n\n\n\n<figure class=\"wp-block-image size-full\"><img loading=\"lazy\" decoding=\"async\" width=\"394\" height=\"544\" src=\"https:\/\/aeterrasave.net\/webmedia\/wp-content\/uploads\/2025\/03\/desconecta.jpg\" alt=\"\" class=\"wp-image-18944\" \/><\/figure>\n","protected":false},"excerpt":{"rendered":"<p>Vivemos num mundo onde estamos sempre ligados, mas&nbsp;ser\u00e1 que estamos realmente conectados? O sono dos&nbsp;nossos filhos est\u00e1 a ser afetado? A ansiedade tem&nbsp;aumentado? E as redes socias\u2026estamos a us\u00e1-las ou a&nbsp;sermos usados por elas?Convidamos todos os pais a juntarem-se a n\u00f3s para um&nbsp;momento de reflex\u00e3o e partilhar sobre como podemos&nbsp;equilibrar o digital com o bem-estar [&hellip;]<\/p>\n","protected":false},"author":15,"featured_media":18945,"comment_status":"closed","ping_status":"closed","sticky":false,"template":"","format":"standard","meta":{"_eb_attr":"","footnotes":""},"categories":[3],"tags":[],"class_list":["post-18942","post","type-post","status-publish","format-standard","has-post-thumbnail","hentry","category-noticias"],"blog_post_layout_featured_media_urls":{"thumbnail":["https:\/\/aeterrasave.net\/webmedia\/wp-content\/uploads\/2025\/03\/destaque_encontro-150x150.jpg",150,150,true],"full":["https:\/\/aeterrasave.net\/webmedia\/wp-content\/uploads\/2025\/03\/destaque_encontro.jpg",394,150,false]},"categories_names":{"3":{"name":"Not\u00edcias","link":"https:\/\/aeterrasave.net\/webmedia\/category\/noticias\/"}},"tags_names":[],"comments_number":0,"wpmagazine_modules_lite_featured_media_urls":{"thumbnail":["https:\/\/aeterrasave.net\/webmedia\/wp-content\/uploads\/2025\/03\/destaque_encontro-150x150.jpg",150,150,true],"cvmm-medium":["https:\/\/aeterrasave.net\/webmedia\/wp-content\/uploads\/2025\/03\/destaque_encontro.jpg",300,114,false],"cvmm-medium-plus":["https:\/\/aeterrasave.net\/webmedia\/wp-content\/uploads\/2025\/03\/destaque_encontro.jpg",305,116,false],"cvmm-portrait":["https:\/\/aeterrasave.net\/webmedia\/wp-content\/uploads\/2025\/03\/destaque_encontro.jpg",394,150,false],"cvmm-medium-square":["https:\/\/aeterrasave.net\/webmedia\/wp-content\/uploads\/2025\/03\/destaque_encontro.jpg",394,150,false],"cvmm-large":["https:\/\/aeterrasave.net\/webmedia\/wp-content\/uploads\/2025\/03\/destaque_encontro.jpg",394,150,false],"cvmm-small":["https:\/\/aeterrasave.net\/webmedia\/wp-content\/uploads\/2025\/03\/destaque_encontro.jpg",130,49,false],"full":["https:\/\/aeterrasave.net\/webmedia\/wp-content\/uploads\/2025\/03\/destaque_encontro.jpg",394,150,false]},"_links":{"self":[{"href":"https:\/\/aeterrasave.net\/webmedia\/wp-json\/wp\/v2\/posts\/18942","targetHints":{"allow":["GET"]}}],"collection":[{"href":"https:\/\/aeterrasave.net\/webmedia\/wp-json\/wp\/v2\/posts"}],"about":[{"href":"https:\/\/aeterrasave.net\/webmedia\/wp-json\/wp\/v2\/types\/post"}],"author":[{"embeddable":true,"href":"https:\/\/aeterrasave.net\/webmedia\/wp-json\/wp\/v2\/users\/15"}],"replies":[{"embeddable":true,"href":"https:\/\/aeterrasave.net\/webmedia\/wp-json\/wp\/v2\/comments?post=18942"}],"version-history":[{"count":1,"href":"https:\/\/aeterrasave.net\/webmedia\/wp-json\/wp\/v2\/posts\/18942\/revisions"}],"predecessor-version":[{"id":18946,"href":"https:\/\/aeterrasave.net\/webmedia\/wp-json\/wp\/v2\/posts\/18942\/revisions\/18946"}],"wp:featuredmedia":[{"embeddable":true,"href":"https:\/\/aeterrasave.net\/webmedia\/wp-json\/wp\/v2\/media\/18945"}],"wp:attachment":[{"href":"https:\/\/aeterrasave.net\/webmedia\/wp-json\/wp\/v2\/media?parent=18942"}],"wp:term":[{"taxonomy":"category","embeddable":true,"href":"https:\/\/aeterrasave.net\/webmedia\/wp-json\/wp\/v2\/categories?post=18942"},{"taxonomy":"post_tag","embeddable":true,"href":"https:\/\/aeterrasave.net\/webmedia\/wp-json\/wp\/v2\/tags?post=18942"}],"curies":[{"name":"wp","href":"https:\/\/api.w.org\/{rel}","templated":true}]}}