{"id":18949,"date":"2025-03-27T22:34:58","date_gmt":"2025-03-27T21:34:58","guid":{"rendered":"https:\/\/aeterrasave.net\/webmedia\/?p=18949"},"modified":"2025-03-27T22:34:58","modified_gmt":"2025-03-27T21:34:58","slug":"2-o-conselho-eco-escolas-e-hastear-da-bandeira-eb-terras-do-ave","status":"publish","type":"post","link":"https:\/\/aeterrasave.net\/webmedia\/2-o-conselho-eco-escolas-e-hastear-da-bandeira-eb-terras-do-ave\/","title":{"rendered":"2.\u00ba Conselho Eco &#8211; Escolas e Hastear da Bandeira EB Terras do Ave"},"content":{"rendered":"\n<p>Realizou-se no dia 26 de mar\u00e7o o 2.\u00ba conselho eco -escolas da EB Terras do Ave, onde foi apresentado o Plano de A\u00e7\u00e3o e realizada a Cerim\u00f3nia do Hastear da Bandeira Verde, que reconhece as boas pr\u00e1ticas da escola, em prol de uma comunidade mais sustent\u00e1vel e din\u00e2mica. Este reconhecimento permite fortalecer a vontade de continuar a trabalhar colaborativamente com todos os parceiros educativos, para melhorar a qualidade ambiental do nosso territ\u00f3rio educativo e cultivar o gosto em semear e colher os frutos de uma escola com comportamentos ecologicamente respons\u00e1veis.<\/p>\n\n\n\n<p>Aprendemos juntos a semear um futuro.<\/p>\n\n\n\n<figure class=\"wp-block-image size-large\"><img loading=\"lazy\" decoding=\"async\" width=\"836\" height=\"628\" src=\"https:\/\/aeterrasave.net\/webmedia\/wp-content\/uploads\/2025\/03\/WhatsApp-Image-2025-03-26-at-19.40.04-3-836x628.jpeg\" alt=\"\" class=\"wp-image-18951\" srcset=\"https:\/\/aeterrasave.net\/webmedia\/wp-content\/uploads\/2025\/03\/WhatsApp-Image-2025-03-26-at-19.40.04-3-836x628.jpeg 836w, https:\/\/aeterrasave.net\/webmedia\/wp-content\/uploads\/2025\/03\/WhatsApp-Image-2025-03-26-at-19.40.04-3-768x577.jpeg 768w, https:\/\/aeterrasave.net\/webmedia\/wp-content\/uploads\/2025\/03\/WhatsApp-Image-2025-03-26-at-19.40.04-3-560x421.jpeg 560w, https:\/\/aeterrasave.net\/webmedia\/wp-content\/uploads\/2025\/03\/WhatsApp-Image-2025-03-26-at-19.40.04-3.jpeg 1640w\" sizes=\"auto, (max-width: 836px) 100vw, 836px\" \/><\/figure>\n\n\n\n<figure class=\"wp-block-image size-large\"><img loading=\"lazy\" decoding=\"async\" width=\"472\" height=\"628\" src=\"https:\/\/aeterrasave.net\/webmedia\/wp-content\/uploads\/2025\/03\/WhatsApp-Image-2025-03-26-at-19.40.05-4-472x628.jpeg\" alt=\"\" class=\"wp-image-18952\" srcset=\"https:\/\/aeterrasave.net\/webmedia\/wp-content\/uploads\/2025\/03\/WhatsApp-Image-2025-03-26-at-19.40.05-4-472x628.jpeg 472w, https:\/\/aeterrasave.net\/webmedia\/wp-content\/uploads\/2025\/03\/WhatsApp-Image-2025-03-26-at-19.40.05-4-768x1022.jpeg 768w, https:\/\/aeterrasave.net\/webmedia\/wp-content\/uploads\/2025\/03\/WhatsApp-Image-2025-03-26-at-19.40.05-4-560x745.jpeg 560w, https:\/\/aeterrasave.net\/webmedia\/wp-content\/uploads\/2025\/03\/WhatsApp-Image-2025-03-26-at-19.40.05-4.jpeg 1232w\" sizes=\"auto, (max-width: 472px) 100vw, 472px\" \/><\/figure>\n\n\n\n<figure class=\"wp-block-image size-large\"><img loading=\"lazy\" decoding=\"async\" width=\"837\" height=\"628\" src=\"https:\/\/aeterrasave.net\/webmedia\/wp-content\/uploads\/2025\/03\/WhatsApp-Image-2025-03-26-at-19.40.06-5-837x628.jpeg\" alt=\"\" class=\"wp-image-18953\" srcset=\"https:\/\/aeterrasave.net\/webmedia\/wp-content\/uploads\/2025\/03\/WhatsApp-Image-2025-03-26-at-19.40.06-5-837x628.jpeg 837w, https:\/\/aeterrasave.net\/webmedia\/wp-content\/uploads\/2025\/03\/WhatsApp-Image-2025-03-26-at-19.40.06-5-768x576.jpeg 768w, https:\/\/aeterrasave.net\/webmedia\/wp-content\/uploads\/2025\/03\/WhatsApp-Image-2025-03-26-at-19.40.06-5-560x420.jpeg 560w, https:\/\/aeterrasave.net\/webmedia\/wp-content\/uploads\/2025\/03\/WhatsApp-Image-2025-03-26-at-19.40.06-5.jpeg 2000w\" sizes=\"auto, (max-width: 837px) 100vw, 837px\" \/><\/figure>\n","protected":false},"excerpt":{"rendered":"<p>Realizou-se no dia 26 de mar\u00e7o o 2.\u00ba conselho eco -escolas da EB Terras do Ave, onde foi apresentado o Plano de A\u00e7\u00e3o e realizada a Cerim\u00f3nia do Hastear da Bandeira Verde, que reconhece as boas pr\u00e1ticas da escola, em prol de uma comunidade mais sustent\u00e1vel e din\u00e2mica. Este reconhecimento permite fortalecer a vontade de [&hellip;]<\/p>\n","protected":false},"author":43,"featured_media":18952,"comment_status":"closed","ping_status":"closed","sticky":false,"template":"","format":"standard","meta":{"_eb_attr":"","footnotes":""},"categories":[3],"tags":[],"class_list":["post-18949","post","type-post","status-publish","format-standard","has-post-thumbnail","hentry","category-noticias"],"blog_post_layout_featured_media_urls":{"thumbnail":["https:\/\/aeterrasave.net\/webmedia\/wp-content\/uploads\/2025\/03\/WhatsApp-Image-2025-03-26-at-19.40.05-4-150x150.jpeg",150,150,true],"full":["https:\/\/aeterrasave.net\/webmedia\/wp-content\/uploads\/2025\/03\/WhatsApp-Image-2025-03-26-at-19.40.05-4.jpeg",1232,1640,false]},"categories_names":{"3":{"name":"Not\u00edcias","link":"https:\/\/aeterrasave.net\/webmedia\/category\/noticias\/"}},"tags_names":[],"comments_number":0,"wpmagazine_modules_lite_featured_media_urls":{"thumbnail":["https:\/\/aeterrasave.net\/webmedia\/wp-content\/uploads\/2025\/03\/WhatsApp-Image-2025-03-26-at-19.40.05-4-150x150.jpeg",150,150,true],"cvmm-medium":["https:\/\/aeterrasave.net\/webmedia\/wp-content\/uploads\/2025\/03\/WhatsApp-Image-2025-03-26-at-19.40.05-4.jpeg",225,300,false],"cvmm-medium-plus":["https:\/\/aeterrasave.net\/webmedia\/wp-content\/uploads\/2025\/03\/WhatsApp-Image-2025-03-26-at-19.40.05-4.jpeg",156,207,false],"cvmm-portrait":["https:\/\/aeterrasave.net\/webmedia\/wp-content\/uploads\/2025\/03\/WhatsApp-Image-2025-03-26-at-19.40.05-4.jpeg",400,532,false],"cvmm-medium-square":["https:\/\/aeterrasave.net\/webmedia\/wp-content\/uploads\/2025\/03\/WhatsApp-Image-2025-03-26-at-19.40.05-4.jpeg",451,600,false],"cvmm-large":["https:\/\/aeterrasave.net\/webmedia\/wp-content\/uploads\/2025\/03\/WhatsApp-Image-2025-03-26-at-19.40.05-4.jpeg",769,1024,false],"cvmm-small":["https:\/\/aeterrasave.net\/webmedia\/wp-content\/uploads\/2025\/03\/WhatsApp-Image-2025-03-26-at-19.40.05-4.jpeg",71,95,false],"full":["https:\/\/aeterrasave.net\/webmedia\/wp-content\/uploads\/2025\/03\/WhatsApp-Image-2025-03-26-at-19.40.05-4.jpeg",1232,1640,false]},"_links":{"self":[{"href":"https:\/\/aeterrasave.net\/webmedia\/wp-json\/wp\/v2\/posts\/18949","targetHints":{"allow":["GET"]}}],"collection":[{"href":"https:\/\/aeterrasave.net\/webmedia\/wp-json\/wp\/v2\/posts"}],"about":[{"href":"https:\/\/aeterrasave.net\/webmedia\/wp-json\/wp\/v2\/types\/post"}],"author":[{"embeddable":true,"href":"https:\/\/aeterrasave.net\/webmedia\/wp-json\/wp\/v2\/users\/43"}],"replies":[{"embeddable":true,"href":"https:\/\/aeterrasave.net\/webmedia\/wp-json\/wp\/v2\/comments?post=18949"}],"version-history":[{"count":2,"href":"https:\/\/aeterrasave.net\/webmedia\/wp-json\/wp\/v2\/posts\/18949\/revisions"}],"predecessor-version":[{"id":18954,"href":"https:\/\/aeterrasave.net\/webmedia\/wp-json\/wp\/v2\/posts\/18949\/revisions\/18954"}],"wp:featuredmedia":[{"embeddable":true,"href":"https:\/\/aeterrasave.net\/webmedia\/wp-json\/wp\/v2\/media\/18952"}],"wp:attachment":[{"href":"https:\/\/aeterrasave.net\/webmedia\/wp-json\/wp\/v2\/media?parent=18949"}],"wp:term":[{"taxonomy":"category","embeddable":true,"href":"https:\/\/aeterrasave.net\/webmedia\/wp-json\/wp\/v2\/categories?post=18949"},{"taxonomy":"post_tag","embeddable":true,"href":"https:\/\/aeterrasave.net\/webmedia\/wp-json\/wp\/v2\/tags?post=18949"}],"curies":[{"name":"wp","href":"https:\/\/api.w.org\/{rel}","templated":true}]}}