{"id":19339,"date":"2025-05-06T19:06:21","date_gmt":"2025-05-06T18:06:21","guid":{"rendered":"https:\/\/aeterrasave.net\/webmedia\/?p=19339"},"modified":"2025-05-06T19:06:21","modified_gmt":"2025-05-06T18:06:21","slug":"as-criancas-da-eb-de-riba-de-ave-encantam-se-com-da-vinci-o-grande-inventor","status":"publish","type":"post","link":"https:\/\/aeterrasave.net\/webmedia\/as-criancas-da-eb-de-riba-de-ave-encantam-se-com-da-vinci-o-grande-inventor\/","title":{"rendered":"As crian\u00e7as da EB de Riba de Ave encantam-se com \u201cDa Vinci \u2013 O Grande Inventor\u201d"},"content":{"rendered":"\n<div class=\"wp-block-columns is-layout-flex wp-container-core-columns-is-layout-9d6595d7 wp-block-columns-is-layout-flex\">\n<div class=\"wp-block-column is-layout-flow wp-block-column-is-layout-flow\">\n<p>No dia 6 de maio, todas as turmas da EB de Riba de Ave deslocaram-se ao Teatro Narciso Ferreira para a visualiza\u00e7\u00e3o do filme <em><strong>\u201cDa Vinci: O Grande Inventor\u201d<\/strong><\/em>.<br>Os alunos tiveram a oportunidade de assistir a uma sess\u00e3o de cinema e foi um momento vivido com muito entusiasmo e alegria.<br>As inven\u00e7\u00f5es de Leonardo Da Vinci e a sua forma curiosa de ver o mundo despertaram nas crian\u00e7as a curiosidade e a persist\u00eancia provocando-lhes o desejo de criar, experimentar e explorar as suas pr\u00f3prias ideias.<br>Esta atividade permitiu ainda o est\u00edmulo \u00e0 criatividade e \u00e0 forma como enfrentam os obst\u00e1culos nunca desistindo dos seus sonhos.<br>Foi uma manh\u00e3 muito bem passada e uma experi\u00eancia muito produtiva e enriquecedora, marcada por aprendizagens significativas e momentos inspiradores.<\/p>\n<\/div>\n<\/div>\n\n\n\n<div class=\"wp-block-columns is-layout-flex wp-container-core-columns-is-layout-9d6595d7 wp-block-columns-is-layout-flex\">\n<div class=\"wp-block-column is-layout-flow wp-block-column-is-layout-flow\">\n<figure class=\"wp-block-image size-large\"><img loading=\"lazy\" decoding=\"async\" width=\"700\" height=\"525\" src=\"https:\/\/aeterrasave.net\/webmedia\/wp-content\/uploads\/2025\/05\/5-2-edited.jpg\" alt=\"\" class=\"wp-image-19356\" srcset=\"https:\/\/aeterrasave.net\/webmedia\/wp-content\/uploads\/2025\/05\/5-2-edited.jpg 700w, https:\/\/aeterrasave.net\/webmedia\/wp-content\/uploads\/2025\/05\/5-2-edited-560x420.jpg 560w\" sizes=\"auto, (max-width: 700px) 100vw, 700px\" \/><\/figure>\n<\/div>\n\n\n\n<div class=\"wp-block-column is-layout-flow wp-block-column-is-layout-flow\">\n<figure class=\"wp-block-image size-large\"><img loading=\"lazy\" decoding=\"async\" width=\"700\" height=\"525\" src=\"https:\/\/aeterrasave.net\/webmedia\/wp-content\/uploads\/2025\/05\/2-2-edited.jpg\" alt=\"\" class=\"wp-image-19359\" srcset=\"https:\/\/aeterrasave.net\/webmedia\/wp-content\/uploads\/2025\/05\/2-2-edited.jpg 700w, https:\/\/aeterrasave.net\/webmedia\/wp-content\/uploads\/2025\/05\/2-2-edited-560x420.jpg 560w\" sizes=\"auto, (max-width: 700px) 100vw, 700px\" \/><\/figure>\n<\/div>\n<\/div>\n","protected":false},"excerpt":{"rendered":"<p>No dia 6 de maio, todas as turmas da EB de Riba de Ave deslocaram-se ao Teatro Narciso Ferreira para a visualiza\u00e7\u00e3o do filme \u201cDa Vinci: O Grande Inventor\u201d.Os alunos tiveram a oportunidade de assistir a uma sess\u00e3o de cinema e foi um momento vivido com muito entusiasmo e alegria.As inven\u00e7\u00f5es de Leonardo Da Vinci [&hellip;]<\/p>\n","protected":false},"author":8,"featured_media":19340,"comment_status":"closed","ping_status":"closed","sticky":false,"template":"","format":"standard","meta":{"_eb_attr":"","footnotes":""},"categories":[3],"tags":[],"class_list":["post-19339","post","type-post","status-publish","format-standard","has-post-thumbnail","hentry","category-noticias"],"blog_post_layout_featured_media_urls":{"thumbnail":["https:\/\/aeterrasave.net\/webmedia\/wp-content\/uploads\/2025\/05\/3-2-150x150.jpg",150,150,true],"full":["https:\/\/aeterrasave.net\/webmedia\/wp-content\/uploads\/2025\/05\/3-2.jpg",700,617,false]},"categories_names":{"3":{"name":"Not\u00edcias","link":"https:\/\/aeterrasave.net\/webmedia\/category\/noticias\/"}},"tags_names":[],"comments_number":0,"wpmagazine_modules_lite_featured_media_urls":{"thumbnail":["https:\/\/aeterrasave.net\/webmedia\/wp-content\/uploads\/2025\/05\/3-2-150x150.jpg",150,150,true],"cvmm-medium":["https:\/\/aeterrasave.net\/webmedia\/wp-content\/uploads\/2025\/05\/3-2.jpg",300,264,false],"cvmm-medium-plus":["https:\/\/aeterrasave.net\/webmedia\/wp-content\/uploads\/2025\/05\/3-2.jpg",235,207,false],"cvmm-portrait":["https:\/\/aeterrasave.net\/webmedia\/wp-content\/uploads\/2025\/05\/3-2.jpg",400,353,false],"cvmm-medium-square":["https:\/\/aeterrasave.net\/webmedia\/wp-content\/uploads\/2025\/05\/3-2.jpg",600,529,false],"cvmm-large":["https:\/\/aeterrasave.net\/webmedia\/wp-content\/uploads\/2025\/05\/3-2.jpg",700,617,false],"cvmm-small":["https:\/\/aeterrasave.net\/webmedia\/wp-content\/uploads\/2025\/05\/3-2.jpg",108,95,false],"full":["https:\/\/aeterrasave.net\/webmedia\/wp-content\/uploads\/2025\/05\/3-2.jpg",700,617,false]},"_links":{"self":[{"href":"https:\/\/aeterrasave.net\/webmedia\/wp-json\/wp\/v2\/posts\/19339","targetHints":{"allow":["GET"]}}],"collection":[{"href":"https:\/\/aeterrasave.net\/webmedia\/wp-json\/wp\/v2\/posts"}],"about":[{"href":"https:\/\/aeterrasave.net\/webmedia\/wp-json\/wp\/v2\/types\/post"}],"author":[{"embeddable":true,"href":"https:\/\/aeterrasave.net\/webmedia\/wp-json\/wp\/v2\/users\/8"}],"replies":[{"embeddable":true,"href":"https:\/\/aeterrasave.net\/webmedia\/wp-json\/wp\/v2\/comments?post=19339"}],"version-history":[{"count":6,"href":"https:\/\/aeterrasave.net\/webmedia\/wp-json\/wp\/v2\/posts\/19339\/revisions"}],"predecessor-version":[{"id":19360,"href":"https:\/\/aeterrasave.net\/webmedia\/wp-json\/wp\/v2\/posts\/19339\/revisions\/19360"}],"wp:featuredmedia":[{"embeddable":true,"href":"https:\/\/aeterrasave.net\/webmedia\/wp-json\/wp\/v2\/media\/19340"}],"wp:attachment":[{"href":"https:\/\/aeterrasave.net\/webmedia\/wp-json\/wp\/v2\/media?parent=19339"}],"wp:term":[{"taxonomy":"category","embeddable":true,"href":"https:\/\/aeterrasave.net\/webmedia\/wp-json\/wp\/v2\/categories?post=19339"},{"taxonomy":"post_tag","embeddable":true,"href":"https:\/\/aeterrasave.net\/webmedia\/wp-json\/wp\/v2\/tags?post=19339"}],"curies":[{"name":"wp","href":"https:\/\/api.w.org\/{rel}","templated":true}]}}