{"id":19372,"date":"2025-05-10T15:42:38","date_gmt":"2025-05-10T14:42:38","guid":{"rendered":"https:\/\/aeterrasave.net\/webmedia\/?p=19372"},"modified":"2025-05-10T15:44:03","modified_gmt":"2025-05-10T14:44:03","slug":"audicao-de-classe-de-conjunto-da-eb-de-riba-de-ave","status":"publish","type":"post","link":"https:\/\/aeterrasave.net\/webmedia\/audicao-de-classe-de-conjunto-da-eb-de-riba-de-ave\/","title":{"rendered":"Audi\u00e7\u00e3o de Classe de Conjunto da EB de Riba de Ave"},"content":{"rendered":"\n<p>No dia 5 de maio, os alunos do 4.\u00ba ano tiveram a sua participa\u00e7\u00e3o especial no concerto musical realizado na Funda\u00e7\u00e3o Castro Alves.&nbsp;<\/p>\n\n\n\n<p>Com muito entusiasmo, apresentaram m\u00fasicas que aprenderam ao longo do ano letivo, com a orienta\u00e7\u00e3o da professora Isabel Campos, tornando-se um momento de orgulho para a escola e uma oportunidade para mostrar o talento dos nossos alunos \u00e0 fam\u00edlia.&nbsp;<\/p>\n\n\n\n<p>Esta atividade tornou-se um momento \u00fanico, dando reconhecimento ao esfor\u00e7o e \u00e0 dedica\u00e7\u00e3o dos alunos e refor\u00e7ando a import\u00e2ncia de cultivar as habilidades musicais adquiridas nas aulas de Educa\u00e7\u00e3o Musical.<\/p>\n\n\n\n<p>Foi uma experi\u00eancia inesquec\u00edvel para todos os envolvidos!\u00a0<\/p>\n\n\n\n<div class=\"wp-block-columns is-layout-flex wp-container-core-columns-is-layout-9d6595d7 wp-block-columns-is-layout-flex\">\n<div class=\"wp-block-column is-layout-flow wp-block-column-is-layout-flow\">\n<figure class=\"wp-block-image size-large\"><img loading=\"lazy\" decoding=\"async\" width=\"1200\" height=\"900\" src=\"https:\/\/aeterrasave.net\/webmedia\/wp-content\/uploads\/2025\/05\/3-3-edited.jpg\" alt=\"\" class=\"wp-image-19380\" srcset=\"https:\/\/aeterrasave.net\/webmedia\/wp-content\/uploads\/2025\/05\/3-3-edited.jpg 1200w, https:\/\/aeterrasave.net\/webmedia\/wp-content\/uploads\/2025\/05\/3-3-edited-837x628.jpg 837w, https:\/\/aeterrasave.net\/webmedia\/wp-content\/uploads\/2025\/05\/3-3-edited-768x576.jpg 768w, https:\/\/aeterrasave.net\/webmedia\/wp-content\/uploads\/2025\/05\/3-3-edited-560x420.jpg 560w\" sizes=\"auto, (max-width: 1200px) 100vw, 1200px\" \/><\/figure>\n<\/div>\n\n\n\n<div class=\"wp-block-column is-layout-flow wp-block-column-is-layout-flow\">\n<figure class=\"wp-block-image size-large\"><img loading=\"lazy\" decoding=\"async\" width=\"900\" height=\"675\" src=\"https:\/\/aeterrasave.net\/webmedia\/wp-content\/uploads\/2025\/05\/2-3-edited.jpg\" alt=\"\" class=\"wp-image-19379\" srcset=\"https:\/\/aeterrasave.net\/webmedia\/wp-content\/uploads\/2025\/05\/2-3-edited.jpg 900w, https:\/\/aeterrasave.net\/webmedia\/wp-content\/uploads\/2025\/05\/2-3-edited-837x628.jpg 837w, https:\/\/aeterrasave.net\/webmedia\/wp-content\/uploads\/2025\/05\/2-3-edited-768x576.jpg 768w, https:\/\/aeterrasave.net\/webmedia\/wp-content\/uploads\/2025\/05\/2-3-edited-560x420.jpg 560w\" sizes=\"auto, (max-width: 900px) 100vw, 900px\" \/><\/figure>\n<\/div>\n<\/div>\n\n\n\n<div class=\"wp-block-columns is-layout-flex wp-container-core-columns-is-layout-9d6595d7 wp-block-columns-is-layout-flex\">\n<div class=\"wp-block-column is-layout-flow wp-block-column-is-layout-flow\">\n<figure class=\"wp-block-image size-large\"><img loading=\"lazy\" decoding=\"async\" width=\"837\" height=\"628\" src=\"https:\/\/aeterrasave.net\/webmedia\/wp-content\/uploads\/2025\/05\/Imagem-WhatsApp-2025-05-08-as-23.54.27_4e019e52-837x628.jpg\" alt=\"\" class=\"wp-image-19376\" srcset=\"https:\/\/aeterrasave.net\/webmedia\/wp-content\/uploads\/2025\/05\/Imagem-WhatsApp-2025-05-08-as-23.54.27_4e019e52-837x628.jpg 837w, https:\/\/aeterrasave.net\/webmedia\/wp-content\/uploads\/2025\/05\/Imagem-WhatsApp-2025-05-08-as-23.54.27_4e019e52-768x576.jpg 768w, https:\/\/aeterrasave.net\/webmedia\/wp-content\/uploads\/2025\/05\/Imagem-WhatsApp-2025-05-08-as-23.54.27_4e019e52-560x420.jpg 560w, https:\/\/aeterrasave.net\/webmedia\/wp-content\/uploads\/2025\/05\/Imagem-WhatsApp-2025-05-08-as-23.54.27_4e019e52.jpg 2000w\" sizes=\"auto, (max-width: 837px) 100vw, 837px\" \/><\/figure>\n<\/div>\n\n\n\n<div class=\"wp-block-column is-layout-flow wp-block-column-is-layout-flow\">\n<figure class=\"wp-block-image size-large\"><img loading=\"lazy\" decoding=\"async\" width=\"837\" height=\"628\" src=\"https:\/\/aeterrasave.net\/webmedia\/wp-content\/uploads\/2025\/05\/6-837x628.jpg\" alt=\"\" class=\"wp-image-19375\" srcset=\"https:\/\/aeterrasave.net\/webmedia\/wp-content\/uploads\/2025\/05\/6-837x628.jpg 837w, https:\/\/aeterrasave.net\/webmedia\/wp-content\/uploads\/2025\/05\/6-768x576.jpg 768w, https:\/\/aeterrasave.net\/webmedia\/wp-content\/uploads\/2025\/05\/6-560x420.jpg 560w, https:\/\/aeterrasave.net\/webmedia\/wp-content\/uploads\/2025\/05\/6.jpg 2000w\" sizes=\"auto, (max-width: 837px) 100vw, 837px\" \/><\/figure>\n<\/div>\n<\/div>\n","protected":false},"excerpt":{"rendered":"<p>No dia 5 de maio, os alunos do 4.\u00ba ano tiveram a sua participa\u00e7\u00e3o especial no concerto musical realizado na Funda\u00e7\u00e3o Castro Alves.&nbsp; Com muito entusiasmo, apresentaram m\u00fasicas que aprenderam ao longo do ano letivo, com a orienta\u00e7\u00e3o da professora Isabel Campos, tornando-se um momento de orgulho para a escola e uma oportunidade para mostrar [&hellip;]<\/p>\n","protected":false},"author":8,"featured_media":19374,"comment_status":"closed","ping_status":"closed","sticky":false,"template":"","format":"standard","meta":{"_eb_attr":"","footnotes":""},"categories":[3],"tags":[],"class_list":["post-19372","post","type-post","status-publish","format-standard","has-post-thumbnail","hentry","category-noticias"],"blog_post_layout_featured_media_urls":{"thumbnail":["https:\/\/aeterrasave.net\/webmedia\/wp-content\/uploads\/2025\/05\/4-1-150x150.jpg",150,150,true],"full":["https:\/\/aeterrasave.net\/webmedia\/wp-content\/uploads\/2025\/05\/4-1.jpg",1600,1200,false]},"categories_names":{"3":{"name":"Not\u00edcias","link":"https:\/\/aeterrasave.net\/webmedia\/category\/noticias\/"}},"tags_names":[],"comments_number":0,"wpmagazine_modules_lite_featured_media_urls":{"thumbnail":["https:\/\/aeterrasave.net\/webmedia\/wp-content\/uploads\/2025\/05\/4-1-150x150.jpg",150,150,true],"cvmm-medium":["https:\/\/aeterrasave.net\/webmedia\/wp-content\/uploads\/2025\/05\/4-1.jpg",300,225,false],"cvmm-medium-plus":["https:\/\/aeterrasave.net\/webmedia\/wp-content\/uploads\/2025\/05\/4-1.jpg",276,207,false],"cvmm-portrait":["https:\/\/aeterrasave.net\/webmedia\/wp-content\/uploads\/2025\/05\/4-1.jpg",400,300,false],"cvmm-medium-square":["https:\/\/aeterrasave.net\/webmedia\/wp-content\/uploads\/2025\/05\/4-1.jpg",600,450,false],"cvmm-large":["https:\/\/aeterrasave.net\/webmedia\/wp-content\/uploads\/2025\/05\/4-1.jpg",1024,768,false],"cvmm-small":["https:\/\/aeterrasave.net\/webmedia\/wp-content\/uploads\/2025\/05\/4-1.jpg",127,95,false],"full":["https:\/\/aeterrasave.net\/webmedia\/wp-content\/uploads\/2025\/05\/4-1.jpg",1600,1200,false]},"_links":{"self":[{"href":"https:\/\/aeterrasave.net\/webmedia\/wp-json\/wp\/v2\/posts\/19372","targetHints":{"allow":["GET"]}}],"collection":[{"href":"https:\/\/aeterrasave.net\/webmedia\/wp-json\/wp\/v2\/posts"}],"about":[{"href":"https:\/\/aeterrasave.net\/webmedia\/wp-json\/wp\/v2\/types\/post"}],"author":[{"embeddable":true,"href":"https:\/\/aeterrasave.net\/webmedia\/wp-json\/wp\/v2\/users\/8"}],"replies":[{"embeddable":true,"href":"https:\/\/aeterrasave.net\/webmedia\/wp-json\/wp\/v2\/comments?post=19372"}],"version-history":[{"count":4,"href":"https:\/\/aeterrasave.net\/webmedia\/wp-json\/wp\/v2\/posts\/19372\/revisions"}],"predecessor-version":[{"id":19384,"href":"https:\/\/aeterrasave.net\/webmedia\/wp-json\/wp\/v2\/posts\/19372\/revisions\/19384"}],"wp:featuredmedia":[{"embeddable":true,"href":"https:\/\/aeterrasave.net\/webmedia\/wp-json\/wp\/v2\/media\/19374"}],"wp:attachment":[{"href":"https:\/\/aeterrasave.net\/webmedia\/wp-json\/wp\/v2\/media?parent=19372"}],"wp:term":[{"taxonomy":"category","embeddable":true,"href":"https:\/\/aeterrasave.net\/webmedia\/wp-json\/wp\/v2\/categories?post=19372"},{"taxonomy":"post_tag","embeddable":true,"href":"https:\/\/aeterrasave.net\/webmedia\/wp-json\/wp\/v2\/tags?post=19372"}],"curies":[{"name":"wp","href":"https:\/\/api.w.org\/{rel}","templated":true}]}}