{"id":19626,"date":"2025-06-03T19:16:26","date_gmt":"2025-06-03T18:16:26","guid":{"rendered":"https:\/\/aeterrasave.net\/webmedia\/?p=19626"},"modified":"2025-06-03T19:16:27","modified_gmt":"2025-06-03T18:16:27","slug":"alunos-do-1-o-ano-da-eb-delaes-visitam-parque-da-devesa-em-atividade-educativa","status":"publish","type":"post","link":"https:\/\/aeterrasave.net\/webmedia\/alunos-do-1-o-ano-da-eb-delaes-visitam-parque-da-devesa-em-atividade-educativa\/","title":{"rendered":"Alunos do 1.\u00ba Ano da EB Del\u00e3es visitam Parque da Devesa em atividade educativa"},"content":{"rendered":"\n<p>Os alunos do 1.\u00ba ano realizaram uma visita de estudo ao Parque da Devesa, onde participaram em atividades educativas dedicadas ao meio ambiente e \u00e0 biodiversidade. Durante a visita, as crian\u00e7as exploraram o &#8221; Ciclo de Vida das Abelhas&#8221; , aprendendo sobre a import\u00e2ncia das abelhas para o ecossistema.  Em seguida, participaram na atividade &#8221; Murm\u00fario das \u00e1rvores&#8221; , uma experi\u00eancia sensorial e de escuta ativa na natureza. A visita foi n\u00e3o s\u00f3 um momento de aprendizagem significativa, mas tamb\u00e9m uma oportunidade para os alunos estarem em contacto direto com a natureza, refor\u00e7ando valores de sustentabilidade e consci\u00eancia ecol\u00f3gica. <\/p>\n\n\n\n<figure class=\"wp-block-gallery has-nested-images columns-default is-cropped wp-block-gallery-1 is-layout-flex wp-block-gallery-is-layout-flex\">\n<figure class=\"wp-block-image size-large\"><img loading=\"lazy\" decoding=\"async\" width=\"1116\" height=\"628\" data-id=\"19627\" src=\"https:\/\/aeterrasave.net\/webmedia\/wp-content\/uploads\/2025\/06\/1000057970-1116x628.jpg\" alt=\"\" class=\"wp-image-19627\" srcset=\"https:\/\/aeterrasave.net\/webmedia\/wp-content\/uploads\/2025\/06\/1000057970-1116x628.jpg 1116w, https:\/\/aeterrasave.net\/webmedia\/wp-content\/uploads\/2025\/06\/1000057970-768x432.jpg 768w, https:\/\/aeterrasave.net\/webmedia\/wp-content\/uploads\/2025\/06\/1000057970-560x315.jpg 560w\" sizes=\"auto, (max-width: 1116px) 100vw, 1116px\" \/><\/figure>\n<\/figure>\n\n\n\n\n\n<figure class=\"wp-block-image size-large\"><img loading=\"lazy\" decoding=\"async\" width=\"353\" height=\"628\" src=\"https:\/\/aeterrasave.net\/webmedia\/wp-content\/uploads\/2025\/06\/1000057987-353x628.jpg\" alt=\"\" class=\"wp-image-19628\" srcset=\"https:\/\/aeterrasave.net\/webmedia\/wp-content\/uploads\/2025\/06\/1000057987-353x628.jpg 353w, https:\/\/aeterrasave.net\/webmedia\/wp-content\/uploads\/2025\/06\/1000057987-768x1365.jpg 768w, https:\/\/aeterrasave.net\/webmedia\/wp-content\/uploads\/2025\/06\/1000057987-560x996.jpg 560w, https:\/\/aeterrasave.net\/webmedia\/wp-content\/uploads\/2025\/06\/1000057987-scaled.jpg 1440w\" sizes=\"auto, (max-width: 353px) 100vw, 353px\" \/><\/figure>\n\n\n\n<figure class=\"wp-block-image size-large\"><img loading=\"lazy\" decoding=\"async\" width=\"353\" height=\"628\" src=\"https:\/\/aeterrasave.net\/webmedia\/wp-content\/uploads\/2025\/06\/1000057994-353x628.jpg\" alt=\"\" class=\"wp-image-19629\" srcset=\"https:\/\/aeterrasave.net\/webmedia\/wp-content\/uploads\/2025\/06\/1000057994-353x628.jpg 353w, https:\/\/aeterrasave.net\/webmedia\/wp-content\/uploads\/2025\/06\/1000057994-768x1365.jpg 768w, https:\/\/aeterrasave.net\/webmedia\/wp-content\/uploads\/2025\/06\/1000057994-560x996.jpg 560w, https:\/\/aeterrasave.net\/webmedia\/wp-content\/uploads\/2025\/06\/1000057994-scaled.jpg 1440w\" sizes=\"auto, (max-width: 353px) 100vw, 353px\" \/><\/figure>\n\n\n","protected":false},"excerpt":{"rendered":"<p>Os alunos do 1.\u00ba ano realizaram uma visita de estudo ao Parque da Devesa, onde participaram em atividades educativas dedicadas ao meio ambiente e \u00e0 biodiversidade. Durante a visita, as crian\u00e7as exploraram o &#8221; Ciclo de Vida das Abelhas&#8221; , aprendendo sobre a import\u00e2ncia das abelhas para o ecossistema. Em seguida, participaram na atividade &#8221; [&hellip;]<\/p>\n","protected":false},"author":6,"featured_media":19627,"comment_status":"closed","ping_status":"closed","sticky":false,"template":"","format":"standard","meta":{"_eb_attr":"","footnotes":""},"categories":[3],"tags":[],"class_list":["post-19626","post","type-post","status-publish","format-standard","has-post-thumbnail","hentry","category-noticias"],"blog_post_layout_featured_media_urls":{"thumbnail":["https:\/\/aeterrasave.net\/webmedia\/wp-content\/uploads\/2025\/06\/1000057970-150x150.jpg",150,150,true],"full":["https:\/\/aeterrasave.net\/webmedia\/wp-content\/uploads\/2025\/06\/1000057970-scaled.jpg",2560,1440,false]},"categories_names":{"3":{"name":"Not\u00edcias","link":"https:\/\/aeterrasave.net\/webmedia\/category\/noticias\/"}},"tags_names":[],"comments_number":0,"wpmagazine_modules_lite_featured_media_urls":{"thumbnail":["https:\/\/aeterrasave.net\/webmedia\/wp-content\/uploads\/2025\/06\/1000057970-150x150.jpg",150,150,true],"cvmm-medium":["https:\/\/aeterrasave.net\/webmedia\/wp-content\/uploads\/2025\/06\/1000057970-scaled.jpg",300,169,false],"cvmm-medium-plus":["https:\/\/aeterrasave.net\/webmedia\/wp-content\/uploads\/2025\/06\/1000057970-scaled.jpg",305,172,false],"cvmm-portrait":["https:\/\/aeterrasave.net\/webmedia\/wp-content\/uploads\/2025\/06\/1000057970-scaled.jpg",400,225,false],"cvmm-medium-square":["https:\/\/aeterrasave.net\/webmedia\/wp-content\/uploads\/2025\/06\/1000057970-scaled.jpg",600,338,false],"cvmm-large":["https:\/\/aeterrasave.net\/webmedia\/wp-content\/uploads\/2025\/06\/1000057970-scaled.jpg",1024,576,false],"cvmm-small":["https:\/\/aeterrasave.net\/webmedia\/wp-content\/uploads\/2025\/06\/1000057970-scaled.jpg",130,73,false],"full":["https:\/\/aeterrasave.net\/webmedia\/wp-content\/uploads\/2025\/06\/1000057970-scaled.jpg",2560,1440,false]},"_links":{"self":[{"href":"https:\/\/aeterrasave.net\/webmedia\/wp-json\/wp\/v2\/posts\/19626","targetHints":{"allow":["GET"]}}],"collection":[{"href":"https:\/\/aeterrasave.net\/webmedia\/wp-json\/wp\/v2\/posts"}],"about":[{"href":"https:\/\/aeterrasave.net\/webmedia\/wp-json\/wp\/v2\/types\/post"}],"author":[{"embeddable":true,"href":"https:\/\/aeterrasave.net\/webmedia\/wp-json\/wp\/v2\/users\/6"}],"replies":[{"embeddable":true,"href":"https:\/\/aeterrasave.net\/webmedia\/wp-json\/wp\/v2\/comments?post=19626"}],"version-history":[{"count":1,"href":"https:\/\/aeterrasave.net\/webmedia\/wp-json\/wp\/v2\/posts\/19626\/revisions"}],"predecessor-version":[{"id":19630,"href":"https:\/\/aeterrasave.net\/webmedia\/wp-json\/wp\/v2\/posts\/19626\/revisions\/19630"}],"wp:featuredmedia":[{"embeddable":true,"href":"https:\/\/aeterrasave.net\/webmedia\/wp-json\/wp\/v2\/media\/19627"}],"wp:attachment":[{"href":"https:\/\/aeterrasave.net\/webmedia\/wp-json\/wp\/v2\/media?parent=19626"}],"wp:term":[{"taxonomy":"category","embeddable":true,"href":"https:\/\/aeterrasave.net\/webmedia\/wp-json\/wp\/v2\/categories?post=19626"},{"taxonomy":"post_tag","embeddable":true,"href":"https:\/\/aeterrasave.net\/webmedia\/wp-json\/wp\/v2\/tags?post=19626"}],"curies":[{"name":"wp","href":"https:\/\/api.w.org\/{rel}","templated":true}]}}