{"id":19780,"date":"2025-06-11T13:26:53","date_gmt":"2025-06-11T12:26:53","guid":{"rendered":"https:\/\/aeterrasave.net\/webmedia\/?p=19780"},"modified":"2025-06-11T13:26:53","modified_gmt":"2025-06-11T12:26:53","slug":"encontro-mente-feliz-no-ji-bairro","status":"publish","type":"post","link":"https:\/\/aeterrasave.net\/webmedia\/encontro-mente-feliz-no-ji-bairro\/","title":{"rendered":"Encontro Mente Feliz no JI Bairro"},"content":{"rendered":"\n<p><\/p>\n\n\n\n<p>No \u00e2mbito do projeto Mente Feliz, na passada 5\u00aafeira, realizou-se um encontro com as fam\u00edlias no Jardim de Inf\u00e2ncia de Bairro, promovendo um momento de partilha e reflex\u00e3o entre pais, educadoras e Assistentes Operacionais (AO). A mentora Carminda Carvalho conduziu a sess\u00e3o, que abordou estrat\u00e9gias sobre como comunicar eficazmente com os filhos e crian\u00e7as.<\/p>\n\n\n\n<p>Agradecemos a todos que estiveram presentes e contribu\u00edram para o sucesso deste momento especial.<\/p>\n\n\n\n<figure class=\"wp-block-image size-large\"><img loading=\"lazy\" decoding=\"async\" width=\"837\" height=\"628\" src=\"https:\/\/aeterrasave.net\/webmedia\/wp-content\/uploads\/2025\/06\/IMG-20250611-WA0009-837x628.jpg\" alt=\"\" class=\"wp-image-19786\" srcset=\"https:\/\/aeterrasave.net\/webmedia\/wp-content\/uploads\/2025\/06\/IMG-20250611-WA0009-837x628.jpg 837w, https:\/\/aeterrasave.net\/webmedia\/wp-content\/uploads\/2025\/06\/IMG-20250611-WA0009-768x576.jpg 768w, https:\/\/aeterrasave.net\/webmedia\/wp-content\/uploads\/2025\/06\/IMG-20250611-WA0009-560x420.jpg 560w, https:\/\/aeterrasave.net\/webmedia\/wp-content\/uploads\/2025\/06\/IMG-20250611-WA0009.jpg 1600w\" sizes=\"auto, (max-width: 837px) 100vw, 837px\" \/><\/figure>\n\n\n","protected":false},"excerpt":{"rendered":"<p>No \u00e2mbito do projeto Mente Feliz, na passada 5\u00aafeira, realizou-se um encontro com as fam\u00edlias no Jardim de Inf\u00e2ncia de Bairro, promovendo um momento de partilha e reflex\u00e3o entre pais, educadoras e Assistentes Operacionais (AO). A mentora Carminda Carvalho conduziu a sess\u00e3o, que abordou estrat\u00e9gias sobre como comunicar eficazmente com os filhos e crian\u00e7as. Agradecemos [&hellip;]<\/p>\n","protected":false},"author":3,"featured_media":22989,"comment_status":"closed","ping_status":"closed","sticky":false,"template":"","format":"standard","meta":{"_eb_attr":"","footnotes":""},"categories":[3],"tags":[],"class_list":["post-19780","post","type-post","status-publish","format-standard","has-post-thumbnail","hentry","category-noticias"],"blog_post_layout_featured_media_urls":{"thumbnail":["https:\/\/aeterrasave.net\/webmedia\/wp-content\/uploads\/2026\/04\/Default_AETA_New-150x82.png",150,82,true],"full":["https:\/\/aeterrasave.net\/webmedia\/wp-content\/uploads\/2026\/04\/Default_AETA_New.png",300,82,false]},"categories_names":{"3":{"name":"Not\u00edcias","link":"https:\/\/aeterrasave.net\/webmedia\/category\/noticias\/"}},"tags_names":[],"comments_number":0,"wpmagazine_modules_lite_featured_media_urls":{"thumbnail":["https:\/\/aeterrasave.net\/webmedia\/wp-content\/uploads\/2026\/04\/Default_AETA_New-150x82.png",150,82,true],"cvmm-medium":["https:\/\/aeterrasave.net\/webmedia\/wp-content\/uploads\/2026\/04\/Default_AETA_New.png",300,82,false],"cvmm-medium-plus":["https:\/\/aeterrasave.net\/webmedia\/wp-content\/uploads\/2026\/04\/Default_AETA_New.png",300,82,false],"cvmm-portrait":["https:\/\/aeterrasave.net\/webmedia\/wp-content\/uploads\/2026\/04\/Default_AETA_New.png",300,82,false],"cvmm-medium-square":["https:\/\/aeterrasave.net\/webmedia\/wp-content\/uploads\/2026\/04\/Default_AETA_New.png",300,82,false],"cvmm-large":["https:\/\/aeterrasave.net\/webmedia\/wp-content\/uploads\/2026\/04\/Default_AETA_New.png",300,82,false],"cvmm-small":["https:\/\/aeterrasave.net\/webmedia\/wp-content\/uploads\/2026\/04\/Default_AETA_New-130x82.png",130,82,true],"full":["https:\/\/aeterrasave.net\/webmedia\/wp-content\/uploads\/2026\/04\/Default_AETA_New.png",300,82,false]},"_links":{"self":[{"href":"https:\/\/aeterrasave.net\/webmedia\/wp-json\/wp\/v2\/posts\/19780","targetHints":{"allow":["GET"]}}],"collection":[{"href":"https:\/\/aeterrasave.net\/webmedia\/wp-json\/wp\/v2\/posts"}],"about":[{"href":"https:\/\/aeterrasave.net\/webmedia\/wp-json\/wp\/v2\/types\/post"}],"author":[{"embeddable":true,"href":"https:\/\/aeterrasave.net\/webmedia\/wp-json\/wp\/v2\/users\/3"}],"replies":[{"embeddable":true,"href":"https:\/\/aeterrasave.net\/webmedia\/wp-json\/wp\/v2\/comments?post=19780"}],"version-history":[{"count":2,"href":"https:\/\/aeterrasave.net\/webmedia\/wp-json\/wp\/v2\/posts\/19780\/revisions"}],"predecessor-version":[{"id":19787,"href":"https:\/\/aeterrasave.net\/webmedia\/wp-json\/wp\/v2\/posts\/19780\/revisions\/19787"}],"wp:featuredmedia":[{"embeddable":true,"href":"https:\/\/aeterrasave.net\/webmedia\/wp-json\/wp\/v2\/media\/22989"}],"wp:attachment":[{"href":"https:\/\/aeterrasave.net\/webmedia\/wp-json\/wp\/v2\/media?parent=19780"}],"wp:term":[{"taxonomy":"category","embeddable":true,"href":"https:\/\/aeterrasave.net\/webmedia\/wp-json\/wp\/v2\/categories?post=19780"},{"taxonomy":"post_tag","embeddable":true,"href":"https:\/\/aeterrasave.net\/webmedia\/wp-json\/wp\/v2\/tags?post=19780"}],"curies":[{"name":"wp","href":"https:\/\/api.w.org\/{rel}","templated":true}]}}