{"id":19826,"date":"2025-06-13T14:11:52","date_gmt":"2025-06-13T13:11:52","guid":{"rendered":"https:\/\/aeterrasave.net\/webmedia\/?p=19826"},"modified":"2025-06-13T14:11:53","modified_gmt":"2025-06-13T13:11:53","slug":"eb-terras-do-ave-na-gala-internacional-bgreen","status":"publish","type":"post","link":"https:\/\/aeterrasave.net\/webmedia\/eb-terras-do-ave-na-gala-internacional-bgreen\/","title":{"rendered":"EB Terras do Ave na Gala Internacional BGREEN"},"content":{"rendered":"\n<p>No dia 6 de junho de 2025, a EB Terras do Ave esteve presente na Gala Internacional BGREEN, na sua 14\u00aa Edi\u00e7\u00e3o, bgreen \/\/ ecological film festival, cujo tema este ano foi \u201cSmart Solutions, Green Future\u201d, que ocorreu na F\u00e1brica de Santo Thyrso.<\/p>\n\n\n\n<p>Na categoria bgreen J\u00fanior, a EB Terras do Ave, passou \u00e0 final internacional com dois trabalhos de dois trabalhos realizados pelos alunos do 8.\u00ba ano, \u201cAnti Polluant e Eco Team\u201d.<\/p>\n\n\n\n<p>N\u00e3o ganhamos o 1.\u00ba pr\u00e9mio, mas est\u00e3o todos de parab\u00e9ns, pelo empenho e pelos trabalhos realizados. Os trabalhos desenvolvidos s\u00e3o o resultado de um querer, de um aprender e de um trabalho colaborativo. Aprender aceitando desafios, percebendo problemas e encontrando solu\u00e7\u00f5es.<\/p>\n\n\n\n<p>Parab\u00e9ns a todos.<\/p>\n\n\n\n<figure class=\"wp-block-image size-large\"><img loading=\"lazy\" decoding=\"async\" width=\"1116\" height=\"628\" src=\"https:\/\/aeterrasave.net\/webmedia\/wp-content\/uploads\/2025\/06\/IMG-20250607-WA0007-1116x628.jpg\" alt=\"\" class=\"wp-image-19827\" srcset=\"https:\/\/aeterrasave.net\/webmedia\/wp-content\/uploads\/2025\/06\/IMG-20250607-WA0007-1116x628.jpg 1116w, https:\/\/aeterrasave.net\/webmedia\/wp-content\/uploads\/2025\/06\/IMG-20250607-WA0007-768x432.jpg 768w, https:\/\/aeterrasave.net\/webmedia\/wp-content\/uploads\/2025\/06\/IMG-20250607-WA0007-560x315.jpg 560w, https:\/\/aeterrasave.net\/webmedia\/wp-content\/uploads\/2025\/06\/IMG-20250607-WA0007.jpg 2048w\" sizes=\"auto, (max-width: 1116px) 100vw, 1116px\" \/><\/figure>\n","protected":false},"excerpt":{"rendered":"<p>No dia 6 de junho de 2025, a EB Terras do Ave esteve presente na Gala Internacional BGREEN, na sua 14\u00aa Edi\u00e7\u00e3o, bgreen \/\/ ecological film festival, cujo tema este ano foi \u201cSmart Solutions, Green Future\u201d, que ocorreu na F\u00e1brica de Santo Thyrso. Na categoria bgreen J\u00fanior, a EB Terras do Ave, passou \u00e0 final [&hellip;]<\/p>\n","protected":false},"author":43,"featured_media":19827,"comment_status":"closed","ping_status":"closed","sticky":false,"template":"","format":"standard","meta":{"_eb_attr":"","footnotes":""},"categories":[3],"tags":[],"class_list":["post-19826","post","type-post","status-publish","format-standard","has-post-thumbnail","hentry","category-noticias"],"blog_post_layout_featured_media_urls":{"thumbnail":["https:\/\/aeterrasave.net\/webmedia\/wp-content\/uploads\/2025\/06\/IMG-20250607-WA0007-150x150.jpg",150,150,true],"full":["https:\/\/aeterrasave.net\/webmedia\/wp-content\/uploads\/2025\/06\/IMG-20250607-WA0007.jpg",2048,1152,false]},"categories_names":{"3":{"name":"Not\u00edcias","link":"https:\/\/aeterrasave.net\/webmedia\/category\/noticias\/"}},"tags_names":[],"comments_number":0,"wpmagazine_modules_lite_featured_media_urls":{"thumbnail":["https:\/\/aeterrasave.net\/webmedia\/wp-content\/uploads\/2025\/06\/IMG-20250607-WA0007-150x150.jpg",150,150,true],"cvmm-medium":["https:\/\/aeterrasave.net\/webmedia\/wp-content\/uploads\/2025\/06\/IMG-20250607-WA0007.jpg",300,169,false],"cvmm-medium-plus":["https:\/\/aeterrasave.net\/webmedia\/wp-content\/uploads\/2025\/06\/IMG-20250607-WA0007.jpg",305,172,false],"cvmm-portrait":["https:\/\/aeterrasave.net\/webmedia\/wp-content\/uploads\/2025\/06\/IMG-20250607-WA0007.jpg",400,225,false],"cvmm-medium-square":["https:\/\/aeterrasave.net\/webmedia\/wp-content\/uploads\/2025\/06\/IMG-20250607-WA0007.jpg",600,338,false],"cvmm-large":["https:\/\/aeterrasave.net\/webmedia\/wp-content\/uploads\/2025\/06\/IMG-20250607-WA0007.jpg",1024,576,false],"cvmm-small":["https:\/\/aeterrasave.net\/webmedia\/wp-content\/uploads\/2025\/06\/IMG-20250607-WA0007.jpg",130,73,false],"full":["https:\/\/aeterrasave.net\/webmedia\/wp-content\/uploads\/2025\/06\/IMG-20250607-WA0007.jpg",2048,1152,false]},"_links":{"self":[{"href":"https:\/\/aeterrasave.net\/webmedia\/wp-json\/wp\/v2\/posts\/19826","targetHints":{"allow":["GET"]}}],"collection":[{"href":"https:\/\/aeterrasave.net\/webmedia\/wp-json\/wp\/v2\/posts"}],"about":[{"href":"https:\/\/aeterrasave.net\/webmedia\/wp-json\/wp\/v2\/types\/post"}],"author":[{"embeddable":true,"href":"https:\/\/aeterrasave.net\/webmedia\/wp-json\/wp\/v2\/users\/43"}],"replies":[{"embeddable":true,"href":"https:\/\/aeterrasave.net\/webmedia\/wp-json\/wp\/v2\/comments?post=19826"}],"version-history":[{"count":1,"href":"https:\/\/aeterrasave.net\/webmedia\/wp-json\/wp\/v2\/posts\/19826\/revisions"}],"predecessor-version":[{"id":19828,"href":"https:\/\/aeterrasave.net\/webmedia\/wp-json\/wp\/v2\/posts\/19826\/revisions\/19828"}],"wp:featuredmedia":[{"embeddable":true,"href":"https:\/\/aeterrasave.net\/webmedia\/wp-json\/wp\/v2\/media\/19827"}],"wp:attachment":[{"href":"https:\/\/aeterrasave.net\/webmedia\/wp-json\/wp\/v2\/media?parent=19826"}],"wp:term":[{"taxonomy":"category","embeddable":true,"href":"https:\/\/aeterrasave.net\/webmedia\/wp-json\/wp\/v2\/categories?post=19826"},{"taxonomy":"post_tag","embeddable":true,"href":"https:\/\/aeterrasave.net\/webmedia\/wp-json\/wp\/v2\/tags?post=19826"}],"curies":[{"name":"wp","href":"https:\/\/api.w.org\/{rel}","templated":true}]}}