{"id":19937,"date":"2025-06-24T10:56:52","date_gmt":"2025-06-24T09:56:52","guid":{"rendered":"https:\/\/aeterrasave.net\/webmedia\/?p=19937"},"modified":"2025-06-24T10:56:53","modified_gmt":"2025-06-24T09:56:53","slug":"festa-final-de-ano-na-eb-ji-de-bairro","status":"publish","type":"post","link":"https:\/\/aeterrasave.net\/webmedia\/festa-final-de-ano-na-eb-ji-de-bairro\/","title":{"rendered":"Festa final de ano na EB\/JI de Bairro"},"content":{"rendered":"\n<p>No dia 18 de junho, realizou-se no Parque da Prote\u00e7\u00e3o Civil de Bairro a festa final de ano da EB\/JI de Bairro.<\/p>\n\n\n\n<p>Foi um final de tarde vivida com muita alegria, aplausos e anima\u00e7\u00e3o com as apresenta\u00e7\u00f5es de todos os grupos de crian\u00e7as.<\/p>\n\n\n\n<p>Finalizamos de forma emocionante a cerimonia da entrega de diplomas, cartolas e bengalas a todos os finalistas.<\/p>\n\n\n\n<p>A equipa educativa agradece a todos os que contribu\u00edram para a realiza\u00e7\u00e3o deste momento que marcar\u00e1 para sempre estas crian\u00e7as. Desejamos a todos muito sucesso nesta nova etapa.<\/p>\n\n\n\n<figure class=\"wp-block-image size-large\"><img loading=\"lazy\" decoding=\"async\" width=\"943\" height=\"628\" src=\"https:\/\/aeterrasave.net\/webmedia\/wp-content\/uploads\/2025\/06\/IMG-20250623-WA0052-943x628.jpg\" alt=\"\" class=\"wp-image-19962\" srcset=\"https:\/\/aeterrasave.net\/webmedia\/wp-content\/uploads\/2025\/06\/IMG-20250623-WA0052-943x628.jpg 943w, https:\/\/aeterrasave.net\/webmedia\/wp-content\/uploads\/2025\/06\/IMG-20250623-WA0052-768x512.jpg 768w, https:\/\/aeterrasave.net\/webmedia\/wp-content\/uploads\/2025\/06\/IMG-20250623-WA0052-560x373.jpg 560w, https:\/\/aeterrasave.net\/webmedia\/wp-content\/uploads\/2025\/06\/IMG-20250623-WA0052.jpg 1600w\" sizes=\"auto, (max-width: 943px) 100vw, 943px\" \/><\/figure>\n\n\n\n<figure class=\"wp-block-gallery has-nested-images columns-default is-cropped wp-block-gallery-1 is-layout-flex wp-block-gallery-is-layout-flex\">\n<figure class=\"wp-block-image size-large\"><img loading=\"lazy\" decoding=\"async\" width=\"837\" height=\"628\" data-id=\"19961\" src=\"https:\/\/aeterrasave.net\/webmedia\/wp-content\/uploads\/2025\/06\/IMG-20250623-WA0053-837x628.jpg\" alt=\"\" class=\"wp-image-19961\" srcset=\"https:\/\/aeterrasave.net\/webmedia\/wp-content\/uploads\/2025\/06\/IMG-20250623-WA0053-837x628.jpg 837w, https:\/\/aeterrasave.net\/webmedia\/wp-content\/uploads\/2025\/06\/IMG-20250623-WA0053-768x576.jpg 768w, https:\/\/aeterrasave.net\/webmedia\/wp-content\/uploads\/2025\/06\/IMG-20250623-WA0053-560x420.jpg 560w, https:\/\/aeterrasave.net\/webmedia\/wp-content\/uploads\/2025\/06\/IMG-20250623-WA0053.jpg 1600w\" sizes=\"auto, (max-width: 837px) 100vw, 837px\" \/><\/figure>\n<\/figure>\n","protected":false},"excerpt":{"rendered":"<p>No dia 18 de junho, realizou-se no Parque da Prote\u00e7\u00e3o Civil de Bairro a festa final de ano da EB\/JI de Bairro. Foi um final de tarde vivida com muita alegria, aplausos e anima\u00e7\u00e3o com as apresenta\u00e7\u00f5es de todos os grupos de crian\u00e7as. Finalizamos de forma emocionante a cerimonia da entrega de diplomas, cartolas e [&hellip;]<\/p>\n","protected":false},"author":3,"featured_media":22989,"comment_status":"closed","ping_status":"closed","sticky":false,"template":"","format":"standard","meta":{"_eb_attr":"","footnotes":""},"categories":[3],"tags":[],"class_list":["post-19937","post","type-post","status-publish","format-standard","has-post-thumbnail","hentry","category-noticias"],"blog_post_layout_featured_media_urls":{"thumbnail":["https:\/\/aeterrasave.net\/webmedia\/wp-content\/uploads\/2026\/04\/Default_AETA_New-150x82.png",150,82,true],"full":["https:\/\/aeterrasave.net\/webmedia\/wp-content\/uploads\/2026\/04\/Default_AETA_New.png",300,82,false]},"categories_names":{"3":{"name":"Not\u00edcias","link":"https:\/\/aeterrasave.net\/webmedia\/category\/noticias\/"}},"tags_names":[],"comments_number":0,"wpmagazine_modules_lite_featured_media_urls":{"thumbnail":["https:\/\/aeterrasave.net\/webmedia\/wp-content\/uploads\/2026\/04\/Default_AETA_New-150x82.png",150,82,true],"cvmm-medium":["https:\/\/aeterrasave.net\/webmedia\/wp-content\/uploads\/2026\/04\/Default_AETA_New.png",300,82,false],"cvmm-medium-plus":["https:\/\/aeterrasave.net\/webmedia\/wp-content\/uploads\/2026\/04\/Default_AETA_New.png",300,82,false],"cvmm-portrait":["https:\/\/aeterrasave.net\/webmedia\/wp-content\/uploads\/2026\/04\/Default_AETA_New.png",300,82,false],"cvmm-medium-square":["https:\/\/aeterrasave.net\/webmedia\/wp-content\/uploads\/2026\/04\/Default_AETA_New.png",300,82,false],"cvmm-large":["https:\/\/aeterrasave.net\/webmedia\/wp-content\/uploads\/2026\/04\/Default_AETA_New.png",300,82,false],"cvmm-small":["https:\/\/aeterrasave.net\/webmedia\/wp-content\/uploads\/2026\/04\/Default_AETA_New-130x82.png",130,82,true],"full":["https:\/\/aeterrasave.net\/webmedia\/wp-content\/uploads\/2026\/04\/Default_AETA_New.png",300,82,false]},"_links":{"self":[{"href":"https:\/\/aeterrasave.net\/webmedia\/wp-json\/wp\/v2\/posts\/19937","targetHints":{"allow":["GET"]}}],"collection":[{"href":"https:\/\/aeterrasave.net\/webmedia\/wp-json\/wp\/v2\/posts"}],"about":[{"href":"https:\/\/aeterrasave.net\/webmedia\/wp-json\/wp\/v2\/types\/post"}],"author":[{"embeddable":true,"href":"https:\/\/aeterrasave.net\/webmedia\/wp-json\/wp\/v2\/users\/3"}],"replies":[{"embeddable":true,"href":"https:\/\/aeterrasave.net\/webmedia\/wp-json\/wp\/v2\/comments?post=19937"}],"version-history":[{"count":3,"href":"https:\/\/aeterrasave.net\/webmedia\/wp-json\/wp\/v2\/posts\/19937\/revisions"}],"predecessor-version":[{"id":19970,"href":"https:\/\/aeterrasave.net\/webmedia\/wp-json\/wp\/v2\/posts\/19937\/revisions\/19970"}],"wp:featuredmedia":[{"embeddable":true,"href":"https:\/\/aeterrasave.net\/webmedia\/wp-json\/wp\/v2\/media\/22989"}],"wp:attachment":[{"href":"https:\/\/aeterrasave.net\/webmedia\/wp-json\/wp\/v2\/media?parent=19937"}],"wp:term":[{"taxonomy":"category","embeddable":true,"href":"https:\/\/aeterrasave.net\/webmedia\/wp-json\/wp\/v2\/categories?post=19937"},{"taxonomy":"post_tag","embeddable":true,"href":"https:\/\/aeterrasave.net\/webmedia\/wp-json\/wp\/v2\/tags?post=19937"}],"curies":[{"name":"wp","href":"https:\/\/api.w.org\/{rel}","templated":true}]}}