{"id":20120,"date":"2025-07-02T17:28:20","date_gmt":"2025-07-02T16:28:20","guid":{"rendered":"https:\/\/aeterrasave.net\/webmedia\/?p=20120"},"modified":"2025-07-02T17:28:20","modified_gmt":"2025-07-02T16:28:20","slug":"festa-final-de-ano-na-eb-de-riba-de-ave","status":"publish","type":"post","link":"https:\/\/aeterrasave.net\/webmedia\/festa-final-de-ano-na-eb-de-riba-de-ave\/","title":{"rendered":"Festa Final de Ano na EB de Riba de Ave"},"content":{"rendered":"\n<p>No dia 28 de junho, realizou-se a tradicional festa final de ano, festa dos finalistas do Jardim de Inf\u00e2ncia e dos alunos do 4.\u00ba ano.<br>O recinto exterior da escola estava sobrelotado com tanta gente!<br>Tivemos a presen\u00e7a dos v\u00e1rios representantes dos nossos Parceiros Educativos Dire\u00e7\u00e3o do Agrupamento Terras do Ave (Sr. Diretor professor Alberto e o Adjunto da Dire\u00e7\u00e3o professor Ricardo), o professor Fernando (coordenador do 1.\u00ba ciclo e nosso professor bibliotec\u00e1rio), a Dr.\u00aa Teresa do P\u00f3lo da Biblioteca de Riba de Ave, Associa\u00e7\u00e3o de Pais, pais, alunos e toda a comunidade educativa.<br>Foi uma tarde vivida com muita alegria, aplausos e anima\u00e7\u00e3o com as apresenta\u00e7\u00f5es de todas as turmas do 1.\u00ba ciclo e do pr\u00e9-escolar. Todas as crian\u00e7as e professores subirem ao palco e fizerem os seus brilharetes atrav\u00e9s de can\u00e7\u00f5es, coreografias, dan\u00e7as, marchas populares\u2026<br>E, eis que chegou o momento mais aguardado pelos finalistas, a entrega dos diplomas!<br>Lindo e emocionante este momento, a cerimonia da entrega de diplomas!<br>T\u00e3o felizes, os nossos finalistas, por terminarem uma etapa do seu percurso acad\u00e9mico!<br>A Escola deseja-lhes as maiores felicidades, para a pr\u00f3xima etapa.<br>Para terminarem em beleza, entoaram o hino de finalistas seguindo-se o tradicional bolo de Finalistas.<br>A equipa educativa agradece a todos os que contribu\u00edram para a realiza\u00e7\u00e3o deste momento que marcar\u00e1 para sempre estas crian\u00e7as &#8211; \u00e0 Associa\u00e7\u00e3o de Pais, \u00e0 professora Isabel de m\u00fasica , aos professores, Assistentes Operacionais, Pais e a todos os que contribu\u00edram para o \u00eaxito desta festa.<\/p>\n\n\n\n<p><em>BEM HAJAM!<\/em><\/p>\n\n\n\n<div class=\"wp-block-columns is-layout-flex wp-container-core-columns-is-layout-9d6595d7 wp-block-columns-is-layout-flex\">\n<div class=\"wp-block-column is-layout-flow wp-block-column-is-layout-flow\">\n<figure class=\"wp-block-image size-large\"><img loading=\"lazy\" decoding=\"async\" width=\"1080\" height=\"608\" src=\"https:\/\/aeterrasave.net\/webmedia\/wp-content\/uploads\/2025\/07\/foto-4-edited-3.jpg\" alt=\"\" class=\"wp-image-20128\" srcset=\"https:\/\/aeterrasave.net\/webmedia\/wp-content\/uploads\/2025\/07\/foto-4-edited-3.jpg 1080w, https:\/\/aeterrasave.net\/webmedia\/wp-content\/uploads\/2025\/07\/foto-4-edited-3-768x432.jpg 768w, https:\/\/aeterrasave.net\/webmedia\/wp-content\/uploads\/2025\/07\/foto-4-edited-3-560x315.jpg 560w\" sizes=\"auto, (max-width: 1080px) 100vw, 1080px\" \/><\/figure>\n<\/div>\n\n\n\n<div class=\"wp-block-column is-layout-flow wp-block-column-is-layout-flow\">\n<figure class=\"wp-block-image size-large\"><img loading=\"lazy\" decoding=\"async\" width=\"1116\" height=\"628\" src=\"https:\/\/aeterrasave.net\/webmedia\/wp-content\/uploads\/2025\/07\/foto-5-1116x628.jpg\" alt=\"\" class=\"wp-image-20122\" srcset=\"https:\/\/aeterrasave.net\/webmedia\/wp-content\/uploads\/2025\/07\/foto-5-1116x628.jpg 1116w, https:\/\/aeterrasave.net\/webmedia\/wp-content\/uploads\/2025\/07\/foto-5-768x432.jpg 768w, https:\/\/aeterrasave.net\/webmedia\/wp-content\/uploads\/2025\/07\/foto-5-560x315.jpg 560w, https:\/\/aeterrasave.net\/webmedia\/wp-content\/uploads\/2025\/07\/foto-5.jpg 1600w\" sizes=\"auto, (max-width: 1116px) 100vw, 1116px\" \/><\/figure>\n<\/div>\n\n\n\n<div class=\"wp-block-column is-layout-flow wp-block-column-is-layout-flow\">\n<figure class=\"wp-block-image size-large\"><img loading=\"lazy\" decoding=\"async\" width=\"1116\" height=\"628\" src=\"https:\/\/aeterrasave.net\/webmedia\/wp-content\/uploads\/2025\/07\/foto3-1116x628.jpg\" alt=\"\" class=\"wp-image-20124\" srcset=\"https:\/\/aeterrasave.net\/webmedia\/wp-content\/uploads\/2025\/07\/foto3-1116x628.jpg 1116w, https:\/\/aeterrasave.net\/webmedia\/wp-content\/uploads\/2025\/07\/foto3-768x432.jpg 768w, https:\/\/aeterrasave.net\/webmedia\/wp-content\/uploads\/2025\/07\/foto3-560x315.jpg 560w, https:\/\/aeterrasave.net\/webmedia\/wp-content\/uploads\/2025\/07\/foto3.jpg 1920w\" sizes=\"auto, (max-width: 1116px) 100vw, 1116px\" \/><\/figure>\n<\/div>\n<\/div>\n\n\n\n<div class=\"wp-block-columns is-layout-flex wp-container-core-columns-is-layout-9d6595d7 wp-block-columns-is-layout-flex\">\n<div class=\"wp-block-column is-layout-flow wp-block-column-is-layout-flow\">\n<figure class=\"wp-block-image size-large\"><img loading=\"lazy\" decoding=\"async\" width=\"1080\" height=\"607\" src=\"https:\/\/aeterrasave.net\/webmedia\/wp-content\/uploads\/2025\/07\/foto1-edited.jpg\" alt=\"\" class=\"wp-image-20134\" srcset=\"https:\/\/aeterrasave.net\/webmedia\/wp-content\/uploads\/2025\/07\/foto1-edited.jpg 1080w, https:\/\/aeterrasave.net\/webmedia\/wp-content\/uploads\/2025\/07\/foto1-edited-768x432.jpg 768w, https:\/\/aeterrasave.net\/webmedia\/wp-content\/uploads\/2025\/07\/foto1-edited-560x315.jpg 560w\" sizes=\"auto, (max-width: 1080px) 100vw, 1080px\" \/><\/figure>\n<\/div>\n\n\n\n<div class=\"wp-block-column is-layout-flow wp-block-column-is-layout-flow\">\n<figure class=\"wp-block-image size-large\"><img loading=\"lazy\" decoding=\"async\" width=\"1116\" height=\"628\" src=\"https:\/\/aeterrasave.net\/webmedia\/wp-content\/uploads\/2025\/07\/foto2-3-1116x628.jpg\" alt=\"\" class=\"wp-image-20133\" srcset=\"https:\/\/aeterrasave.net\/webmedia\/wp-content\/uploads\/2025\/07\/foto2-3-1116x628.jpg 1116w, https:\/\/aeterrasave.net\/webmedia\/wp-content\/uploads\/2025\/07\/foto2-3-768x432.jpg 768w, https:\/\/aeterrasave.net\/webmedia\/wp-content\/uploads\/2025\/07\/foto2-3-560x315.jpg 560w, https:\/\/aeterrasave.net\/webmedia\/wp-content\/uploads\/2025\/07\/foto2-3.jpg 1920w\" sizes=\"auto, (max-width: 1116px) 100vw, 1116px\" \/><\/figure>\n<\/div>\n<\/div>\n","protected":false},"excerpt":{"rendered":"<p>No dia 28 de junho, realizou-se a tradicional festa final de ano, festa dos finalistas do Jardim de Inf\u00e2ncia e dos alunos do 4.\u00ba ano.O recinto exterior da escola estava sobrelotado com tanta gente!Tivemos a presen\u00e7a dos v\u00e1rios representantes dos nossos Parceiros Educativos Dire\u00e7\u00e3o do Agrupamento Terras do Ave (Sr. Diretor professor Alberto e o [&hellip;]<\/p>\n","protected":false},"author":8,"featured_media":20121,"comment_status":"closed","ping_status":"closed","sticky":false,"template":"","format":"standard","meta":{"_eb_attr":"","footnotes":""},"categories":[3],"tags":[],"class_list":["post-20120","post","type-post","status-publish","format-standard","has-post-thumbnail","hentry","category-noticias"],"blog_post_layout_featured_media_urls":{"thumbnail":["https:\/\/aeterrasave.net\/webmedia\/wp-content\/uploads\/2025\/07\/foto-inicial-150x150.jpg",150,150,true],"full":["https:\/\/aeterrasave.net\/webmedia\/wp-content\/uploads\/2025\/07\/foto-inicial.jpg",700,315,false]},"categories_names":{"3":{"name":"Not\u00edcias","link":"https:\/\/aeterrasave.net\/webmedia\/category\/noticias\/"}},"tags_names":[],"comments_number":0,"wpmagazine_modules_lite_featured_media_urls":{"thumbnail":["https:\/\/aeterrasave.net\/webmedia\/wp-content\/uploads\/2025\/07\/foto-inicial-150x150.jpg",150,150,true],"cvmm-medium":["https:\/\/aeterrasave.net\/webmedia\/wp-content\/uploads\/2025\/07\/foto-inicial.jpg",300,135,false],"cvmm-medium-plus":["https:\/\/aeterrasave.net\/webmedia\/wp-content\/uploads\/2025\/07\/foto-inicial.jpg",305,137,false],"cvmm-portrait":["https:\/\/aeterrasave.net\/webmedia\/wp-content\/uploads\/2025\/07\/foto-inicial.jpg",400,180,false],"cvmm-medium-square":["https:\/\/aeterrasave.net\/webmedia\/wp-content\/uploads\/2025\/07\/foto-inicial.jpg",600,270,false],"cvmm-large":["https:\/\/aeterrasave.net\/webmedia\/wp-content\/uploads\/2025\/07\/foto-inicial.jpg",700,315,false],"cvmm-small":["https:\/\/aeterrasave.net\/webmedia\/wp-content\/uploads\/2025\/07\/foto-inicial.jpg",130,59,false],"full":["https:\/\/aeterrasave.net\/webmedia\/wp-content\/uploads\/2025\/07\/foto-inicial.jpg",700,315,false]},"_links":{"self":[{"href":"https:\/\/aeterrasave.net\/webmedia\/wp-json\/wp\/v2\/posts\/20120","targetHints":{"allow":["GET"]}}],"collection":[{"href":"https:\/\/aeterrasave.net\/webmedia\/wp-json\/wp\/v2\/posts"}],"about":[{"href":"https:\/\/aeterrasave.net\/webmedia\/wp-json\/wp\/v2\/types\/post"}],"author":[{"embeddable":true,"href":"https:\/\/aeterrasave.net\/webmedia\/wp-json\/wp\/v2\/users\/8"}],"replies":[{"embeddable":true,"href":"https:\/\/aeterrasave.net\/webmedia\/wp-json\/wp\/v2\/comments?post=20120"}],"version-history":[{"count":3,"href":"https:\/\/aeterrasave.net\/webmedia\/wp-json\/wp\/v2\/posts\/20120\/revisions"}],"predecessor-version":[{"id":20137,"href":"https:\/\/aeterrasave.net\/webmedia\/wp-json\/wp\/v2\/posts\/20120\/revisions\/20137"}],"wp:featuredmedia":[{"embeddable":true,"href":"https:\/\/aeterrasave.net\/webmedia\/wp-json\/wp\/v2\/media\/20121"}],"wp:attachment":[{"href":"https:\/\/aeterrasave.net\/webmedia\/wp-json\/wp\/v2\/media?parent=20120"}],"wp:term":[{"taxonomy":"category","embeddable":true,"href":"https:\/\/aeterrasave.net\/webmedia\/wp-json\/wp\/v2\/categories?post=20120"},{"taxonomy":"post_tag","embeddable":true,"href":"https:\/\/aeterrasave.net\/webmedia\/wp-json\/wp\/v2\/tags?post=20120"}],"curies":[{"name":"wp","href":"https:\/\/api.w.org\/{rel}","templated":true}]}}