{"id":20313,"date":"2025-09-08T16:04:08","date_gmt":"2025-09-08T15:04:08","guid":{"rendered":"https:\/\/aeterrasave.net\/webmedia\/?p=20313"},"modified":"2025-09-08T16:04:08","modified_gmt":"2025-09-08T15:04:08","slug":"cheque-dentista-informacao","status":"publish","type":"post","link":"https:\/\/aeterrasave.net\/webmedia\/cheque-dentista-informacao\/","title":{"rendered":"Cheque dentista-informa\u00e7\u00e3o"},"content":{"rendered":"\n<p>Divulga-se a informa\u00e7\u00e3o enviada pela Gestora do PNPSO \u2013 Polo de Famalic\u00e3o, com o objetivo de incentivar uma maior ades\u00e3o \u00e0 utiliza\u00e7\u00e3o dos cheques-dentista.<\/p>\n\n\n\n<p><br>No ano <strong>letivo 2024\/2025<\/strong>, foram emitidos cheques-dentista pela Unidade de Sa\u00fade P\u00fablica e entregues pela escola \u00e0s crian\u00e7as e jovens nascidos em <strong>2017, 2014 e 2011<\/strong>. Estes cheques t\u00eam validade at\u00e9 <strong>31 de outubro de 2025<\/strong>.<\/p>\n\n\n\n<p>Solicita-se a sua utiliza\u00e7\u00e3o atempada, de forma a permitir a realiza\u00e7\u00e3o dos procedimentos necess\u00e1rios no \u00e2mbito da sa\u00fade oral e possibilitar, sempre que indicado, a emiss\u00e3o de cheques-dentista interm\u00e9dios pelo m\u00e9dico de fam\u00edlia:<\/p>\n\n\n\n<ul class=\"wp-block-list\">\n<li><strong>Aos 8 e 9 anos<\/strong>, caso tenha sido utilizado o cheque dos 7 anos;<\/li>\n\n\n\n<li><strong>Aos 11 e 12 anos<\/strong>, caso tenha sido utilizado o cheque dos 10 anos;<\/li>\n\n\n\n<li><strong>Aos 14 anos<\/strong>, caso tenha sido utilizado o cheque dos 13 anos;<\/li>\n\n\n\n<li><strong>Aos 16 e 18 anos<\/strong>, emitidos pela respetiva Unidade de Sa\u00fade Familiar.<\/li>\n<\/ul>\n\n\n\n<p>Para mais informa\u00e7\u00f5es consulte:<br>https:\/\/www.saudeoral.min-saude.pt\/<\/p>\n","protected":false},"excerpt":{"rendered":"<p>Divulga-se a informa\u00e7\u00e3o enviada pela Gestora do PNPSO \u2013 Polo de Famalic\u00e3o, com o objetivo de incentivar uma maior ades\u00e3o \u00e0 utiliza\u00e7\u00e3o dos cheques-dentista. No ano letivo 2024\/2025, foram emitidos cheques-dentista pela Unidade de Sa\u00fade P\u00fablica e entregues pela escola \u00e0s crian\u00e7as e jovens nascidos em 2017, 2014 e 2011. Estes cheques t\u00eam validade at\u00e9 [&hellip;]<\/p>\n","protected":false},"author":37,"featured_media":20317,"comment_status":"closed","ping_status":"closed","sticky":false,"template":"","format":"standard","meta":{"_eb_attr":"","footnotes":""},"categories":[3,38],"tags":[],"class_list":["post-20313","post","type-post","status-publish","format-standard","has-post-thumbnail","hentry","category-noticias","category-saude"],"blog_post_layout_featured_media_urls":{"thumbnail":["https:\/\/aeterrasave.net\/webmedia\/wp-content\/uploads\/2025\/09\/cheque-150x130.png",150,130,true],"full":["https:\/\/aeterrasave.net\/webmedia\/wp-content\/uploads\/2025\/09\/cheque.png",386,130,false]},"categories_names":{"3":{"name":"Not\u00edcias","link":"https:\/\/aeterrasave.net\/webmedia\/category\/noticias\/"},"38":{"name":"Sa\u00fade","link":"https:\/\/aeterrasave.net\/webmedia\/category\/saude\/"}},"tags_names":[],"comments_number":0,"wpmagazine_modules_lite_featured_media_urls":{"thumbnail":["https:\/\/aeterrasave.net\/webmedia\/wp-content\/uploads\/2025\/09\/cheque-150x130.png",150,130,true],"cvmm-medium":["https:\/\/aeterrasave.net\/webmedia\/wp-content\/uploads\/2025\/09\/cheque.png",300,101,false],"cvmm-medium-plus":["https:\/\/aeterrasave.net\/webmedia\/wp-content\/uploads\/2025\/09\/cheque.png",305,103,false],"cvmm-portrait":["https:\/\/aeterrasave.net\/webmedia\/wp-content\/uploads\/2025\/09\/cheque.png",386,130,false],"cvmm-medium-square":["https:\/\/aeterrasave.net\/webmedia\/wp-content\/uploads\/2025\/09\/cheque.png",386,130,false],"cvmm-large":["https:\/\/aeterrasave.net\/webmedia\/wp-content\/uploads\/2025\/09\/cheque.png",386,130,false],"cvmm-small":["https:\/\/aeterrasave.net\/webmedia\/wp-content\/uploads\/2025\/09\/cheque.png",130,44,false],"full":["https:\/\/aeterrasave.net\/webmedia\/wp-content\/uploads\/2025\/09\/cheque.png",386,130,false]},"_links":{"self":[{"href":"https:\/\/aeterrasave.net\/webmedia\/wp-json\/wp\/v2\/posts\/20313","targetHints":{"allow":["GET"]}}],"collection":[{"href":"https:\/\/aeterrasave.net\/webmedia\/wp-json\/wp\/v2\/posts"}],"about":[{"href":"https:\/\/aeterrasave.net\/webmedia\/wp-json\/wp\/v2\/types\/post"}],"author":[{"embeddable":true,"href":"https:\/\/aeterrasave.net\/webmedia\/wp-json\/wp\/v2\/users\/37"}],"replies":[{"embeddable":true,"href":"https:\/\/aeterrasave.net\/webmedia\/wp-json\/wp\/v2\/comments?post=20313"}],"version-history":[{"count":2,"href":"https:\/\/aeterrasave.net\/webmedia\/wp-json\/wp\/v2\/posts\/20313\/revisions"}],"predecessor-version":[{"id":20318,"href":"https:\/\/aeterrasave.net\/webmedia\/wp-json\/wp\/v2\/posts\/20313\/revisions\/20318"}],"wp:featuredmedia":[{"embeddable":true,"href":"https:\/\/aeterrasave.net\/webmedia\/wp-json\/wp\/v2\/media\/20317"}],"wp:attachment":[{"href":"https:\/\/aeterrasave.net\/webmedia\/wp-json\/wp\/v2\/media?parent=20313"}],"wp:term":[{"taxonomy":"category","embeddable":true,"href":"https:\/\/aeterrasave.net\/webmedia\/wp-json\/wp\/v2\/categories?post=20313"},{"taxonomy":"post_tag","embeddable":true,"href":"https:\/\/aeterrasave.net\/webmedia\/wp-json\/wp\/v2\/tags?post=20313"}],"curies":[{"name":"wp","href":"https:\/\/api.w.org\/{rel}","templated":true}]}}