{"id":20319,"date":"2025-09-11T23:26:01","date_gmt":"2025-09-11T22:26:01","guid":{"rendered":"https:\/\/aeterrasave.net\/webmedia\/?p=20319"},"modified":"2025-09-11T23:28:47","modified_gmt":"2025-09-11T22:28:47","slug":"atividade-de-voluntariado-em-equipa-no-ambito-do-corpo-europeu-de-solidariedade-teve-inicio-esta-semana-na-eb-terras-do-ave","status":"publish","type":"post","link":"https:\/\/aeterrasave.net\/webmedia\/atividade-de-voluntariado-em-equipa-no-ambito-do-corpo-europeu-de-solidariedade-teve-inicio-esta-semana-na-eb-terras-do-ave\/","title":{"rendered":"Atividade de voluntariado em equipa, no \u00e2mbito do Corpo Europeu de Solidariedade, teve in\u00edcio esta semana, na EB Terras do Ave"},"content":{"rendered":"\n<p>Onte, dia 10 de setembro de 2025, teve in\u00edcio a atividade de voluntariado em equipa, no \u00e2mbito do Corpo Europeu de Solidariedade, que conta com a participa\u00e7\u00e3o de 10 jovens volunt\u00e1rios europeus (provenientes de It\u00e1lia e Espenha) e nacionais (jovens ex-alunas da nossa escola). <\/p>\n\n\n\n<p>Durante 14 dias, esta equipa ir\u00e1 desenvolver workshops com os nossos alunos, no \u00e2mbito da Semana do Acolhimento e da Empatia, ir\u00e3o dar o seu contributo na melhoria da fachada da nosa escola, juntamente com os nossos alunos, e ir\u00e3o dinamizar os intervalos, de forma criativa e din\u00e2mica. <\/p>\n\n\n\n<p>Com este projeto, pretendemos n\u00e3o s\u00f3 aproximar culturas e fortalecer la\u00e7os de empatia, mas tamb\u00e9m inspirar os alunos a alargar horizontes e a acreditarem no poder da colabora\u00e7\u00e3o, da criatividade e da solidariedade. Assim, quem sabe, ser\u00e3o eles os futuros volunt\u00e1rios c\u00e1 dentro e l\u00e1 fora!<\/p>\n\n\n\n<figure class=\"wp-block-image size-large\"><img loading=\"lazy\" decoding=\"async\" width=\"837\" height=\"628\" src=\"https:\/\/aeterrasave.net\/webmedia\/wp-content\/uploads\/2025\/09\/Captura-de-ecra-2025-09-11-232454-837x628.png\" alt=\"\" class=\"wp-image-20320\" srcset=\"https:\/\/aeterrasave.net\/webmedia\/wp-content\/uploads\/2025\/09\/Captura-de-ecra-2025-09-11-232454-837x628.png 837w, https:\/\/aeterrasave.net\/webmedia\/wp-content\/uploads\/2025\/09\/Captura-de-ecra-2025-09-11-232454-768x576.png 768w, https:\/\/aeterrasave.net\/webmedia\/wp-content\/uploads\/2025\/09\/Captura-de-ecra-2025-09-11-232454-560x420.png 560w, https:\/\/aeterrasave.net\/webmedia\/wp-content\/uploads\/2025\/09\/Captura-de-ecra-2025-09-11-232454.png 862w\" sizes=\"auto, (max-width: 837px) 100vw, 837px\" \/><\/figure>\n\n\n\n<figure class=\"wp-block-pullquote\"><blockquote><p><\/p><\/blockquote><\/figure>\n\n\n\n<figure class=\"wp-block-image size-full\"><img loading=\"lazy\" decoding=\"async\" width=\"740\" height=\"370\" src=\"https:\/\/aeterrasave.net\/webmedia\/wp-content\/uploads\/2025\/09\/corpo-de-solidariedade.png\" alt=\"\" class=\"wp-image-20323\" srcset=\"https:\/\/aeterrasave.net\/webmedia\/wp-content\/uploads\/2025\/09\/corpo-de-solidariedade.png 740w, https:\/\/aeterrasave.net\/webmedia\/wp-content\/uploads\/2025\/09\/corpo-de-solidariedade-560x280.png 560w\" sizes=\"auto, (max-width: 740px) 100vw, 740px\" \/><\/figure>\n\n\n\n<figure class=\"wp-block-image size-large\"><img loading=\"lazy\" decoding=\"async\" width=\"1200\" height=\"215\" src=\"https:\/\/aeterrasave.net\/webmedia\/wp-content\/uploads\/2025\/09\/PTCofinanciadopelaUniaoEuropeia_cor-1200x215.png\" alt=\"\" class=\"wp-image-20324\" srcset=\"https:\/\/aeterrasave.net\/webmedia\/wp-content\/uploads\/2025\/09\/PTCofinanciadopelaUniaoEuropeia_cor-1200x215.png 1200w, https:\/\/aeterrasave.net\/webmedia\/wp-content\/uploads\/2025\/09\/PTCofinanciadopelaUniaoEuropeia_cor-768x137.png 768w, https:\/\/aeterrasave.net\/webmedia\/wp-content\/uploads\/2025\/09\/PTCofinanciadopelaUniaoEuropeia_cor-560x100.png 560w\" sizes=\"auto, (max-width: 1200px) 100vw, 1200px\" \/><\/figure>\n","protected":false},"excerpt":{"rendered":"<p>Onte, dia 10 de setembro de 2025, teve in\u00edcio a atividade de voluntariado em equipa, no \u00e2mbito do Corpo Europeu de Solidariedade, que conta com a participa\u00e7\u00e3o de 10 jovens volunt\u00e1rios europeus (provenientes de It\u00e1lia e Espenha) e nacionais (jovens ex-alunas da nossa escola). Durante 14 dias, esta equipa ir\u00e1 desenvolver workshops com os nossos [&hellip;]<\/p>\n","protected":false},"author":20,"featured_media":20320,"comment_status":"closed","ping_status":"closed","sticky":false,"template":"","format":"standard","meta":{"_eb_attr":"","footnotes":""},"categories":[115,3],"tags":[],"class_list":["post-20319","post","type-post","status-publish","format-standard","has-post-thumbnail","hentry","category-news","category-noticias"],"blog_post_layout_featured_media_urls":{"thumbnail":["https:\/\/aeterrasave.net\/webmedia\/wp-content\/uploads\/2025\/09\/Captura-de-ecra-2025-09-11-232454-150x150.png",150,150,true],"full":["https:\/\/aeterrasave.net\/webmedia\/wp-content\/uploads\/2025\/09\/Captura-de-ecra-2025-09-11-232454.png",862,647,false]},"categories_names":{"115":{"name":"News","link":"https:\/\/aeterrasave.net\/webmedia\/category\/news\/"},"3":{"name":"Not\u00edcias","link":"https:\/\/aeterrasave.net\/webmedia\/category\/noticias\/"}},"tags_names":[],"comments_number":0,"wpmagazine_modules_lite_featured_media_urls":{"thumbnail":["https:\/\/aeterrasave.net\/webmedia\/wp-content\/uploads\/2025\/09\/Captura-de-ecra-2025-09-11-232454-150x150.png",150,150,true],"cvmm-medium":["https:\/\/aeterrasave.net\/webmedia\/wp-content\/uploads\/2025\/09\/Captura-de-ecra-2025-09-11-232454.png",300,225,false],"cvmm-medium-plus":["https:\/\/aeterrasave.net\/webmedia\/wp-content\/uploads\/2025\/09\/Captura-de-ecra-2025-09-11-232454.png",276,207,false],"cvmm-portrait":["https:\/\/aeterrasave.net\/webmedia\/wp-content\/uploads\/2025\/09\/Captura-de-ecra-2025-09-11-232454.png",400,300,false],"cvmm-medium-square":["https:\/\/aeterrasave.net\/webmedia\/wp-content\/uploads\/2025\/09\/Captura-de-ecra-2025-09-11-232454.png",600,450,false],"cvmm-large":["https:\/\/aeterrasave.net\/webmedia\/wp-content\/uploads\/2025\/09\/Captura-de-ecra-2025-09-11-232454.png",862,647,false],"cvmm-small":["https:\/\/aeterrasave.net\/webmedia\/wp-content\/uploads\/2025\/09\/Captura-de-ecra-2025-09-11-232454.png",127,95,false],"full":["https:\/\/aeterrasave.net\/webmedia\/wp-content\/uploads\/2025\/09\/Captura-de-ecra-2025-09-11-232454.png",862,647,false]},"_links":{"self":[{"href":"https:\/\/aeterrasave.net\/webmedia\/wp-json\/wp\/v2\/posts\/20319","targetHints":{"allow":["GET"]}}],"collection":[{"href":"https:\/\/aeterrasave.net\/webmedia\/wp-json\/wp\/v2\/posts"}],"about":[{"href":"https:\/\/aeterrasave.net\/webmedia\/wp-json\/wp\/v2\/types\/post"}],"author":[{"embeddable":true,"href":"https:\/\/aeterrasave.net\/webmedia\/wp-json\/wp\/v2\/users\/20"}],"replies":[{"embeddable":true,"href":"https:\/\/aeterrasave.net\/webmedia\/wp-json\/wp\/v2\/comments?post=20319"}],"version-history":[{"count":2,"href":"https:\/\/aeterrasave.net\/webmedia\/wp-json\/wp\/v2\/posts\/20319\/revisions"}],"predecessor-version":[{"id":20325,"href":"https:\/\/aeterrasave.net\/webmedia\/wp-json\/wp\/v2\/posts\/20319\/revisions\/20325"}],"wp:featuredmedia":[{"embeddable":true,"href":"https:\/\/aeterrasave.net\/webmedia\/wp-json\/wp\/v2\/media\/20320"}],"wp:attachment":[{"href":"https:\/\/aeterrasave.net\/webmedia\/wp-json\/wp\/v2\/media?parent=20319"}],"wp:term":[{"taxonomy":"category","embeddable":true,"href":"https:\/\/aeterrasave.net\/webmedia\/wp-json\/wp\/v2\/categories?post=20319"},{"taxonomy":"post_tag","embeddable":true,"href":"https:\/\/aeterrasave.net\/webmedia\/wp-json\/wp\/v2\/tags?post=20319"}],"curies":[{"name":"wp","href":"https:\/\/api.w.org\/{rel}","templated":true}]}}