{"id":20437,"date":"2025-09-24T17:18:14","date_gmt":"2025-09-24T16:18:14","guid":{"rendered":"https:\/\/aeterrasave.net\/webmedia\/?p=20437"},"modified":"2025-09-24T17:18:15","modified_gmt":"2025-09-24T16:18:15","slug":"voluntarios-do-corpo-europeu-de-solidariedade-deixaram-a-sua-marca-na-escola-embelezando-a-imagem-de-entrada","status":"publish","type":"post","link":"https:\/\/aeterrasave.net\/webmedia\/voluntarios-do-corpo-europeu-de-solidariedade-deixaram-a-sua-marca-na-escola-embelezando-a-imagem-de-entrada\/","title":{"rendered":"Volunt\u00e1rios do Corpo Europeu de Solidariedade deixaram a sua marca na escola, embelezando a  imagem de entrada!"},"content":{"rendered":"\n<p>Os jovens volunt\u00e1rios do <strong>Corpo Europeu de Solidariedade<\/strong> deram um contributo valioso para a melhoria da imagem da nossa escola, ao melhorarem o <strong>mural <\/strong>que enche de cor e significado o espa\u00e7os de entrada da escola.<\/p>\n\n\n\n<p>Mais do que um trabalho est\u00e9tico, o mural resultou de um trabalho<strong> colaborativo<\/strong>, envolvendo os alunos que tiveram a oportunidade de participar no processo. Esta experi\u00eancia permitiu que cada um deixasse a sua marca, refor\u00e7ando a ideia de perten\u00e7a e valorizando a escola como espa\u00e7o comum.<\/p>\n\n\n\n<p>O resultado final traduz-se numa obra coletiva que n\u00e3o s\u00f3 embeleza o espa\u00e7o escolar, como tamb\u00e9m simboliza valores de <strong>solidariedade, coopera\u00e7\u00e3o e empatia<\/strong>. Esperemos que estes momentos fiquem como mem\u00f3ria da passagem dos volunt\u00e1rios pela escola e como inspira\u00e7\u00e3o di\u00e1ria para todos os alunos.<\/p>\n\n\n\n<figure class=\"wp-block-image size-large\"><img loading=\"lazy\" decoding=\"async\" width=\"837\" height=\"628\" src=\"https:\/\/aeterrasave.net\/webmedia\/wp-content\/uploads\/2025\/09\/IMG-20250923-WA0023-837x628.jpg\" alt=\"\" class=\"wp-image-20439\" srcset=\"https:\/\/aeterrasave.net\/webmedia\/wp-content\/uploads\/2025\/09\/IMG-20250923-WA0023-837x628.jpg 837w, https:\/\/aeterrasave.net\/webmedia\/wp-content\/uploads\/2025\/09\/IMG-20250923-WA0023-768x576.jpg 768w, https:\/\/aeterrasave.net\/webmedia\/wp-content\/uploads\/2025\/09\/IMG-20250923-WA0023-560x420.jpg 560w\" sizes=\"auto, (max-width: 837px) 100vw, 837px\" \/><\/figure>\n\n\n\n<figure class=\"wp-block-image size-full\"><img loading=\"lazy\" decoding=\"async\" width=\"433\" height=\"577\" src=\"https:\/\/aeterrasave.net\/webmedia\/wp-content\/uploads\/2025\/09\/IMG_20250923_125050.jpg\" alt=\"\" class=\"wp-image-20440\" \/><\/figure>\n\n\n\n<figure class=\"wp-block-image size-large\"><img loading=\"lazy\" decoding=\"async\" width=\"837\" height=\"628\" src=\"https:\/\/aeterrasave.net\/webmedia\/wp-content\/uploads\/2025\/09\/IMG_20250924_084230-837x628.jpg\" alt=\"\" class=\"wp-image-20441\" srcset=\"https:\/\/aeterrasave.net\/webmedia\/wp-content\/uploads\/2025\/09\/IMG_20250924_084230-837x628.jpg 837w, https:\/\/aeterrasave.net\/webmedia\/wp-content\/uploads\/2025\/09\/IMG_20250924_084230-768x576.jpg 768w, https:\/\/aeterrasave.net\/webmedia\/wp-content\/uploads\/2025\/09\/IMG_20250924_084230-560x420.jpg 560w\" sizes=\"auto, (max-width: 837px) 100vw, 837px\" \/><\/figure>\n\n\n\n<figure class=\"wp-block-image size-full\"><img loading=\"lazy\" decoding=\"async\" width=\"559\" height=\"111\" src=\"https:\/\/aeterrasave.net\/webmedia\/wp-content\/uploads\/2025\/09\/esc-logo-pt.png\" alt=\"\" class=\"wp-image-20442\" \/><\/figure>\n\n\n\n<figure class=\"wp-block-image size-full\"><img loading=\"lazy\" decoding=\"async\" width=\"531\" height=\"95\" src=\"https:\/\/aeterrasave.net\/webmedia\/wp-content\/uploads\/2025\/09\/transferir-1.png\" alt=\"\" class=\"wp-image-20443\" \/><\/figure>\n","protected":false},"excerpt":{"rendered":"<p>Os jovens volunt\u00e1rios do Corpo Europeu de Solidariedade deram um contributo valioso para a melhoria da imagem da nossa escola, ao melhorarem o mural que enche de cor e significado o espa\u00e7os de entrada da escola. Mais do que um trabalho est\u00e9tico, o mural resultou de um trabalho colaborativo, envolvendo os alunos que tiveram a [&hellip;]<\/p>\n","protected":false},"author":20,"featured_media":20438,"comment_status":"closed","ping_status":"closed","sticky":false,"template":"","format":"standard","meta":{"_eb_attr":"","footnotes":""},"categories":[115,3],"tags":[],"class_list":["post-20437","post","type-post","status-publish","format-standard","has-post-thumbnail","hentry","category-news","category-noticias"],"blog_post_layout_featured_media_urls":{"thumbnail":["https:\/\/aeterrasave.net\/webmedia\/wp-content\/uploads\/2025\/09\/IMG-20250923-WA0000-150x150.jpg",150,150,true],"full":["https:\/\/aeterrasave.net\/webmedia\/wp-content\/uploads\/2025\/09\/IMG-20250923-WA0000.jpg",1200,1600,false]},"categories_names":{"115":{"name":"News","link":"https:\/\/aeterrasave.net\/webmedia\/category\/news\/"},"3":{"name":"Not\u00edcias","link":"https:\/\/aeterrasave.net\/webmedia\/category\/noticias\/"}},"tags_names":[],"comments_number":0,"wpmagazine_modules_lite_featured_media_urls":{"thumbnail":["https:\/\/aeterrasave.net\/webmedia\/wp-content\/uploads\/2025\/09\/IMG-20250923-WA0000-150x150.jpg",150,150,true],"cvmm-medium":["https:\/\/aeterrasave.net\/webmedia\/wp-content\/uploads\/2025\/09\/IMG-20250923-WA0000.jpg",225,300,false],"cvmm-medium-plus":["https:\/\/aeterrasave.net\/webmedia\/wp-content\/uploads\/2025\/09\/IMG-20250923-WA0000.jpg",155,207,false],"cvmm-portrait":["https:\/\/aeterrasave.net\/webmedia\/wp-content\/uploads\/2025\/09\/IMG-20250923-WA0000.jpg",400,533,false],"cvmm-medium-square":["https:\/\/aeterrasave.net\/webmedia\/wp-content\/uploads\/2025\/09\/IMG-20250923-WA0000.jpg",450,600,false],"cvmm-large":["https:\/\/aeterrasave.net\/webmedia\/wp-content\/uploads\/2025\/09\/IMG-20250923-WA0000.jpg",768,1024,false],"cvmm-small":["https:\/\/aeterrasave.net\/webmedia\/wp-content\/uploads\/2025\/09\/IMG-20250923-WA0000.jpg",71,95,false],"full":["https:\/\/aeterrasave.net\/webmedia\/wp-content\/uploads\/2025\/09\/IMG-20250923-WA0000.jpg",1200,1600,false]},"_links":{"self":[{"href":"https:\/\/aeterrasave.net\/webmedia\/wp-json\/wp\/v2\/posts\/20437","targetHints":{"allow":["GET"]}}],"collection":[{"href":"https:\/\/aeterrasave.net\/webmedia\/wp-json\/wp\/v2\/posts"}],"about":[{"href":"https:\/\/aeterrasave.net\/webmedia\/wp-json\/wp\/v2\/types\/post"}],"author":[{"embeddable":true,"href":"https:\/\/aeterrasave.net\/webmedia\/wp-json\/wp\/v2\/users\/20"}],"replies":[{"embeddable":true,"href":"https:\/\/aeterrasave.net\/webmedia\/wp-json\/wp\/v2\/comments?post=20437"}],"version-history":[{"count":1,"href":"https:\/\/aeterrasave.net\/webmedia\/wp-json\/wp\/v2\/posts\/20437\/revisions"}],"predecessor-version":[{"id":20444,"href":"https:\/\/aeterrasave.net\/webmedia\/wp-json\/wp\/v2\/posts\/20437\/revisions\/20444"}],"wp:featuredmedia":[{"embeddable":true,"href":"https:\/\/aeterrasave.net\/webmedia\/wp-json\/wp\/v2\/media\/20438"}],"wp:attachment":[{"href":"https:\/\/aeterrasave.net\/webmedia\/wp-json\/wp\/v2\/media?parent=20437"}],"wp:term":[{"taxonomy":"category","embeddable":true,"href":"https:\/\/aeterrasave.net\/webmedia\/wp-json\/wp\/v2\/categories?post=20437"},{"taxonomy":"post_tag","embeddable":true,"href":"https:\/\/aeterrasave.net\/webmedia\/wp-json\/wp\/v2\/tags?post=20437"}],"curies":[{"name":"wp","href":"https:\/\/api.w.org\/{rel}","templated":true}]}}