{"id":20680,"date":"2025-10-17T09:25:52","date_gmt":"2025-10-17T08:25:52","guid":{"rendered":"https:\/\/aeterrasave.net\/webmedia\/?p=20680"},"modified":"2025-10-17T09:25:53","modified_gmt":"2025-10-17T08:25:53","slug":"%f0%9f%8c%bd-criancas-do-jardim-de-infancia-de-oliveira-de-s-mateus-celebram-a-tradicao-com-uma-desfolhada-especial-%f0%9f%8c%bd-%f0%9f%8c%bd-%f0%9f%8c%bd-%f0%9f%8c%bd","status":"publish","type":"post","link":"https:\/\/aeterrasave.net\/webmedia\/%f0%9f%8c%bd-criancas-do-jardim-de-infancia-de-oliveira-de-s-mateus-celebram-a-tradicao-com-uma-desfolhada-especial-%f0%9f%8c%bd-%f0%9f%8c%bd-%f0%9f%8c%bd-%f0%9f%8c%bd\/","title":{"rendered":"\ud83c\udf3d Crian\u00e7as do Jardim de Inf\u00e2ncia de Oliveira de S. Mateus celebram a tradi\u00e7\u00e3o com uma Desfolhada Especial \ud83c\udf3d \ud83c\udf3d \ud83c\udf3d \ud83c\udf3d"},"content":{"rendered":"\n<p>O Jardim de Inf\u00e2ncia Oliveira de S. Mateus reviveu, no passado dia 13 de outubro, uma das mais queridas tradi\u00e7\u00f5es rurais portuguesas \u2014 <strong>a desfolhada<\/strong>. A atividade contou com a participa\u00e7\u00e3o entusiasta das crian\u00e7as, para celebrar as colheitas de outono de forma divertida e pedag\u00f3gica.<\/p>\n\n\n\n<p>A \u201cfloresta\u201d transformou-se num verdadeiro cen\u00e1rio campestre, com um monte de espigas de milho.<\/p>\n\n\n\n<p>A iniciativa teve como objetivo <strong>promover o contacto com as tradi\u00e7\u00f5es populares<\/strong> proporcionando \u00e0s crian\u00e7as uma experi\u00eancia sensorial e educativa fora da sala de aula.<\/p>\n\n\n\n<p>Foi uma manh\u00e3 cheia de alegria, descoberta e esp\u00edrito de comunidade \u2014 uma verdadeira <strong>festa da colheita<\/strong>.<\/p>\n\n\n\n<figure class=\"wp-block-image size-large is-resized\"><img loading=\"lazy\" decoding=\"async\" width=\"283\" height=\"628\" src=\"https:\/\/aeterrasave.net\/webmedia\/wp-content\/uploads\/2025\/10\/IMG-20251016-WA0003-283x628.jpg\" alt=\"\" class=\"wp-image-20681\" style=\"width:459px;height:auto\" srcset=\"https:\/\/aeterrasave.net\/webmedia\/wp-content\/uploads\/2025\/10\/IMG-20251016-WA0003-283x628.jpg 283w, https:\/\/aeterrasave.net\/webmedia\/wp-content\/uploads\/2025\/10\/IMG-20251016-WA0003-504x1120.jpg 504w, https:\/\/aeterrasave.net\/webmedia\/wp-content\/uploads\/2025\/10\/IMG-20251016-WA0003.jpg 720w\" sizes=\"auto, (max-width: 283px) 100vw, 283px\" \/><\/figure>\n","protected":false},"excerpt":{"rendered":"<p>O Jardim de Inf\u00e2ncia Oliveira de S. Mateus reviveu, no passado dia 13 de outubro, uma das mais queridas tradi\u00e7\u00f5es rurais portuguesas \u2014 a desfolhada. A atividade contou com a participa\u00e7\u00e3o entusiasta das crian\u00e7as, para celebrar as colheitas de outono de forma divertida e pedag\u00f3gica. A \u201cfloresta\u201d transformou-se num verdadeiro cen\u00e1rio campestre, com um monte [&hellip;]<\/p>\n","protected":false},"author":11,"featured_media":20682,"comment_status":"closed","ping_status":"closed","sticky":false,"template":"","format":"standard","meta":{"_eb_attr":"","footnotes":""},"categories":[115],"tags":[],"class_list":["post-20680","post","type-post","status-publish","format-standard","has-post-thumbnail","hentry","category-news"],"blog_post_layout_featured_media_urls":{"thumbnail":["https:\/\/aeterrasave.net\/webmedia\/wp-content\/uploads\/2025\/10\/IMG-20251016-WA0006-150x150.jpg",150,150,true],"full":["https:\/\/aeterrasave.net\/webmedia\/wp-content\/uploads\/2025\/10\/IMG-20251016-WA0006-e1760689500591.jpg",719,1598,false]},"categories_names":{"115":{"name":"News","link":"https:\/\/aeterrasave.net\/webmedia\/category\/news\/"}},"tags_names":[],"comments_number":0,"wpmagazine_modules_lite_featured_media_urls":{"thumbnail":["https:\/\/aeterrasave.net\/webmedia\/wp-content\/uploads\/2025\/10\/IMG-20251016-WA0006-150x150.jpg",150,150,true],"cvmm-medium":["https:\/\/aeterrasave.net\/webmedia\/wp-content\/uploads\/2025\/10\/IMG-20251016-WA0006-e1760689500591.jpg",135,300,false],"cvmm-medium-plus":["https:\/\/aeterrasave.net\/webmedia\/wp-content\/uploads\/2025\/10\/IMG-20251016-WA0006-e1760689500591.jpg",93,207,false],"cvmm-portrait":["https:\/\/aeterrasave.net\/webmedia\/wp-content\/uploads\/2025\/10\/IMG-20251016-WA0006-e1760689500591.jpg",270,600,false],"cvmm-medium-square":["https:\/\/aeterrasave.net\/webmedia\/wp-content\/uploads\/2025\/10\/IMG-20251016-WA0006-e1760689500591.jpg",270,600,false],"cvmm-large":["https:\/\/aeterrasave.net\/webmedia\/wp-content\/uploads\/2025\/10\/IMG-20251016-WA0006-e1760689500591.jpg",461,1024,false],"cvmm-small":["https:\/\/aeterrasave.net\/webmedia\/wp-content\/uploads\/2025\/10\/IMG-20251016-WA0006-e1760689500591.jpg",43,95,false],"full":["https:\/\/aeterrasave.net\/webmedia\/wp-content\/uploads\/2025\/10\/IMG-20251016-WA0006-e1760689500591.jpg",719,1598,false]},"_links":{"self":[{"href":"https:\/\/aeterrasave.net\/webmedia\/wp-json\/wp\/v2\/posts\/20680","targetHints":{"allow":["GET"]}}],"collection":[{"href":"https:\/\/aeterrasave.net\/webmedia\/wp-json\/wp\/v2\/posts"}],"about":[{"href":"https:\/\/aeterrasave.net\/webmedia\/wp-json\/wp\/v2\/types\/post"}],"author":[{"embeddable":true,"href":"https:\/\/aeterrasave.net\/webmedia\/wp-json\/wp\/v2\/users\/11"}],"replies":[{"embeddable":true,"href":"https:\/\/aeterrasave.net\/webmedia\/wp-json\/wp\/v2\/comments?post=20680"}],"version-history":[{"count":2,"href":"https:\/\/aeterrasave.net\/webmedia\/wp-json\/wp\/v2\/posts\/20680\/revisions"}],"predecessor-version":[{"id":20684,"href":"https:\/\/aeterrasave.net\/webmedia\/wp-json\/wp\/v2\/posts\/20680\/revisions\/20684"}],"wp:featuredmedia":[{"embeddable":true,"href":"https:\/\/aeterrasave.net\/webmedia\/wp-json\/wp\/v2\/media\/20682"}],"wp:attachment":[{"href":"https:\/\/aeterrasave.net\/webmedia\/wp-json\/wp\/v2\/media?parent=20680"}],"wp:term":[{"taxonomy":"category","embeddable":true,"href":"https:\/\/aeterrasave.net\/webmedia\/wp-json\/wp\/v2\/categories?post=20680"},{"taxonomy":"post_tag","embeddable":true,"href":"https:\/\/aeterrasave.net\/webmedia\/wp-json\/wp\/v2\/tags?post=20680"}],"curies":[{"name":"wp","href":"https:\/\/api.w.org\/{rel}","templated":true}]}}