{"id":21044,"date":"2025-11-07T01:48:54","date_gmt":"2025-11-07T00:48:54","guid":{"rendered":"https:\/\/aeterrasave.net\/webmedia\/?p=21044"},"modified":"2025-11-07T01:49:16","modified_gmt":"2025-11-07T00:49:16","slug":"clube-de-jornalismo-do-aeta-acolhe-alunos-de-azpeitia","status":"publish","type":"post","link":"https:\/\/aeterrasave.net\/webmedia\/clube-de-jornalismo-do-aeta-acolhe-alunos-de-azpeitia\/","title":{"rendered":"Clube de Jornalismo do AETA &#8220;acolhe&#8221; alunos de Azpeitia"},"content":{"rendered":"\n<p><\/p>\n\n\n\n<p>\u201cConversas Improv\u00e1veis\u201d est\u00e3o de volta.<\/p>\n\n\n\n<p>O dia <strong>5 de novembro<\/strong> foi verdadeiramente especial! Tivemos o privil\u00e9gio de abrir as portas do nosso Clube para acolher um grupo de alunos de <strong>Azpeitia<\/strong><strong>,<\/strong> no <strong>Pa\u00eds Basco<\/strong>, que se encontram em <strong>Pedome<\/strong> no \u00e2mbito do <strong>projeto Erasmus+<\/strong><strong>.<\/strong><\/p>\n\n\n\n<p>Esta iniciativa, centrada na <strong>promo\u00e7\u00e3o da leitura<\/strong> e na <strong>coopera\u00e7\u00e3o entre escolas <\/strong><strong>europeias<\/strong><strong>,<\/strong> proporcionou momentos de <strong>partilha, aprendizagem e alegria<\/strong><strong>,<\/strong> onde a diversidade cultural se transformou em ponte de uni\u00e3o e amizade.<\/p>\n\n\n\n<p>Foram <strong>instantes enriquecedores e inspiradores<\/strong>, repletos de sorrisos, descobertas e viv\u00eancias \u00fanicas &#8211; mem\u00f3rias que ficar\u00e3o <strong>eternizadas nestas imagens<\/strong> e nos cora\u00e7\u00f5es de todos os que participaram.<\/p>\n\n\n\n<p><a href=\"https:\/\/www.youtube.com\/watch?v=JEpkDYsyVTc&amp;t=25s\">Erasmus + \u2013 Alunos de Azpeitia, Pa\u00eds Basco<\/a><\/p>\n\n\n\n<p><\/p>\n","protected":false},"excerpt":{"rendered":"<p>\u201cConversas Improv\u00e1veis\u201d est\u00e3o de volta. O dia 5 de novembro foi verdadeiramente especial! Tivemos o privil\u00e9gio de abrir as portas do nosso Clube para acolher um grupo de alunos de Azpeitia, no Pa\u00eds Basco, que se encontram em Pedome no \u00e2mbito do projeto Erasmus+. Esta iniciativa, centrada na promo\u00e7\u00e3o da leitura e na coopera\u00e7\u00e3o entre [&hellip;]<\/p>\n","protected":false},"author":14,"featured_media":21045,"comment_status":"closed","ping_status":"closed","sticky":false,"template":"","format":"standard","meta":{"_eb_attr":"","footnotes":""},"categories":[3],"tags":[],"class_list":["post-21044","post","type-post","status-publish","format-standard","has-post-thumbnail","hentry","category-noticias"],"blog_post_layout_featured_media_urls":{"thumbnail":["https:\/\/aeterrasave.net\/webmedia\/wp-content\/uploads\/2025\/11\/Destaque-150x150.png",150,150,true],"full":["https:\/\/aeterrasave.net\/webmedia\/wp-content\/uploads\/2025\/11\/Destaque.png",800,373,false]},"categories_names":{"3":{"name":"Not\u00edcias","link":"https:\/\/aeterrasave.net\/webmedia\/category\/noticias\/"}},"tags_names":[],"comments_number":0,"wpmagazine_modules_lite_featured_media_urls":{"thumbnail":["https:\/\/aeterrasave.net\/webmedia\/wp-content\/uploads\/2025\/11\/Destaque-150x150.png",150,150,true],"cvmm-medium":["https:\/\/aeterrasave.net\/webmedia\/wp-content\/uploads\/2025\/11\/Destaque-300x300.png",300,300,true],"cvmm-medium-plus":["https:\/\/aeterrasave.net\/webmedia\/wp-content\/uploads\/2025\/11\/Destaque-305x207.png",305,207,true],"cvmm-portrait":["https:\/\/aeterrasave.net\/webmedia\/wp-content\/uploads\/2025\/11\/Destaque-400x373.png",400,373,true],"cvmm-medium-square":["https:\/\/aeterrasave.net\/webmedia\/wp-content\/uploads\/2025\/11\/Destaque-600x373.png",600,373,true],"cvmm-large":["https:\/\/aeterrasave.net\/webmedia\/wp-content\/uploads\/2025\/11\/Destaque.png",800,373,false],"cvmm-small":["https:\/\/aeterrasave.net\/webmedia\/wp-content\/uploads\/2025\/11\/Destaque-130x95.png",130,95,true],"full":["https:\/\/aeterrasave.net\/webmedia\/wp-content\/uploads\/2025\/11\/Destaque.png",800,373,false]},"_links":{"self":[{"href":"https:\/\/aeterrasave.net\/webmedia\/wp-json\/wp\/v2\/posts\/21044","targetHints":{"allow":["GET"]}}],"collection":[{"href":"https:\/\/aeterrasave.net\/webmedia\/wp-json\/wp\/v2\/posts"}],"about":[{"href":"https:\/\/aeterrasave.net\/webmedia\/wp-json\/wp\/v2\/types\/post"}],"author":[{"embeddable":true,"href":"https:\/\/aeterrasave.net\/webmedia\/wp-json\/wp\/v2\/users\/14"}],"replies":[{"embeddable":true,"href":"https:\/\/aeterrasave.net\/webmedia\/wp-json\/wp\/v2\/comments?post=21044"}],"version-history":[{"count":1,"href":"https:\/\/aeterrasave.net\/webmedia\/wp-json\/wp\/v2\/posts\/21044\/revisions"}],"predecessor-version":[{"id":21046,"href":"https:\/\/aeterrasave.net\/webmedia\/wp-json\/wp\/v2\/posts\/21044\/revisions\/21046"}],"wp:featuredmedia":[{"embeddable":true,"href":"https:\/\/aeterrasave.net\/webmedia\/wp-json\/wp\/v2\/media\/21045"}],"wp:attachment":[{"href":"https:\/\/aeterrasave.net\/webmedia\/wp-json\/wp\/v2\/media?parent=21044"}],"wp:term":[{"taxonomy":"category","embeddable":true,"href":"https:\/\/aeterrasave.net\/webmedia\/wp-json\/wp\/v2\/categories?post=21044"},{"taxonomy":"post_tag","embeddable":true,"href":"https:\/\/aeterrasave.net\/webmedia\/wp-json\/wp\/v2\/tags?post=21044"}],"curies":[{"name":"wp","href":"https:\/\/api.w.org\/{rel}","templated":true}]}}