{"id":21199,"date":"2025-11-12T17:30:58","date_gmt":"2025-11-12T16:30:58","guid":{"rendered":"https:\/\/aeterrasave.net\/webmedia\/?p=21199"},"modified":"2025-11-12T17:30:59","modified_gmt":"2025-11-12T16:30:59","slug":"escola-aberta-venha-descobrir-o-futuro-na-eb-terras-do-ave","status":"publish","type":"post","link":"https:\/\/aeterrasave.net\/webmedia\/escola-aberta-venha-descobrir-o-futuro-na-eb-terras-do-ave\/","title":{"rendered":"Escola Aberta \u2013 Venha descobrir o futuro na EB Terras do Ave!"},"content":{"rendered":"\n<p>Caros membros da Comunidade Educativa,<\/p>\n\n\n\n<p>Temos o prazer de convidar toda a comunidade educativa para participar na iniciativa&nbsp;Escola Aberta que decorrer\u00e1 no pr\u00f3xima s\u00e1bado, 15 de novembro, das 10h00 \u00e0s 12h00, na EB Terras do Ave<\/p>\n\n\n\n<p>Este evento pretende dar a conhecer o ambiente educativo, os projetos e as oportunidades que oferecemos diariamente aos alunos que frequentam a EB Terras do Ave, bem como mostrar o compromisso da escola com uma educa\u00e7\u00e3o de qualidade, moderna e inclusiva.<\/p>\n\n\n\n<p>Ser\u00e1 uma excelente ocasi\u00e3o para conhecer de perto os espa\u00e7os, professores, clubes e atividades que tornam a nossa escola um lugar de crescimento, criatividade e sucesso.<\/p>\n\n\n\n<h3 class=\"wp-block-heading\"><strong>Programa<\/strong><\/h3>\n\n\n\n<p><strong>10h00 \u2013 Sess\u00e3o de Boas-Vindas<\/strong><br>Audit\u00f3rio | Abertura oficial e apresenta\u00e7\u00e3o da escola.<\/p>\n\n\n\n<p><strong>10h30 \u2013 Encontro com o Autor<\/strong><br>Biblioteca Escolar | Apresenta\u00e7\u00e3o do livro&nbsp;<em>\u201cA menina do n\u00e3o\u201d<\/em>, com o autor famalicense&nbsp;<strong>Francisco Andr\u00e9 Silva<\/strong>.<\/p>\n\n\n\n<p><strong>11h00 \u2013 Momento de Relaxamento e Bem-Estar<\/strong><br>Espa\u00e7o E360_2 | Atividade de mindfulness aberta a toda a comunidade.<\/p>\n\n\n\n<p><strong>11h20 &#8211; Associa\u00e7\u00e3o de Matraquilhos de Pedome&nbsp;(<\/strong>AMAPE)<\/p>\n\n\n\n<p>\u00c1trio interior da escola<\/p>\n\n\n\n<p><strong>11h30 \u2013 Visita Guiada \u00e0 Escola<\/strong><br>Ponto de Encontro: Painel Erasmus | Descubra os nossos projetos, laborat\u00f3rios e clubes.<\/p>\n\n\n\n<h3 class=\"wp-block-heading\"><strong>Atividades a decorrer entre as 10h00 e as 12h00<\/strong><\/h3>\n\n\n\n<ul class=\"wp-block-list\">\n<li><img decoding=\"async\" src=\"https:\/\/fonts.gstatic.com\/s\/e\/notoemoji\/16.0\/1f52c\/72.png\" alt=\"\ud83d\udd2c\">\u00a0<strong>Explora a Ci\u00eancia!<\/strong>\u00a0\u2013 Laborat\u00f3rios de Ci\u00eancias (Salas 9 e 10)<\/li>\n\n\n\n<li><img decoding=\"async\" src=\"https:\/\/fonts.gstatic.com\/s\/e\/notoemoji\/16.0\/1f916\/72.png\" alt=\"\ud83e\udd16\">\u00a0<strong>Rob\u00f3tica e Inova\u00e7\u00e3o<\/strong>\u00a0\u2013 Clube de Rob\u00f3tica (E360_1)<\/li>\n\n\n\n<li><img decoding=\"async\" src=\"https:\/\/fonts.gstatic.com\/s\/e\/notoemoji\/16.0\/1f3a8\/72.png\" alt=\"\ud83c\udfa8\">\u00a0<strong>Atelier Criativo<\/strong>\u00a0\u2013 Express\u00e3o Pl\u00e1stica (Sala 13)<\/li>\n\n\n\n<li><img decoding=\"async\" src=\"https:\/\/fonts.gstatic.com\/s\/e\/notoemoji\/16.0\/1f5e3_fe0f\/72.png\" alt=\"\ud83d\udde3\ufe0f\">\u00a0<strong>Mundo das L\u00ednguas<\/strong>\u00a0\u2013 Jogos e desafios lingu\u00edsticos (Salas 6, 7 e 8)<\/li>\n\n\n\n<li><img decoding=\"async\" src=\"https:\/\/fonts.gstatic.com\/s\/e\/notoemoji\/16.0\/1f30d\/72.png\" alt=\"\ud83c\udf0d\">\u00a0<strong>Descobrir o Mundo<\/strong>\u00a0\u2013 Ci\u00eancias Sociais e Humanas (Sala 11)<\/li>\n\n\n\n<li><img decoding=\"async\" src=\"https:\/\/fonts.gstatic.com\/s\/e\/notoemoji\/16.0\/1f4aa\/72.png\" alt=\"\ud83d\udcaa\">\u00a0<strong>Desporto e Movimento<\/strong>\u00a0\u2013 Circuito G\u00edmnico (Pavilh\u00e3o)<\/li>\n\n\n\n<li><img decoding=\"async\" src=\"https:\/\/fonts.gstatic.com\/s\/e\/notoemoji\/16.0\/1f374\/72.png\" alt=\"\ud83c\udf74\">\u00a0<strong>Sabores e Culturas<\/strong>\u00a0\u2013 Clube de L\u00ednguas e Culin\u00e1ria (Sala do Aluno)<\/li>\n\n\n\n<li><img decoding=\"async\" src=\"https:\/\/fonts.gstatic.com\/s\/e\/notoemoji\/16.0\/1f9e0\/72.png\" alt=\"\ud83e\udde0\">\u00a0<strong>STEAM Lab<\/strong>\u00a0\u2013 Ci\u00eancia e Tecnologia para mentes curiosas<\/li>\n\n\n\n<li><img decoding=\"async\" src=\"https:\/\/fonts.gstatic.com\/s\/e\/notoemoji\/16.0\/1f3b2\/72.png\" alt=\"\ud83c\udfb2\">\u00a0<strong>Jogos e Divers\u00e3o<\/strong>\u00a0\u2013 Espa\u00e7o exterior e corredores<\/li>\n<\/ul>\n\n\n\n<p><strong>Contamos com a sua presen\u00e7a!<\/strong><br>Venha conhecer de perto o trabalho desenvolvido na EB Terras do Ave, onde aprender \u00e9 crescer com confian\u00e7a, curiosidade e entusiasmo.<\/p>\n\n\n\n<figure class=\"wp-block-gallery has-nested-images columns-default is-cropped wp-block-gallery-1 is-layout-flex wp-block-gallery-is-layout-flex\">\n<figure class=\"wp-block-image size-large\"><img loading=\"lazy\" decoding=\"async\" width=\"444\" height=\"628\" data-id=\"21200\" src=\"https:\/\/aeterrasave.net\/webmedia\/wp-content\/uploads\/2025\/11\/Escola-Aberta-1-444x628.png\" alt=\"\" class=\"wp-image-21200\" srcset=\"https:\/\/aeterrasave.net\/webmedia\/wp-content\/uploads\/2025\/11\/Escola-Aberta-1-444x628.png 444w, https:\/\/aeterrasave.net\/webmedia\/wp-content\/uploads\/2025\/11\/Escola-Aberta-1-768x1086.png 768w, https:\/\/aeterrasave.net\/webmedia\/wp-content\/uploads\/2025\/11\/Escola-Aberta-1-560x792.png 560w, https:\/\/aeterrasave.net\/webmedia\/wp-content\/uploads\/2025\/11\/Escola-Aberta-1.png 1587w\" sizes=\"auto, (max-width: 444px) 100vw, 444px\" \/><\/figure>\n<\/figure>\n\n\n\n<figure class=\"wp-block-gallery has-nested-images columns-default is-cropped wp-block-gallery-2 is-layout-flex wp-block-gallery-is-layout-flex\">\n<figure class=\"wp-block-image size-large\"><img loading=\"lazy\" decoding=\"async\" width=\"444\" height=\"628\" data-id=\"21201\" src=\"https:\/\/aeterrasave.net\/webmedia\/wp-content\/uploads\/2025\/11\/2-444x628.png\" alt=\"\" class=\"wp-image-21201\" srcset=\"https:\/\/aeterrasave.net\/webmedia\/wp-content\/uploads\/2025\/11\/2-444x628.png 444w, https:\/\/aeterrasave.net\/webmedia\/wp-content\/uploads\/2025\/11\/2-768x1086.png 768w, https:\/\/aeterrasave.net\/webmedia\/wp-content\/uploads\/2025\/11\/2-560x792.png 560w, https:\/\/aeterrasave.net\/webmedia\/wp-content\/uploads\/2025\/11\/2.png 1587w\" sizes=\"auto, (max-width: 444px) 100vw, 444px\" \/><\/figure>\n<\/figure>\n","protected":false},"excerpt":{"rendered":"<p>Caros membros da Comunidade Educativa, Temos o prazer de convidar toda a comunidade educativa para participar na iniciativa&nbsp;Escola Aberta que decorrer\u00e1 no pr\u00f3xima s\u00e1bado, 15 de novembro, das 10h00 \u00e0s 12h00, na EB Terras do Ave Este evento pretende dar a conhecer o ambiente educativo, os projetos e as oportunidades que oferecemos diariamente aos alunos [&hellip;]<\/p>\n","protected":false},"author":15,"featured_media":21200,"comment_status":"closed","ping_status":"closed","sticky":false,"template":"","format":"standard","meta":{"_eb_attr":"","footnotes":""},"categories":[3],"tags":[],"class_list":["post-21199","post","type-post","status-publish","format-standard","has-post-thumbnail","hentry","category-noticias"],"blog_post_layout_featured_media_urls":{"thumbnail":["https:\/\/aeterrasave.net\/webmedia\/wp-content\/uploads\/2025\/11\/Escola-Aberta-1-150x150.png",150,150,true],"full":["https:\/\/aeterrasave.net\/webmedia\/wp-content\/uploads\/2025\/11\/Escola-Aberta-1.png",1587,2245,false]},"categories_names":{"3":{"name":"Not\u00edcias","link":"https:\/\/aeterrasave.net\/webmedia\/category\/noticias\/"}},"tags_names":[],"comments_number":0,"wpmagazine_modules_lite_featured_media_urls":{"thumbnail":["https:\/\/aeterrasave.net\/webmedia\/wp-content\/uploads\/2025\/11\/Escola-Aberta-1-150x150.png",150,150,true],"cvmm-medium":["https:\/\/aeterrasave.net\/webmedia\/wp-content\/uploads\/2025\/11\/Escola-Aberta-1-300x300.png",300,300,true],"cvmm-medium-plus":["https:\/\/aeterrasave.net\/webmedia\/wp-content\/uploads\/2025\/11\/Escola-Aberta-1-305x207.png",305,207,true],"cvmm-portrait":["https:\/\/aeterrasave.net\/webmedia\/wp-content\/uploads\/2025\/11\/Escola-Aberta-1-400x600.png",400,600,true],"cvmm-medium-square":["https:\/\/aeterrasave.net\/webmedia\/wp-content\/uploads\/2025\/11\/Escola-Aberta-1-600x600.png",600,600,true],"cvmm-large":["https:\/\/aeterrasave.net\/webmedia\/wp-content\/uploads\/2025\/11\/Escola-Aberta-1-1024x1024.png",1024,1024,true],"cvmm-small":["https:\/\/aeterrasave.net\/webmedia\/wp-content\/uploads\/2025\/11\/Escola-Aberta-1-130x95.png",130,95,true],"full":["https:\/\/aeterrasave.net\/webmedia\/wp-content\/uploads\/2025\/11\/Escola-Aberta-1.png",1587,2245,false]},"_links":{"self":[{"href":"https:\/\/aeterrasave.net\/webmedia\/wp-json\/wp\/v2\/posts\/21199","targetHints":{"allow":["GET"]}}],"collection":[{"href":"https:\/\/aeterrasave.net\/webmedia\/wp-json\/wp\/v2\/posts"}],"about":[{"href":"https:\/\/aeterrasave.net\/webmedia\/wp-json\/wp\/v2\/types\/post"}],"author":[{"embeddable":true,"href":"https:\/\/aeterrasave.net\/webmedia\/wp-json\/wp\/v2\/users\/15"}],"replies":[{"embeddable":true,"href":"https:\/\/aeterrasave.net\/webmedia\/wp-json\/wp\/v2\/comments?post=21199"}],"version-history":[{"count":1,"href":"https:\/\/aeterrasave.net\/webmedia\/wp-json\/wp\/v2\/posts\/21199\/revisions"}],"predecessor-version":[{"id":21202,"href":"https:\/\/aeterrasave.net\/webmedia\/wp-json\/wp\/v2\/posts\/21199\/revisions\/21202"}],"wp:featuredmedia":[{"embeddable":true,"href":"https:\/\/aeterrasave.net\/webmedia\/wp-json\/wp\/v2\/media\/21200"}],"wp:attachment":[{"href":"https:\/\/aeterrasave.net\/webmedia\/wp-json\/wp\/v2\/media?parent=21199"}],"wp:term":[{"taxonomy":"category","embeddable":true,"href":"https:\/\/aeterrasave.net\/webmedia\/wp-json\/wp\/v2\/categories?post=21199"},{"taxonomy":"post_tag","embeddable":true,"href":"https:\/\/aeterrasave.net\/webmedia\/wp-json\/wp\/v2\/tags?post=21199"}],"curies":[{"name":"wp","href":"https:\/\/api.w.org\/{rel}","templated":true}]}}