{"id":21249,"date":"2025-11-16T15:39:33","date_gmt":"2025-11-16T14:39:33","guid":{"rendered":"https:\/\/aeterrasave.net\/webmedia\/?p=21249"},"modified":"2025-11-16T15:39:34","modified_gmt":"2025-11-16T14:39:34","slug":"clube-de-jornalismo-esteve-presente-na-iniciativa-escola-aberta","status":"publish","type":"post","link":"https:\/\/aeterrasave.net\/webmedia\/clube-de-jornalismo-esteve-presente-na-iniciativa-escola-aberta\/","title":{"rendered":"Clube de Jornalismo esteve presente na iniciativa Escola Aberta"},"content":{"rendered":"\n<p>Ontem, dia 15 de novembro, a EB Terras do Ave recebeu alunos do 3.\u00ba e 4.\u00ba anos do Agrupamento e os seus encarregados de educa\u00e7\u00e3o.<\/p>\n\n\n\n<p>Este encontro pretendeu abrir as portas da EB Terras do Ave \u00e0 comunidade, dando a conhecer a forma como trabalhamos, as iniciativas que desenvolvemos e as experi\u00eancias que proporcionamos aos nossos alunos, refletindo a nossa aposta numa educa\u00e7\u00e3o atual, acolhedora e de excel\u00eancia.<\/p>\n\n\n\n<p>Foi um momento ideal para explorar a escola, conversar com os professores e descobrir os projetos, clubes e din\u00e2micas que fazem deste espa\u00e7o um ambiente onde os estudantes podem crescer, experimentar e alcan\u00e7ar o seu potencial.<\/p>\n\n\n\n<p>O Clube de Jornalismo AETA esteve l\u00e1 e partilha convosco a nossa reportagem.<\/p>\n\n\n\n<figure class=\"wp-block-embed is-type-video is-provider-youtube wp-block-embed-youtube wp-embed-aspect-16-9 wp-has-aspect-ratio\"><div class=\"wp-block-embed__wrapper\">\n<iframe loading=\"lazy\" title=\"Escola Aberta   Clube de Jornalismo AETA\" width=\"640\" height=\"360\" src=\"https:\/\/www.youtube.com\/embed\/gyGhzsBo9gg?feature=oembed\" frameborder=\"0\" allow=\"accelerometer; autoplay; clipboard-write; encrypted-media; gyroscope; picture-in-picture; web-share\" referrerpolicy=\"strict-origin-when-cross-origin\" allowfullscreen><\/iframe>\n<\/div><\/figure>\n","protected":false},"excerpt":{"rendered":"<p>Ontem, dia 15 de novembro, a EB Terras do Ave recebeu alunos do 3.\u00ba e 4.\u00ba anos do Agrupamento e os seus encarregados de educa\u00e7\u00e3o. Este encontro pretendeu abrir as portas da EB Terras do Ave \u00e0 comunidade, dando a conhecer a forma como trabalhamos, as iniciativas que desenvolvemos e as experi\u00eancias que proporcionamos aos [&hellip;]<\/p>\n","protected":false},"author":14,"featured_media":21250,"comment_status":"closed","ping_status":"closed","sticky":false,"template":"","format":"standard","meta":{"_eb_attr":"","footnotes":""},"categories":[3],"tags":[],"class_list":["post-21249","post","type-post","status-publish","format-standard","has-post-thumbnail","hentry","category-noticias"],"blog_post_layout_featured_media_urls":{"thumbnail":["https:\/\/aeterrasave.net\/webmedia\/wp-content\/uploads\/2025\/11\/Clube-Jornalismo-150x150.png",150,150,true],"full":["https:\/\/aeterrasave.net\/webmedia\/wp-content\/uploads\/2025\/11\/Clube-Jornalismo.png",800,450,false]},"categories_names":{"3":{"name":"Not\u00edcias","link":"https:\/\/aeterrasave.net\/webmedia\/category\/noticias\/"}},"tags_names":[],"comments_number":0,"wpmagazine_modules_lite_featured_media_urls":{"thumbnail":["https:\/\/aeterrasave.net\/webmedia\/wp-content\/uploads\/2025\/11\/Clube-Jornalismo-150x150.png",150,150,true],"cvmm-medium":["https:\/\/aeterrasave.net\/webmedia\/wp-content\/uploads\/2025\/11\/Clube-Jornalismo-300x300.png",300,300,true],"cvmm-medium-plus":["https:\/\/aeterrasave.net\/webmedia\/wp-content\/uploads\/2025\/11\/Clube-Jornalismo-305x207.png",305,207,true],"cvmm-portrait":["https:\/\/aeterrasave.net\/webmedia\/wp-content\/uploads\/2025\/11\/Clube-Jornalismo-400x450.png",400,450,true],"cvmm-medium-square":["https:\/\/aeterrasave.net\/webmedia\/wp-content\/uploads\/2025\/11\/Clube-Jornalismo-600x450.png",600,450,true],"cvmm-large":["https:\/\/aeterrasave.net\/webmedia\/wp-content\/uploads\/2025\/11\/Clube-Jornalismo.png",800,450,false],"cvmm-small":["https:\/\/aeterrasave.net\/webmedia\/wp-content\/uploads\/2025\/11\/Clube-Jornalismo-130x95.png",130,95,true],"full":["https:\/\/aeterrasave.net\/webmedia\/wp-content\/uploads\/2025\/11\/Clube-Jornalismo.png",800,450,false]},"_links":{"self":[{"href":"https:\/\/aeterrasave.net\/webmedia\/wp-json\/wp\/v2\/posts\/21249","targetHints":{"allow":["GET"]}}],"collection":[{"href":"https:\/\/aeterrasave.net\/webmedia\/wp-json\/wp\/v2\/posts"}],"about":[{"href":"https:\/\/aeterrasave.net\/webmedia\/wp-json\/wp\/v2\/types\/post"}],"author":[{"embeddable":true,"href":"https:\/\/aeterrasave.net\/webmedia\/wp-json\/wp\/v2\/users\/14"}],"replies":[{"embeddable":true,"href":"https:\/\/aeterrasave.net\/webmedia\/wp-json\/wp\/v2\/comments?post=21249"}],"version-history":[{"count":1,"href":"https:\/\/aeterrasave.net\/webmedia\/wp-json\/wp\/v2\/posts\/21249\/revisions"}],"predecessor-version":[{"id":21251,"href":"https:\/\/aeterrasave.net\/webmedia\/wp-json\/wp\/v2\/posts\/21249\/revisions\/21251"}],"wp:featuredmedia":[{"embeddable":true,"href":"https:\/\/aeterrasave.net\/webmedia\/wp-json\/wp\/v2\/media\/21250"}],"wp:attachment":[{"href":"https:\/\/aeterrasave.net\/webmedia\/wp-json\/wp\/v2\/media?parent=21249"}],"wp:term":[{"taxonomy":"category","embeddable":true,"href":"https:\/\/aeterrasave.net\/webmedia\/wp-json\/wp\/v2\/categories?post=21249"},{"taxonomy":"post_tag","embeddable":true,"href":"https:\/\/aeterrasave.net\/webmedia\/wp-json\/wp\/v2\/tags?post=21249"}],"curies":[{"name":"wp","href":"https:\/\/api.w.org\/{rel}","templated":true}]}}