{"id":21266,"date":"2025-11-18T16:13:51","date_gmt":"2025-11-18T15:13:51","guid":{"rendered":"https:\/\/aeterrasave.net\/webmedia\/?p=21266"},"modified":"2025-11-18T16:23:03","modified_gmt":"2025-11-18T15:23:03","slug":"alunos-do-1-o-ano-da-eb-terras-do-ave-participam-em-laboratorios-de-energia","status":"publish","type":"post","link":"https:\/\/aeterrasave.net\/webmedia\/alunos-do-1-o-ano-da-eb-terras-do-ave-participam-em-laboratorios-de-energia\/","title":{"rendered":"Alunos do 1.\u00ba Ano da EB Terras do Ave Participam em \u201cLaborat\u00f3rios de Energia\u201d"},"content":{"rendered":"\n<p>Os alunos da turma F1 do 1.\u00ba ano da Escola B\u00e1sica Terras do Ave participaram na atividade \u201cLaborat\u00f3rios de Energia\u201d, integrada no Plano de Atividades do Gabinete de Sensibiliza\u00e7\u00e3o Ambiental da C\u00e2mara Municipal de Famalic\u00e3o.<br>A iniciativa, realizada em contexto de sala de aula, teve como objetivo despertar nos mais novos a curiosidade cient\u00edfica e promover h\u00e1bitos de cidadania ambiental desde cedo. Ao longo da sess\u00e3o, os alunos envolveram-se em diversas experi\u00eancias pr\u00e1ticas relacionadas com as diferentes formas de energia e com a produ\u00e7\u00e3o de eletricidade, como por exemplo, compreens\u00e3o do funcionamento b\u00e1sico de um circuito el\u00e9trico.<br>A atividade permitiu que os alunos explorassem conceitos cient\u00edficos de forma l\u00fadica e interativa, contribuindo para o desenvolvimento de compet\u00eancias no dom\u00ednio das Ci\u00eancias Naturais e para uma maior consci\u00eancia sobre o papel das energias renov\u00e1veis no futuro do planeta.<\/p>\n\n\n\n<figure class=\"wp-block-gallery has-nested-images columns-default is-cropped wp-block-gallery-1 is-layout-flex wp-block-gallery-is-layout-flex\"><\/figure>\n","protected":false},"excerpt":{"rendered":"<p>Os alunos da turma F1 do 1.\u00ba ano da Escola B\u00e1sica Terras do Ave participaram na atividade \u201cLaborat\u00f3rios de Energia\u201d, integrada no Plano de Atividades do Gabinete de Sensibiliza\u00e7\u00e3o Ambiental da C\u00e2mara Municipal de Famalic\u00e3o.A iniciativa, realizada em contexto de sala de aula, teve como objetivo despertar nos mais novos a curiosidade cient\u00edfica e promover [&hellip;]<\/p>\n","protected":false},"author":7,"featured_media":21267,"comment_status":"closed","ping_status":"closed","sticky":false,"template":"","format":"standard","meta":{"_eb_attr":"","footnotes":""},"categories":[115,3],"tags":[],"class_list":["post-21266","post","type-post","status-publish","format-standard","has-post-thumbnail","hentry","category-news","category-noticias"],"blog_post_layout_featured_media_urls":{"thumbnail":["https:\/\/aeterrasave.net\/webmedia\/wp-content\/uploads\/2025\/11\/image-150x150.png",150,150,true],"full":["https:\/\/aeterrasave.net\/webmedia\/wp-content\/uploads\/2025\/11\/image.png",1058,303,false]},"categories_names":{"115":{"name":"News","link":"https:\/\/aeterrasave.net\/webmedia\/category\/news\/"},"3":{"name":"Not\u00edcias","link":"https:\/\/aeterrasave.net\/webmedia\/category\/noticias\/"}},"tags_names":[],"comments_number":0,"wpmagazine_modules_lite_featured_media_urls":{"thumbnail":["https:\/\/aeterrasave.net\/webmedia\/wp-content\/uploads\/2025\/11\/image-150x150.png",150,150,true],"cvmm-medium":["https:\/\/aeterrasave.net\/webmedia\/wp-content\/uploads\/2025\/11\/image-300x300.png",300,300,true],"cvmm-medium-plus":["https:\/\/aeterrasave.net\/webmedia\/wp-content\/uploads\/2025\/11\/image-305x207.png",305,207,true],"cvmm-portrait":["https:\/\/aeterrasave.net\/webmedia\/wp-content\/uploads\/2025\/11\/image-400x303.png",400,303,true],"cvmm-medium-square":["https:\/\/aeterrasave.net\/webmedia\/wp-content\/uploads\/2025\/11\/image-600x303.png",600,303,true],"cvmm-large":["https:\/\/aeterrasave.net\/webmedia\/wp-content\/uploads\/2025\/11\/image-1024x303.png",1024,303,true],"cvmm-small":["https:\/\/aeterrasave.net\/webmedia\/wp-content\/uploads\/2025\/11\/image-130x95.png",130,95,true],"full":["https:\/\/aeterrasave.net\/webmedia\/wp-content\/uploads\/2025\/11\/image.png",1058,303,false]},"_links":{"self":[{"href":"https:\/\/aeterrasave.net\/webmedia\/wp-json\/wp\/v2\/posts\/21266","targetHints":{"allow":["GET"]}}],"collection":[{"href":"https:\/\/aeterrasave.net\/webmedia\/wp-json\/wp\/v2\/posts"}],"about":[{"href":"https:\/\/aeterrasave.net\/webmedia\/wp-json\/wp\/v2\/types\/post"}],"author":[{"embeddable":true,"href":"https:\/\/aeterrasave.net\/webmedia\/wp-json\/wp\/v2\/users\/7"}],"replies":[{"embeddable":true,"href":"https:\/\/aeterrasave.net\/webmedia\/wp-json\/wp\/v2\/comments?post=21266"}],"version-history":[{"count":5,"href":"https:\/\/aeterrasave.net\/webmedia\/wp-json\/wp\/v2\/posts\/21266\/revisions"}],"predecessor-version":[{"id":21282,"href":"https:\/\/aeterrasave.net\/webmedia\/wp-json\/wp\/v2\/posts\/21266\/revisions\/21282"}],"wp:featuredmedia":[{"embeddable":true,"href":"https:\/\/aeterrasave.net\/webmedia\/wp-json\/wp\/v2\/media\/21267"}],"wp:attachment":[{"href":"https:\/\/aeterrasave.net\/webmedia\/wp-json\/wp\/v2\/media?parent=21266"}],"wp:term":[{"taxonomy":"category","embeddable":true,"href":"https:\/\/aeterrasave.net\/webmedia\/wp-json\/wp\/v2\/categories?post=21266"},{"taxonomy":"post_tag","embeddable":true,"href":"https:\/\/aeterrasave.net\/webmedia\/wp-json\/wp\/v2\/tags?post=21266"}],"curies":[{"name":"wp","href":"https:\/\/api.w.org\/{rel}","templated":true}]}}