{"id":21484,"date":"2025-12-10T10:54:20","date_gmt":"2025-12-10T09:54:20","guid":{"rendered":"https:\/\/aeterrasave.net\/webmedia\/?p=21484"},"modified":"2025-12-10T10:54:21","modified_gmt":"2025-12-10T09:54:21","slug":"mercado-de-natal-eb-terras-do-ave-uma-festa-que-une-escola-e-comunidade","status":"publish","type":"post","link":"https:\/\/aeterrasave.net\/webmedia\/mercado-de-natal-eb-terras-do-ave-uma-festa-que-une-escola-e-comunidade\/","title":{"rendered":"Mercado de Natal &#8211; EB Terras do Ave &#8211; Uma festa que une escola e comunidade"},"content":{"rendered":"\n<p>\u00c9 j\u00e1 no dia 12 de dezembro, sexta-feira, que a EB Terras do Ave abre as portas ao verdadeiro Esp\u00edrito de Natal, convidando alunos, fam\u00edlias e toda a comunidade a viver uma noite especial repleta de luz, m\u00fasica e tradi\u00e7\u00e3o.<\/p>\n\n\n\n<p><strong>Abertura do Mercado: 19h00<\/strong><br>O recinto transforma-se num aut\u00eantico mercado natal\u00edcio, com bancas decoradas e muitas iguarias para saborear. Do tradicional caldo verde bem quentinho \u00e0s batatas fritas t\u00edpicas dos mercados europeus, sem esquecer outras del\u00edcias preparadas com carinho, h\u00e1 sabores para todos os gostos!<\/p>\n\n\n\n<p><strong>Momento Cultural: a partir das 19h30<\/strong><br>A magia come\u00e7a com a atua\u00e7\u00e3o da Orquestra de 3.\u00ba ciclo do CCM, que dar\u00e1 o tom festivo \u00e0 noite. Mas a cultura n\u00e3o fica por aqui: ao longo da noite, v\u00e1rios grupos e alunos da escola sobem ao palco para apresentar m\u00fasica, dan\u00e7a e outras performances que mostram o talento e a criatividade da nossa comunidade escolar.<\/p>\n\n\n\n<p>O Mercado de Natal da EB Terras do Ave \u00e9 um momento de encontro, partilha e celebra\u00e7\u00e3o. Um evento onde as luzes brilham mais forte, os sorrisos se multiplicam e o Natal \u00e9 vivido em plenitude.<\/p>\n\n\n\n<p><strong>Venha celebrar connosco!<\/strong><br>Traga a fam\u00edlia, convide os amigos e participe nesta noite inesquec\u00edvel. O Natal acontece aqui \u2013 na <strong>EB Terras do Ave<\/strong>. <\/p>\n\n\n\n<figure class=\"wp-block-gallery has-nested-images columns-default is-cropped wp-block-gallery-1 is-layout-flex wp-block-gallery-is-layout-flex\">\n<figure class=\"wp-block-image size-large\"><img loading=\"lazy\" decoding=\"async\" width=\"837\" height=\"628\" data-id=\"21486\" src=\"https:\/\/aeterrasave.net\/webmedia\/wp-content\/uploads\/2025\/12\/484843271_1048956387260695_681868158824537202_n-837x628.jpg\" alt=\"\" class=\"wp-image-21486\" srcset=\"https:\/\/aeterrasave.net\/webmedia\/wp-content\/uploads\/2025\/12\/484843271_1048956387260695_681868158824537202_n-837x628.jpg 837w, https:\/\/aeterrasave.net\/webmedia\/wp-content\/uploads\/2025\/12\/484843271_1048956387260695_681868158824537202_n-768x576.jpg 768w, https:\/\/aeterrasave.net\/webmedia\/wp-content\/uploads\/2025\/12\/484843271_1048956387260695_681868158824537202_n-136x102.jpg 136w, https:\/\/aeterrasave.net\/webmedia\/wp-content\/uploads\/2025\/12\/484843271_1048956387260695_681868158824537202_n-560x420.jpg 560w, https:\/\/aeterrasave.net\/webmedia\/wp-content\/uploads\/2025\/12\/484843271_1048956387260695_681868158824537202_n.jpg 2048w\" sizes=\"auto, (max-width: 837px) 100vw, 837px\" \/><\/figure>\n\n\n\n<figure class=\"wp-block-image size-large\"><img loading=\"lazy\" decoding=\"async\" width=\"471\" height=\"628\" data-id=\"21487\" src=\"https:\/\/aeterrasave.net\/webmedia\/wp-content\/uploads\/2025\/12\/486071600_1099737278864492_4150707150211994732_n-471x628.jpg\" alt=\"\" class=\"wp-image-21487\" srcset=\"https:\/\/aeterrasave.net\/webmedia\/wp-content\/uploads\/2025\/12\/486071600_1099737278864492_4150707150211994732_n-471x628.jpg 471w, https:\/\/aeterrasave.net\/webmedia\/wp-content\/uploads\/2025\/12\/486071600_1099737278864492_4150707150211994732_n-768x1024.jpg 768w, https:\/\/aeterrasave.net\/webmedia\/wp-content\/uploads\/2025\/12\/486071600_1099737278864492_4150707150211994732_n-560x747.jpg 560w, https:\/\/aeterrasave.net\/webmedia\/wp-content\/uploads\/2025\/12\/486071600_1099737278864492_4150707150211994732_n.jpg 1536w\" sizes=\"auto, (max-width: 471px) 100vw, 471px\" \/><\/figure>\n<\/figure>\n","protected":false},"excerpt":{"rendered":"<p>\u00c9 j\u00e1 no dia 12 de dezembro, sexta-feira, que a EB Terras do Ave abre as portas ao verdadeiro Esp\u00edrito de Natal, convidando alunos, fam\u00edlias e toda a comunidade a viver uma noite especial repleta de luz, m\u00fasica e tradi\u00e7\u00e3o. Abertura do Mercado: 19h00O recinto transforma-se num aut\u00eantico mercado natal\u00edcio, com bancas decoradas e muitas [&hellip;]<\/p>\n","protected":false},"author":15,"featured_media":21485,"comment_status":"closed","ping_status":"closed","sticky":false,"template":"","format":"standard","meta":{"_eb_attr":"","footnotes":""},"categories":[3],"tags":[],"class_list":["post-21484","post","type-post","status-publish","format-standard","has-post-thumbnail","hentry","category-noticias"],"blog_post_layout_featured_media_urls":{"thumbnail":["https:\/\/aeterrasave.net\/webmedia\/wp-content\/uploads\/2025\/12\/mercado_natal-150x150.jpg",150,150,true],"full":["https:\/\/aeterrasave.net\/webmedia\/wp-content\/uploads\/2025\/12\/mercado_natal.jpg",512,640,false]},"categories_names":{"3":{"name":"Not\u00edcias","link":"https:\/\/aeterrasave.net\/webmedia\/category\/noticias\/"}},"tags_names":[],"comments_number":0,"wpmagazine_modules_lite_featured_media_urls":{"thumbnail":["https:\/\/aeterrasave.net\/webmedia\/wp-content\/uploads\/2025\/12\/mercado_natal-150x150.jpg",150,150,true],"cvmm-medium":["https:\/\/aeterrasave.net\/webmedia\/wp-content\/uploads\/2025\/12\/mercado_natal-300x300.jpg",300,300,true],"cvmm-medium-plus":["https:\/\/aeterrasave.net\/webmedia\/wp-content\/uploads\/2025\/12\/mercado_natal-305x207.jpg",305,207,true],"cvmm-portrait":["https:\/\/aeterrasave.net\/webmedia\/wp-content\/uploads\/2025\/12\/mercado_natal-400x600.jpg",400,600,true],"cvmm-medium-square":["https:\/\/aeterrasave.net\/webmedia\/wp-content\/uploads\/2025\/12\/mercado_natal-512x600.jpg",512,600,true],"cvmm-large":["https:\/\/aeterrasave.net\/webmedia\/wp-content\/uploads\/2025\/12\/mercado_natal.jpg",512,640,false],"cvmm-small":["https:\/\/aeterrasave.net\/webmedia\/wp-content\/uploads\/2025\/12\/mercado_natal-130x95.jpg",130,95,true],"full":["https:\/\/aeterrasave.net\/webmedia\/wp-content\/uploads\/2025\/12\/mercado_natal.jpg",512,640,false]},"_links":{"self":[{"href":"https:\/\/aeterrasave.net\/webmedia\/wp-json\/wp\/v2\/posts\/21484","targetHints":{"allow":["GET"]}}],"collection":[{"href":"https:\/\/aeterrasave.net\/webmedia\/wp-json\/wp\/v2\/posts"}],"about":[{"href":"https:\/\/aeterrasave.net\/webmedia\/wp-json\/wp\/v2\/types\/post"}],"author":[{"embeddable":true,"href":"https:\/\/aeterrasave.net\/webmedia\/wp-json\/wp\/v2\/users\/15"}],"replies":[{"embeddable":true,"href":"https:\/\/aeterrasave.net\/webmedia\/wp-json\/wp\/v2\/comments?post=21484"}],"version-history":[{"count":1,"href":"https:\/\/aeterrasave.net\/webmedia\/wp-json\/wp\/v2\/posts\/21484\/revisions"}],"predecessor-version":[{"id":21488,"href":"https:\/\/aeterrasave.net\/webmedia\/wp-json\/wp\/v2\/posts\/21484\/revisions\/21488"}],"wp:featuredmedia":[{"embeddable":true,"href":"https:\/\/aeterrasave.net\/webmedia\/wp-json\/wp\/v2\/media\/21485"}],"wp:attachment":[{"href":"https:\/\/aeterrasave.net\/webmedia\/wp-json\/wp\/v2\/media?parent=21484"}],"wp:term":[{"taxonomy":"category","embeddable":true,"href":"https:\/\/aeterrasave.net\/webmedia\/wp-json\/wp\/v2\/categories?post=21484"},{"taxonomy":"post_tag","embeddable":true,"href":"https:\/\/aeterrasave.net\/webmedia\/wp-json\/wp\/v2\/tags?post=21484"}],"curies":[{"name":"wp","href":"https:\/\/api.w.org\/{rel}","templated":true}]}}