{"id":21515,"date":"2025-12-12T16:51:12","date_gmt":"2025-12-12T15:51:12","guid":{"rendered":"https:\/\/aeterrasave.net\/webmedia\/?p=21515"},"modified":"2025-12-12T16:51:14","modified_gmt":"2025-12-12T15:51:14","slug":"21515-2","status":"publish","type":"post","link":"https:\/\/aeterrasave.net\/webmedia\/21515-2\/","title":{"rendered":""},"content":{"rendered":"\n<p>EB de Ruiv\u00e3es recebe apresenta\u00e7\u00e3o da pe\u00e7a \u201cCarolina e a Boneca Bailarina\u201d<\/p>\n\n\n\n<figure class=\"wp-block-image size-large\"><img loading=\"lazy\" decoding=\"async\" width=\"837\" height=\"628\" src=\"https:\/\/aeterrasave.net\/webmedia\/wp-content\/uploads\/2025\/12\/PHOTO-2025-12-12-10-12-061-837x628.jpg\" alt=\"\" class=\"wp-image-21516\" srcset=\"https:\/\/aeterrasave.net\/webmedia\/wp-content\/uploads\/2025\/12\/PHOTO-2025-12-12-10-12-061-837x628.jpg 837w, https:\/\/aeterrasave.net\/webmedia\/wp-content\/uploads\/2025\/12\/PHOTO-2025-12-12-10-12-061-768x576.jpg 768w, https:\/\/aeterrasave.net\/webmedia\/wp-content\/uploads\/2025\/12\/PHOTO-2025-12-12-10-12-061-136x102.jpg 136w, https:\/\/aeterrasave.net\/webmedia\/wp-content\/uploads\/2025\/12\/PHOTO-2025-12-12-10-12-061-560x420.jpg 560w, https:\/\/aeterrasave.net\/webmedia\/wp-content\/uploads\/2025\/12\/PHOTO-2025-12-12-10-12-061.jpg 1600w\" sizes=\"auto, (max-width: 837px) 100vw, 837px\" \/><\/figure>\n\n\n\n<p>A EB de Ruiv\u00e3es, em parceria com a Associa\u00e7\u00e3o de Pais e os pais\/encarregados de educa\u00e7\u00e3o, recebeu hoje a pe\u00e7a de teatro \u201cCarolina e a Boneca Bailarina\u201d, apresentada pela companhia Via3. O espet\u00e1culo, pensado especialmente para esta \u00e9poca festiva, trouxe uma mensagem de Natal centrada na amizade, na partilha e na reflex\u00e3o sobre o excesso de brinquedos que muitas crian\u00e7as acumulam.<\/p>\n\n\n\n<p>Ao longo da apresenta\u00e7\u00e3o, os alunos foram envolvidos por uma hist\u00f3ria m\u00e1gica e cativante, que combinou momentos de humor, emo\u00e7\u00e3o e aprendizagem. A pe\u00e7a destacou-se pela sua beleza visual e pela forma delicada com que abordou temas importantes para o desenvolvimento das crian\u00e7as.<\/p>\n\n\n\n<p>O evento contou com a participa\u00e7\u00e3o ativa da comunidade educativa e proporcionou uma manh\u00e3 diferente, repleta de imagina\u00e7\u00e3o, valores e esp\u00edrito natal\u00edcio.<\/p>\n","protected":false},"excerpt":{"rendered":"<p>EB de Ruiv\u00e3es recebe apresenta\u00e7\u00e3o da pe\u00e7a \u201cCarolina e a Boneca Bailarina\u201d A EB de Ruiv\u00e3es, em parceria com a Associa\u00e7\u00e3o de Pais e os pais\/encarregados de educa\u00e7\u00e3o, recebeu hoje a pe\u00e7a de teatro \u201cCarolina e a Boneca Bailarina\u201d, apresentada pela companhia Via3. O espet\u00e1culo, pensado especialmente para esta \u00e9poca festiva, trouxe uma mensagem de [&hellip;]<\/p>\n","protected":false},"author":9,"featured_media":22989,"comment_status":"closed","ping_status":"closed","sticky":false,"template":"","format":"standard","meta":{"_eb_attr":"","footnotes":""},"categories":[3],"tags":[],"class_list":["post-21515","post","type-post","status-publish","format-standard","has-post-thumbnail","hentry","category-noticias"],"blog_post_layout_featured_media_urls":{"thumbnail":["https:\/\/aeterrasave.net\/webmedia\/wp-content\/uploads\/2026\/04\/Default_AETA_New-150x82.png",150,82,true],"full":["https:\/\/aeterrasave.net\/webmedia\/wp-content\/uploads\/2026\/04\/Default_AETA_New.png",300,82,false]},"categories_names":{"3":{"name":"Not\u00edcias","link":"https:\/\/aeterrasave.net\/webmedia\/category\/noticias\/"}},"tags_names":[],"comments_number":0,"wpmagazine_modules_lite_featured_media_urls":{"thumbnail":["https:\/\/aeterrasave.net\/webmedia\/wp-content\/uploads\/2026\/04\/Default_AETA_New-150x82.png",150,82,true],"cvmm-medium":["https:\/\/aeterrasave.net\/webmedia\/wp-content\/uploads\/2026\/04\/Default_AETA_New.png",300,82,false],"cvmm-medium-plus":["https:\/\/aeterrasave.net\/webmedia\/wp-content\/uploads\/2026\/04\/Default_AETA_New.png",300,82,false],"cvmm-portrait":["https:\/\/aeterrasave.net\/webmedia\/wp-content\/uploads\/2026\/04\/Default_AETA_New.png",300,82,false],"cvmm-medium-square":["https:\/\/aeterrasave.net\/webmedia\/wp-content\/uploads\/2026\/04\/Default_AETA_New.png",300,82,false],"cvmm-large":["https:\/\/aeterrasave.net\/webmedia\/wp-content\/uploads\/2026\/04\/Default_AETA_New.png",300,82,false],"cvmm-small":["https:\/\/aeterrasave.net\/webmedia\/wp-content\/uploads\/2026\/04\/Default_AETA_New-130x82.png",130,82,true],"full":["https:\/\/aeterrasave.net\/webmedia\/wp-content\/uploads\/2026\/04\/Default_AETA_New.png",300,82,false]},"_links":{"self":[{"href":"https:\/\/aeterrasave.net\/webmedia\/wp-json\/wp\/v2\/posts\/21515","targetHints":{"allow":["GET"]}}],"collection":[{"href":"https:\/\/aeterrasave.net\/webmedia\/wp-json\/wp\/v2\/posts"}],"about":[{"href":"https:\/\/aeterrasave.net\/webmedia\/wp-json\/wp\/v2\/types\/post"}],"author":[{"embeddable":true,"href":"https:\/\/aeterrasave.net\/webmedia\/wp-json\/wp\/v2\/users\/9"}],"replies":[{"embeddable":true,"href":"https:\/\/aeterrasave.net\/webmedia\/wp-json\/wp\/v2\/comments?post=21515"}],"version-history":[{"count":1,"href":"https:\/\/aeterrasave.net\/webmedia\/wp-json\/wp\/v2\/posts\/21515\/revisions"}],"predecessor-version":[{"id":21517,"href":"https:\/\/aeterrasave.net\/webmedia\/wp-json\/wp\/v2\/posts\/21515\/revisions\/21517"}],"wp:featuredmedia":[{"embeddable":true,"href":"https:\/\/aeterrasave.net\/webmedia\/wp-json\/wp\/v2\/media\/22989"}],"wp:attachment":[{"href":"https:\/\/aeterrasave.net\/webmedia\/wp-json\/wp\/v2\/media?parent=21515"}],"wp:term":[{"taxonomy":"category","embeddable":true,"href":"https:\/\/aeterrasave.net\/webmedia\/wp-json\/wp\/v2\/categories?post=21515"},{"taxonomy":"post_tag","embeddable":true,"href":"https:\/\/aeterrasave.net\/webmedia\/wp-json\/wp\/v2\/tags?post=21515"}],"curies":[{"name":"wp","href":"https:\/\/api.w.org\/{rel}","templated":true}]}}