{"id":21607,"date":"2025-12-16T12:10:47","date_gmt":"2025-12-16T11:10:47","guid":{"rendered":"https:\/\/aeterrasave.net\/webmedia\/?p=21607"},"modified":"2025-12-16T12:10:48","modified_gmt":"2025-12-16T11:10:48","slug":"mercado-de-natal-2","status":"publish","type":"post","link":"https:\/\/aeterrasave.net\/webmedia\/mercado-de-natal-2\/","title":{"rendered":"Mercado de Natal"},"content":{"rendered":"\n<p>A Escola B\u00e1sica Terras do Ave viveu um dia especial com a realiza\u00e7\u00e3o do tradicional Mercado de Natal, organizado pela Associa\u00e7\u00e3o de Pais, na passada sexta feira, dia 12 de dezembro. Este evento reuniu alunos, professores, assistentes operacionais e encarregados de educa\u00e7\u00e3o num ambiente de conv\u00edvio, partilha e esp\u00edrito natal\u00edcio.<\/p>\n\n\n\n<p>&nbsp;O Mercado de Natal contou com diversas bancas e atividades, promovendo valores como a solidariedade, a coopera\u00e7\u00e3o e o envolvimento ativo dos alunos na vida escolar.<\/p>\n\n\n\n<p>O Gabinete de Apoio ao Aluno e Fam\u00edlia (GAAF) tamb\u00e9m\u00a0esteve presente com a tradicional venda de batatas fritas, muito apreciadas por toda a comunidade escolar. Esta iniciativa permitiu a angaria\u00e7\u00e3o de verbas que ir\u00e3o contribuir para a realiza\u00e7\u00e3o das F\u00e9rias de Ver\u00e3o na Escola<strong>.<\/strong><\/p>\n\n\n\n<p>O GAAF agradece, de forma especial, ao Snack Bar Kanibambo, de Santo Tirso<strong>, <\/strong>pela generosa oferta das batatas, gesto fundamental para o sucesso da iniciativa e para a concretiza\u00e7\u00e3o deste importante projeto educativo.<\/p>\n\n\n\n<figure class=\"wp-block-image size-large\"><img loading=\"lazy\" decoding=\"async\" width=\"408\" height=\"628\" src=\"https:\/\/aeterrasave.net\/webmedia\/wp-content\/uploads\/2025\/12\/1000085787-408x628.jpg\" alt=\"\" class=\"wp-image-21609\" srcset=\"https:\/\/aeterrasave.net\/webmedia\/wp-content\/uploads\/2025\/12\/1000085787-408x628.jpg 408w, https:\/\/aeterrasave.net\/webmedia\/wp-content\/uploads\/2025\/12\/1000085787-768x1181.jpg 768w, https:\/\/aeterrasave.net\/webmedia\/wp-content\/uploads\/2025\/12\/1000085787-560x861.jpg 560w, https:\/\/aeterrasave.net\/webmedia\/wp-content\/uploads\/2025\/12\/1000085787.jpg 1332w\" sizes=\"auto, (max-width: 408px) 100vw, 408px\" \/><\/figure>\n","protected":false},"excerpt":{"rendered":"<p>A Escola B\u00e1sica Terras do Ave viveu um dia especial com a realiza\u00e7\u00e3o do tradicional Mercado de Natal, organizado pela Associa\u00e7\u00e3o de Pais, na passada sexta feira, dia 12 de dezembro. Este evento reuniu alunos, professores, assistentes operacionais e encarregados de educa\u00e7\u00e3o num ambiente de conv\u00edvio, partilha e esp\u00edrito natal\u00edcio. &nbsp;O Mercado de Natal contou [&hellip;]<\/p>\n","protected":false},"author":20,"featured_media":21608,"comment_status":"closed","ping_status":"closed","sticky":false,"template":"","format":"standard","meta":{"_eb_attr":"","footnotes":""},"categories":[115],"tags":[95],"class_list":["post-21607","post","type-post","status-publish","format-standard","has-post-thumbnail","hentry","category-news","tag-ae-terras-do-ave"],"blog_post_layout_featured_media_urls":{"thumbnail":["https:\/\/aeterrasave.net\/webmedia\/wp-content\/uploads\/2025\/12\/1000085760-150x150.jpg",150,150,true],"full":["https:\/\/aeterrasave.net\/webmedia\/wp-content\/uploads\/2025\/12\/1000085760.jpg",2048,1536,false]},"categories_names":{"115":{"name":"News","link":"https:\/\/aeterrasave.net\/webmedia\/category\/news\/"}},"tags_names":{"95":{"name":"AE Terras do Ave","link":"https:\/\/aeterrasave.net\/webmedia\/tag\/ae-terras-do-ave\/"}},"comments_number":0,"wpmagazine_modules_lite_featured_media_urls":{"thumbnail":["https:\/\/aeterrasave.net\/webmedia\/wp-content\/uploads\/2025\/12\/1000085760-150x150.jpg",150,150,true],"cvmm-medium":["https:\/\/aeterrasave.net\/webmedia\/wp-content\/uploads\/2025\/12\/1000085760-300x300.jpg",300,300,true],"cvmm-medium-plus":["https:\/\/aeterrasave.net\/webmedia\/wp-content\/uploads\/2025\/12\/1000085760-305x207.jpg",305,207,true],"cvmm-portrait":["https:\/\/aeterrasave.net\/webmedia\/wp-content\/uploads\/2025\/12\/1000085760-400x600.jpg",400,600,true],"cvmm-medium-square":["https:\/\/aeterrasave.net\/webmedia\/wp-content\/uploads\/2025\/12\/1000085760-600x600.jpg",600,600,true],"cvmm-large":["https:\/\/aeterrasave.net\/webmedia\/wp-content\/uploads\/2025\/12\/1000085760-1024x1024.jpg",1024,1024,true],"cvmm-small":["https:\/\/aeterrasave.net\/webmedia\/wp-content\/uploads\/2025\/12\/1000085760-130x95.jpg",130,95,true],"full":["https:\/\/aeterrasave.net\/webmedia\/wp-content\/uploads\/2025\/12\/1000085760.jpg",2048,1536,false]},"_links":{"self":[{"href":"https:\/\/aeterrasave.net\/webmedia\/wp-json\/wp\/v2\/posts\/21607","targetHints":{"allow":["GET"]}}],"collection":[{"href":"https:\/\/aeterrasave.net\/webmedia\/wp-json\/wp\/v2\/posts"}],"about":[{"href":"https:\/\/aeterrasave.net\/webmedia\/wp-json\/wp\/v2\/types\/post"}],"author":[{"embeddable":true,"href":"https:\/\/aeterrasave.net\/webmedia\/wp-json\/wp\/v2\/users\/20"}],"replies":[{"embeddable":true,"href":"https:\/\/aeterrasave.net\/webmedia\/wp-json\/wp\/v2\/comments?post=21607"}],"version-history":[{"count":1,"href":"https:\/\/aeterrasave.net\/webmedia\/wp-json\/wp\/v2\/posts\/21607\/revisions"}],"predecessor-version":[{"id":21610,"href":"https:\/\/aeterrasave.net\/webmedia\/wp-json\/wp\/v2\/posts\/21607\/revisions\/21610"}],"wp:featuredmedia":[{"embeddable":true,"href":"https:\/\/aeterrasave.net\/webmedia\/wp-json\/wp\/v2\/media\/21608"}],"wp:attachment":[{"href":"https:\/\/aeterrasave.net\/webmedia\/wp-json\/wp\/v2\/media?parent=21607"}],"wp:term":[{"taxonomy":"category","embeddable":true,"href":"https:\/\/aeterrasave.net\/webmedia\/wp-json\/wp\/v2\/categories?post=21607"},{"taxonomy":"post_tag","embeddable":true,"href":"https:\/\/aeterrasave.net\/webmedia\/wp-json\/wp\/v2\/tags?post=21607"}],"curies":[{"name":"wp","href":"https:\/\/api.w.org\/{rel}","templated":true}]}}