{"id":21681,"date":"2025-12-18T16:33:30","date_gmt":"2025-12-18T15:33:30","guid":{"rendered":"https:\/\/aeterrasave.net\/webmedia\/?p=21681"},"modified":"2026-03-08T19:26:53","modified_gmt":"2026-03-08T18:26:53","slug":"juventude-inclusao-e-participacao-youth-connection-for-inclusion-avanca-com-novas-iniciativas","status":"publish","type":"post","link":"https:\/\/aeterrasave.net\/webmedia\/juventude-inclusao-e-participacao-youth-connection-for-inclusion-avanca-com-novas-iniciativas\/","title":{"rendered":"Juventude, inclus\u00e3o e participa\u00e7\u00e3o: Youth Connection for Inclusion avan\u00e7a com novas iniciativas"},"content":{"rendered":"\n<p>O projeto Youth Connection for Inclusion desenvolve um conjunto de iniciativas que visam promover a inclus\u00e3o social, a diversidade e a equidade entre jovens, atrav\u00e9s de a\u00e7\u00f5es de desenvolvimento comunit\u00e1rio e de participa\u00e7\u00e3o ativa e democr\u00e1tica. Nos dias 28 e 29 de novembro de 2025, decorreram duas reuni\u00f5es formais essenciais para o avan\u00e7o das atividades previstas. A reuni\u00e3o do dia 28\/11\/2025 teve como principal objetivo refor\u00e7ar o trabalho colaborativo entre os participantes, promovendo a compreens\u00e3o das diferen\u00e7as individuais e fortalecendo o esp\u00edrito de entreajuda. Durante este encontro, foram partilhadas as principais dificuldades encontradas no decorrer do projeto, assim como os aspetos positivos que t\u00eam marcado a sua execu\u00e7\u00e3o. O ambiente da reuni\u00e3o foi pautado pela coopera\u00e7\u00e3o, abertura e apoio m\u00fatuo, contribuindo para o refor\u00e7o da coes\u00e3o do grupo e para a identifica\u00e7\u00e3o de necessidades e solu\u00e7\u00f5es de forma conjunta.<\/p>\n\n\n\n<p>Por sua vez, a reuni\u00e3o realizada no dia 29\/11\/2025 foi orientada para o planeamento estrat\u00e9gico das pr\u00f3ximas etapas do projeto, com a defini\u00e7\u00e3o de tarefas concretas e objetivos a curto prazo. Entre as a\u00e7\u00f5es delineadas, destacaram-se a cria\u00e7\u00e3o de um vlog destinado \u00e0 divulga\u00e7\u00e3o das atividades do projeto, a dinamiza\u00e7\u00e3o das redes sociais como forma de aumentar o envolvimento juvenil e a visibilidade externa, e a atribui\u00e7\u00e3o de responsabilidades espec\u00edficas a cada membro da equipa relativamente \u00e0s iniciativas programadas. Esta sess\u00e3o permitiu estruturar de forma clara o plano de a\u00e7\u00e3o futuro, garantindo uma organiza\u00e7\u00e3o eficiente e um alinhamento coletivo quanto \u00e0s metas a alcan\u00e7ar.<\/p>\n\n\n\n<p>Assim, ambas as reuni\u00f5es contribu\u00edram de forma significativa para o fortalecimento interno do grupo e para a consolida\u00e7\u00e3o das pr\u00f3ximas fases do Youth Connection for Inclusion, garantindo que todos os participantes se encontram informados, envolvidos e comprometidos com o avan\u00e7o do projeto.<\/p>\n\n\n\n<figure class=\"wp-block-image size-large\"><img decoding=\"async\" src=\"https:\/\/aeterrasave.net\/erasmus\/wp-content\/uploads\/2025\/12\/image-837x628.jpeg\" alt=\"\" class=\"wp-image-5969\" \/><\/figure>\n\n\n\n<figure class=\"wp-block-image size-large\"><img decoding=\"async\" src=\"https:\/\/aeterrasave.net\/erasmus\/wp-content\/uploads\/2025\/12\/image-1-837x628.jpeg\" alt=\"\" class=\"wp-image-5970\" \/><\/figure>\n\n\n\n<figure class=\"wp-block-image size-large\"><img decoding=\"async\" src=\"https:\/\/aeterrasave.net\/erasmus\/wp-content\/uploads\/2025\/12\/image-2-837x628.jpeg\" alt=\"\" class=\"wp-image-5971\" \/><\/figure>\n\n\n\n<figure class=\"wp-block-image size-large\"><img decoding=\"async\" src=\"https:\/\/aeterrasave.net\/erasmus\/wp-content\/uploads\/2025\/12\/image-942x628.png\" alt=\"\" class=\"wp-image-5972\" \/><\/figure>\n\n\n\n<figure class=\"wp-block-image size-full\"><img loading=\"lazy\" decoding=\"async\" width=\"546\" height=\"300\" src=\"https:\/\/aeterrasave.net\/webmedia\/wp-content\/uploads\/2025\/12\/PT-financiamento-EU.jpg\" alt=\"\" class=\"wp-image-22380\" \/><\/figure>\n","protected":false},"excerpt":{"rendered":"<p>O projeto Youth Connection for Inclusion desenvolve um conjunto de iniciativas que visam promover a inclus\u00e3o social, a diversidade e a equidade entre jovens, atrav\u00e9s de a\u00e7\u00f5es de desenvolvimento comunit\u00e1rio e de participa\u00e7\u00e3o ativa e democr\u00e1tica. Nos dias 28 e 29 de novembro de 2025, decorreram duas reuni\u00f5es formais essenciais para o avan\u00e7o das atividades [&hellip;]<\/p>\n","protected":false},"author":20,"featured_media":22989,"comment_status":"closed","ping_status":"closed","sticky":false,"template":"","format":"standard","meta":{"_eb_attr":"","footnotes":""},"categories":[115,3],"tags":[],"class_list":["post-21681","post","type-post","status-publish","format-standard","has-post-thumbnail","hentry","category-news","category-noticias"],"blog_post_layout_featured_media_urls":{"thumbnail":["https:\/\/aeterrasave.net\/webmedia\/wp-content\/uploads\/2026\/04\/Default_AETA_New-150x82.png",150,82,true],"full":["https:\/\/aeterrasave.net\/webmedia\/wp-content\/uploads\/2026\/04\/Default_AETA_New.png",300,82,false]},"categories_names":{"115":{"name":"News","link":"https:\/\/aeterrasave.net\/webmedia\/category\/news\/"},"3":{"name":"Not\u00edcias","link":"https:\/\/aeterrasave.net\/webmedia\/category\/noticias\/"}},"tags_names":[],"comments_number":0,"wpmagazine_modules_lite_featured_media_urls":{"thumbnail":["https:\/\/aeterrasave.net\/webmedia\/wp-content\/uploads\/2026\/04\/Default_AETA_New-150x82.png",150,82,true],"cvmm-medium":["https:\/\/aeterrasave.net\/webmedia\/wp-content\/uploads\/2026\/04\/Default_AETA_New.png",300,82,false],"cvmm-medium-plus":["https:\/\/aeterrasave.net\/webmedia\/wp-content\/uploads\/2026\/04\/Default_AETA_New.png",300,82,false],"cvmm-portrait":["https:\/\/aeterrasave.net\/webmedia\/wp-content\/uploads\/2026\/04\/Default_AETA_New.png",300,82,false],"cvmm-medium-square":["https:\/\/aeterrasave.net\/webmedia\/wp-content\/uploads\/2026\/04\/Default_AETA_New.png",300,82,false],"cvmm-large":["https:\/\/aeterrasave.net\/webmedia\/wp-content\/uploads\/2026\/04\/Default_AETA_New.png",300,82,false],"cvmm-small":["https:\/\/aeterrasave.net\/webmedia\/wp-content\/uploads\/2026\/04\/Default_AETA_New-130x82.png",130,82,true],"full":["https:\/\/aeterrasave.net\/webmedia\/wp-content\/uploads\/2026\/04\/Default_AETA_New.png",300,82,false]},"_links":{"self":[{"href":"https:\/\/aeterrasave.net\/webmedia\/wp-json\/wp\/v2\/posts\/21681","targetHints":{"allow":["GET"]}}],"collection":[{"href":"https:\/\/aeterrasave.net\/webmedia\/wp-json\/wp\/v2\/posts"}],"about":[{"href":"https:\/\/aeterrasave.net\/webmedia\/wp-json\/wp\/v2\/types\/post"}],"author":[{"embeddable":true,"href":"https:\/\/aeterrasave.net\/webmedia\/wp-json\/wp\/v2\/users\/20"}],"replies":[{"embeddable":true,"href":"https:\/\/aeterrasave.net\/webmedia\/wp-json\/wp\/v2\/comments?post=21681"}],"version-history":[{"count":2,"href":"https:\/\/aeterrasave.net\/webmedia\/wp-json\/wp\/v2\/posts\/21681\/revisions"}],"predecessor-version":[{"id":22381,"href":"https:\/\/aeterrasave.net\/webmedia\/wp-json\/wp\/v2\/posts\/21681\/revisions\/22381"}],"wp:featuredmedia":[{"embeddable":true,"href":"https:\/\/aeterrasave.net\/webmedia\/wp-json\/wp\/v2\/media\/22989"}],"wp:attachment":[{"href":"https:\/\/aeterrasave.net\/webmedia\/wp-json\/wp\/v2\/media?parent=21681"}],"wp:term":[{"taxonomy":"category","embeddable":true,"href":"https:\/\/aeterrasave.net\/webmedia\/wp-json\/wp\/v2\/categories?post=21681"},{"taxonomy":"post_tag","embeddable":true,"href":"https:\/\/aeterrasave.net\/webmedia\/wp-json\/wp\/v2\/tags?post=21681"}],"curies":[{"name":"wp","href":"https:\/\/api.w.org\/{rel}","templated":true}]}}