{"id":21706,"date":"2025-12-22T16:41:00","date_gmt":"2025-12-22T15:41:00","guid":{"rendered":"https:\/\/aeterrasave.net\/webmedia\/?p=21706"},"modified":"2025-12-22T16:41:02","modified_gmt":"2025-12-22T15:41:02","slug":"mercado-de-natal-anima-a-escola-basica-terras-do-ave","status":"publish","type":"post","link":"https:\/\/aeterrasave.net\/webmedia\/mercado-de-natal-anima-a-escola-basica-terras-do-ave\/","title":{"rendered":"Mercado de Natal anima a Escola B\u00e1sica Terras do Ave"},"content":{"rendered":"\n<p>A Escola B\u00e1sica Terras do Ave viveu um dia verdadeiramente especial com a realiza\u00e7\u00e3o do tradicional Mercado de Natal<strong>, <\/strong>que decorreu na passada sexta-feira,12 de dezembro, numa iniciativa organizada pela Associa\u00e7\u00e3o de Pais de Pedome, em estreita parceria com a escola.<\/p>\n\n\n\n<p>O evento reuniu alunos, professores, assistentes operacionais e encarregados de educa\u00e7\u00e3o num ambiente de grande conv\u00edvio, partilha e esp\u00edrito natal\u00edcio, assinalando de forma memor\u00e1vel o final do 1.\u00ba per\u00edodo letivo. Ao longo da noite, a comunidade educativa participou ativamente nas diversas bancas e atividades, promovendo valores fundamentais como a solidariedade, a coopera\u00e7\u00e3o e o envolvimento dos alunos na vida escolar.<\/p>\n\n\n\n<p>O Gabinete de Apoio ao Aluno e \u00e0 Fam\u00edlia (GAAF) marcou tamb\u00e9m presen\u00e7a com a tradicional venda de batatas fritas, muito apreciadas por todos. Esta iniciativa permitiu a angaria\u00e7\u00e3o de verbas que ir\u00e3o contribuir para a concretiza\u00e7\u00e3o do projeto F\u00e9rias de Ver\u00e3o na Escola.<\/p>\n\n\n\n<p>Para al\u00e9m das habituais bancas tem\u00e1ticas, onde foi poss\u00edvel encontrar produtos artesanais e diversas iguarias \u2014 do tradicional caldo verde \u00e0s t\u00edpicas batatas fritas dos mercados natal\u00edcios europeus \u2014, o Mercado de Natal contou com um programa cultural diversificado, preparado com grande empenho pelos alunos e professores.<\/p>\n\n\n\n<p>A partir das 19h30, a noite foi abrilhantada pela atua\u00e7\u00e3o da Orquestra de Cordas dos 7.\u00ba e 8.\u00ba anos e da Orquestra Sinf\u00f3nica do 9.\u00ba ano, compostas por alunos do ensino articulado da m\u00fasica (CCM). Seguiram-se atua\u00e7\u00f5es do 1.\u00ba ciclo, do 2.\u00ba e 3.\u00ba ciclos, momentos de dan\u00e7a, declama\u00e7\u00e3o de poemas, can\u00e7\u00f5es em v\u00e1rias l\u00ednguas e outras apresenta\u00e7\u00f5es art\u00edsticas que envolveram e encantaram todos os presentes.<\/p>\n\n\n\n<p>A Associa\u00e7\u00e3o de Pais destacou o esp\u00edrito de uni\u00e3o vivido nesta noite especial, sublinhando o contributo de toda a comunidade: alunos, que brilharam nas atua\u00e7\u00f5es; pais, que colaboraram nas barraquinhas; professores, que orientaram e incentivaram; e funcion\u00e1rios, que transformaram o espa\u00e7o num cen\u00e1rio festivo e acolhedor.<\/p>\n\n\n\n<p>Iniciativas como o Mercado de Natal refor\u00e7am a liga\u00e7\u00e3o entre escola, fam\u00edlias e entidades locais, celebrando n\u00e3o apenas a \u00e9poca natal\u00edcia, mas tamb\u00e9m os valores de uni\u00e3o, partilha e coopera\u00e7\u00e3o que definem a nossa comunidade educativa.<\/p>\n\n\n\n<figure class=\"wp-block-image size-large\"><img loading=\"lazy\" decoding=\"async\" width=\"837\" height=\"628\" src=\"https:\/\/aeterrasave.net\/webmedia\/wp-content\/uploads\/2025\/12\/mercado2-837x628.jpg\" alt=\"\" class=\"wp-image-21708\" srcset=\"https:\/\/aeterrasave.net\/webmedia\/wp-content\/uploads\/2025\/12\/mercado2-837x628.jpg 837w, https:\/\/aeterrasave.net\/webmedia\/wp-content\/uploads\/2025\/12\/mercado2-768x576.jpg 768w, https:\/\/aeterrasave.net\/webmedia\/wp-content\/uploads\/2025\/12\/mercado2-136x102.jpg 136w, https:\/\/aeterrasave.net\/webmedia\/wp-content\/uploads\/2025\/12\/mercado2-560x420.jpg 560w, https:\/\/aeterrasave.net\/webmedia\/wp-content\/uploads\/2025\/12\/mercado2.jpg 2048w\" sizes=\"auto, (max-width: 837px) 100vw, 837px\" \/><\/figure>\n","protected":false},"excerpt":{"rendered":"<p>A Escola B\u00e1sica Terras do Ave viveu um dia verdadeiramente especial com a realiza\u00e7\u00e3o do tradicional Mercado de Natal, que decorreu na passada sexta-feira,12 de dezembro, numa iniciativa organizada pela Associa\u00e7\u00e3o de Pais de Pedome, em estreita parceria com a escola. O evento reuniu alunos, professores, assistentes operacionais e encarregados de educa\u00e7\u00e3o num ambiente de [&hellip;]<\/p>\n","protected":false},"author":15,"featured_media":21707,"comment_status":"closed","ping_status":"closed","sticky":false,"template":"","format":"standard","meta":{"_eb_attr":"","footnotes":""},"categories":[3],"tags":[],"class_list":["post-21706","post","type-post","status-publish","format-standard","has-post-thumbnail","hentry","category-noticias"],"blog_post_layout_featured_media_urls":{"thumbnail":["https:\/\/aeterrasave.net\/webmedia\/wp-content\/uploads\/2025\/12\/destaque_natal-150x150.jpg",150,150,true],"full":["https:\/\/aeterrasave.net\/webmedia\/wp-content\/uploads\/2025\/12\/destaque_natal.jpg",1152,2048,false]},"categories_names":{"3":{"name":"Not\u00edcias","link":"https:\/\/aeterrasave.net\/webmedia\/category\/noticias\/"}},"tags_names":[],"comments_number":0,"wpmagazine_modules_lite_featured_media_urls":{"thumbnail":["https:\/\/aeterrasave.net\/webmedia\/wp-content\/uploads\/2025\/12\/destaque_natal-150x150.jpg",150,150,true],"cvmm-medium":["https:\/\/aeterrasave.net\/webmedia\/wp-content\/uploads\/2025\/12\/destaque_natal-300x300.jpg",300,300,true],"cvmm-medium-plus":["https:\/\/aeterrasave.net\/webmedia\/wp-content\/uploads\/2025\/12\/destaque_natal-305x207.jpg",305,207,true],"cvmm-portrait":["https:\/\/aeterrasave.net\/webmedia\/wp-content\/uploads\/2025\/12\/destaque_natal-400x600.jpg",400,600,true],"cvmm-medium-square":["https:\/\/aeterrasave.net\/webmedia\/wp-content\/uploads\/2025\/12\/destaque_natal-600x600.jpg",600,600,true],"cvmm-large":["https:\/\/aeterrasave.net\/webmedia\/wp-content\/uploads\/2025\/12\/destaque_natal-1024x1024.jpg",1024,1024,true],"cvmm-small":["https:\/\/aeterrasave.net\/webmedia\/wp-content\/uploads\/2025\/12\/destaque_natal-130x95.jpg",130,95,true],"full":["https:\/\/aeterrasave.net\/webmedia\/wp-content\/uploads\/2025\/12\/destaque_natal.jpg",1152,2048,false]},"_links":{"self":[{"href":"https:\/\/aeterrasave.net\/webmedia\/wp-json\/wp\/v2\/posts\/21706","targetHints":{"allow":["GET"]}}],"collection":[{"href":"https:\/\/aeterrasave.net\/webmedia\/wp-json\/wp\/v2\/posts"}],"about":[{"href":"https:\/\/aeterrasave.net\/webmedia\/wp-json\/wp\/v2\/types\/post"}],"author":[{"embeddable":true,"href":"https:\/\/aeterrasave.net\/webmedia\/wp-json\/wp\/v2\/users\/15"}],"replies":[{"embeddable":true,"href":"https:\/\/aeterrasave.net\/webmedia\/wp-json\/wp\/v2\/comments?post=21706"}],"version-history":[{"count":1,"href":"https:\/\/aeterrasave.net\/webmedia\/wp-json\/wp\/v2\/posts\/21706\/revisions"}],"predecessor-version":[{"id":21709,"href":"https:\/\/aeterrasave.net\/webmedia\/wp-json\/wp\/v2\/posts\/21706\/revisions\/21709"}],"wp:featuredmedia":[{"embeddable":true,"href":"https:\/\/aeterrasave.net\/webmedia\/wp-json\/wp\/v2\/media\/21707"}],"wp:attachment":[{"href":"https:\/\/aeterrasave.net\/webmedia\/wp-json\/wp\/v2\/media?parent=21706"}],"wp:term":[{"taxonomy":"category","embeddable":true,"href":"https:\/\/aeterrasave.net\/webmedia\/wp-json\/wp\/v2\/categories?post=21706"},{"taxonomy":"post_tag","embeddable":true,"href":"https:\/\/aeterrasave.net\/webmedia\/wp-json\/wp\/v2\/tags?post=21706"}],"curies":[{"name":"wp","href":"https:\/\/api.w.org\/{rel}","templated":true}]}}