{"id":21765,"date":"2026-01-12T16:03:12","date_gmt":"2026-01-12T15:03:12","guid":{"rendered":"https:\/\/aeterrasave.net\/webmedia\/?p=21765"},"modified":"2026-01-13T14:29:46","modified_gmt":"2026-01-13T13:29:46","slug":"alunos-de-espanhol-celebram-o-dia-de-reis-com-visita-a-vigo","status":"publish","type":"post","link":"https:\/\/aeterrasave.net\/webmedia\/alunos-de-espanhol-celebram-o-dia-de-reis-com-visita-a-vigo\/","title":{"rendered":"Alunos de Espanhol celebram o Dia de Reis com visita a Vigo"},"content":{"rendered":"<div class=\"wp-block-image\">\n<figure class=\"aligncenter size-large is-resized\"><img loading=\"lazy\" decoding=\"async\" width=\"419\" height=\"628\" src=\"https:\/\/aeterrasave.net\/webmedia\/wp-content\/uploads\/2026\/01\/IMG_20260105_165640_1-1-419x628.jpg\" alt=\"\" class=\"wp-image-21777\" style=\"width:501px;height:auto\" srcset=\"https:\/\/aeterrasave.net\/webmedia\/wp-content\/uploads\/2026\/01\/IMG_20260105_165640_1-1-419x628.jpg 419w, https:\/\/aeterrasave.net\/webmedia\/wp-content\/uploads\/2026\/01\/IMG_20260105_165640_1-1-768x1152.jpg 768w, https:\/\/aeterrasave.net\/webmedia\/wp-content\/uploads\/2026\/01\/IMG_20260105_165640_1-1-400x600.jpg 400w, https:\/\/aeterrasave.net\/webmedia\/wp-content\/uploads\/2026\/01\/IMG_20260105_165640_1-1-560x840.jpg 560w, https:\/\/aeterrasave.net\/webmedia\/wp-content\/uploads\/2026\/01\/IMG_20260105_165640_1-1.jpg 1360w\" sizes=\"auto, (max-width: 419px) 100vw, 419px\" \/><\/figure>\n<\/div>\n\n\n<p>No passado dia 5, os alunos de Espanhol da escola viveram uma experi\u00eancia especial ao deslocarem-se a Vigo para assistir \u00e0 tradicional Cabalgata de Reyes, uma das festas mais importantes e aguardadas do calend\u00e1rio cultural espanhol.<\/p>\n\n\n\n<p>A Cabalgata encheu as ruas da cidade de luz, m\u00fasica e alegria, com carros aleg\u00f3ricos cuidadosamente decorados, personagens do imagin\u00e1rio infantil e centenas de figurantes que acompanharam o desfile. Os Reis Magos \u2014 Melchior, Gaspar e Baltasar \u2014 desfilaram perante uma multid\u00e3o entusiasmada, acenando ao p\u00fablico e distribuindo rebu\u00e7ados, criando um ambiente m\u00e1gico que encantou os participantes. Esta viv\u00eancia permitiu aos alunos compreender melhor o significado cultural e social do Dia de Reis em Espanha, tradi\u00e7\u00e3o profundamente enraizada na sociedade espanhola.<\/p>\n\n\n\n<p>Al\u00e9m da visita a Vigo, os alunos do 7.\u00ba ano participaram ativamente nas atividades relacionadas com esta tradi\u00e7\u00e3o, tendo escrito cartas aos Reis Magos, exercitando a escrita em l\u00edngua espanhola de forma criativa e significativa. Os alunos tiveram ainda a oportunidade de tirar fotografias como Reis Magos, tornando o momento ainda mais memor\u00e1vel.<\/p>\n\n\n\n<p>Esta iniciativa revelou-se uma excelente forma de aprender espanhol atrav\u00e9s da viv\u00eancia cultural, refor\u00e7ando a motiva\u00e7\u00e3o dos alunos e proporcionando recorda\u00e7\u00f5es que certamente ficar\u00e3o na mem\u00f3ria de todos.<\/p>\n\n\n\n<figure class=\"wp-block-gallery has-nested-images columns-default is-cropped wp-block-gallery-1 is-layout-flex wp-block-gallery-is-layout-flex\">\n<figure class=\"wp-block-image size-large\"><img loading=\"lazy\" decoding=\"async\" width=\"942\" height=\"628\" data-id=\"21769\" src=\"https:\/\/aeterrasave.net\/webmedia\/wp-content\/uploads\/2026\/01\/Baltasar-942x628.jpg\" alt=\"\" class=\"wp-image-21769\" srcset=\"https:\/\/aeterrasave.net\/webmedia\/wp-content\/uploads\/2026\/01\/Baltasar-942x628.jpg 942w, https:\/\/aeterrasave.net\/webmedia\/wp-content\/uploads\/2026\/01\/Baltasar-768x512.jpg 768w, https:\/\/aeterrasave.net\/webmedia\/wp-content\/uploads\/2026\/01\/Baltasar-560x373.jpg 560w, https:\/\/aeterrasave.net\/webmedia\/wp-content\/uploads\/2026\/01\/Baltasar.jpg 1200w\" sizes=\"auto, (max-width: 942px) 100vw, 942px\" \/><\/figure>\n\n\n\n<figure class=\"wp-block-image size-large\"><img loading=\"lazy\" decoding=\"async\" width=\"922\" height=\"628\" data-id=\"21767\" src=\"https:\/\/aeterrasave.net\/webmedia\/wp-content\/uploads\/2026\/01\/Belchior-922x628.jpeg\" alt=\"\" class=\"wp-image-21767\" srcset=\"https:\/\/aeterrasave.net\/webmedia\/wp-content\/uploads\/2026\/01\/Belchior-922x628.jpeg 922w, https:\/\/aeterrasave.net\/webmedia\/wp-content\/uploads\/2026\/01\/Belchior-768x523.jpeg 768w, https:\/\/aeterrasave.net\/webmedia\/wp-content\/uploads\/2026\/01\/Belchior-305x207.jpeg 305w, https:\/\/aeterrasave.net\/webmedia\/wp-content\/uploads\/2026\/01\/Belchior-560x381.jpeg 560w, https:\/\/aeterrasave.net\/webmedia\/wp-content\/uploads\/2026\/01\/Belchior.jpeg 1200w\" sizes=\"auto, (max-width: 922px) 100vw, 922px\" \/><\/figure>\n\n\n<div class=\"wp-block-image\">\n<figure class=\"aligncenter size-large\"><img loading=\"lazy\" decoding=\"async\" width=\"1114\" height=\"359\" data-id=\"21768\" src=\"https:\/\/aeterrasave.net\/webmedia\/wp-content\/uploads\/2026\/01\/IMG_20260106_114503.jpg\" alt=\"\" class=\"wp-image-21768\" srcset=\"https:\/\/aeterrasave.net\/webmedia\/wp-content\/uploads\/2026\/01\/IMG_20260106_114503.jpg 1114w, https:\/\/aeterrasave.net\/webmedia\/wp-content\/uploads\/2026\/01\/IMG_20260106_114503-768x247.jpg 768w, https:\/\/aeterrasave.net\/webmedia\/wp-content\/uploads\/2026\/01\/IMG_20260106_114503-560x180.jpg 560w\" sizes=\"auto, (max-width: 1114px) 100vw, 1114px\" \/><\/figure>\n<\/div>\n\n\n<figure class=\"wp-block-image size-large\"><img loading=\"lazy\" decoding=\"async\" width=\"852\" height=\"371\" data-id=\"21766\" src=\"https:\/\/aeterrasave.net\/webmedia\/wp-content\/uploads\/2026\/01\/IMG_20260106_114408-1.jpg\" alt=\"\" class=\"wp-image-21766\" srcset=\"https:\/\/aeterrasave.net\/webmedia\/wp-content\/uploads\/2026\/01\/IMG_20260106_114408-1.jpg 852w, https:\/\/aeterrasave.net\/webmedia\/wp-content\/uploads\/2026\/01\/IMG_20260106_114408-1-768x334.jpg 768w, https:\/\/aeterrasave.net\/webmedia\/wp-content\/uploads\/2026\/01\/IMG_20260106_114408-1-560x244.jpg 560w\" sizes=\"auto, (max-width: 852px) 100vw, 852px\" \/><\/figure>\n<\/figure>\n\n\n\n<details class=\"wp-block-details is-layout-flow wp-block-details-is-layout-flow\"><summary><\/summary>\n<figure class=\"wp-block-image size-large\"><img loading=\"lazy\" decoding=\"async\" width=\"471\" height=\"628\" src=\"https:\/\/aeterrasave.net\/webmedia\/wp-content\/uploads\/2026\/01\/1000010867-471x628.jpg\" alt=\"\" class=\"wp-image-21772\" srcset=\"https:\/\/aeterrasave.net\/webmedia\/wp-content\/uploads\/2026\/01\/1000010867-471x628.jpg 471w, https:\/\/aeterrasave.net\/webmedia\/wp-content\/uploads\/2026\/01\/1000010867-560x747.jpg 560w, https:\/\/aeterrasave.net\/webmedia\/wp-content\/uploads\/2026\/01\/1000010867.jpg 765w\" sizes=\"auto, (max-width: 471px) 100vw, 471px\" \/><\/figure>\n<\/details>\n\n\n\n<figure class=\"wp-block-gallery has-nested-images columns-default is-cropped wp-block-gallery-2 is-layout-flex wp-block-gallery-is-layout-flex\">\n<figure class=\"wp-block-image size-large\"><img loading=\"lazy\" decoding=\"async\" width=\"471\" height=\"628\" data-id=\"21778\" src=\"https:\/\/aeterrasave.net\/webmedia\/wp-content\/uploads\/2026\/01\/1000010867-2-471x628.jpg\" alt=\"\" class=\"wp-image-21778\" srcset=\"https:\/\/aeterrasave.net\/webmedia\/wp-content\/uploads\/2026\/01\/1000010867-2-471x628.jpg 471w, https:\/\/aeterrasave.net\/webmedia\/wp-content\/uploads\/2026\/01\/1000010867-2-560x746.jpg 560w, https:\/\/aeterrasave.net\/webmedia\/wp-content\/uploads\/2026\/01\/1000010867-2.jpg 650w\" sizes=\"auto, (max-width: 471px) 100vw, 471px\" \/><\/figure>\n<\/figure>\n\n\n","protected":false},"excerpt":{"rendered":"<p>No passado dia 5, os alunos de Espanhol da escola viveram uma experi\u00eancia especial ao deslocarem-se a Vigo para assistir \u00e0 tradicional Cabalgata de Reyes, uma das festas mais importantes e aguardadas do calend\u00e1rio cultural espanhol. A Cabalgata encheu as ruas da cidade de luz, m\u00fasica e alegria, com carros aleg\u00f3ricos cuidadosamente decorados, personagens do [&hellip;]<\/p>\n","protected":false},"author":14,"featured_media":21791,"comment_status":"closed","ping_status":"closed","sticky":false,"template":"","format":"standard","meta":{"_eb_attr":"","footnotes":""},"categories":[3],"tags":[],"class_list":["post-21765","post","type-post","status-publish","format-standard","has-post-thumbnail","hentry","category-noticias"],"blog_post_layout_featured_media_urls":{"thumbnail":["https:\/\/aeterrasave.net\/webmedia\/wp-content\/uploads\/2026\/01\/IMG_20260105_165640_1-3-150x150.jpg",150,150,true],"full":["https:\/\/aeterrasave.net\/webmedia\/wp-content\/uploads\/2026\/01\/IMG_20260105_165640_1-3.jpg",1360,2040,false]},"categories_names":{"3":{"name":"Not\u00edcias","link":"https:\/\/aeterrasave.net\/webmedia\/category\/noticias\/"}},"tags_names":[],"comments_number":0,"wpmagazine_modules_lite_featured_media_urls":{"thumbnail":["https:\/\/aeterrasave.net\/webmedia\/wp-content\/uploads\/2026\/01\/IMG_20260105_165640_1-3-150x150.jpg",150,150,true],"cvmm-medium":["https:\/\/aeterrasave.net\/webmedia\/wp-content\/uploads\/2026\/01\/IMG_20260105_165640_1-3-300x300.jpg",300,300,true],"cvmm-medium-plus":["https:\/\/aeterrasave.net\/webmedia\/wp-content\/uploads\/2026\/01\/IMG_20260105_165640_1-3-305x207.jpg",305,207,true],"cvmm-portrait":["https:\/\/aeterrasave.net\/webmedia\/wp-content\/uploads\/2026\/01\/IMG_20260105_165640_1-3-400x600.jpg",400,600,true],"cvmm-medium-square":["https:\/\/aeterrasave.net\/webmedia\/wp-content\/uploads\/2026\/01\/IMG_20260105_165640_1-3-600x600.jpg",600,600,true],"cvmm-large":["https:\/\/aeterrasave.net\/webmedia\/wp-content\/uploads\/2026\/01\/IMG_20260105_165640_1-3-1024x1024.jpg",1024,1024,true],"cvmm-small":["https:\/\/aeterrasave.net\/webmedia\/wp-content\/uploads\/2026\/01\/IMG_20260105_165640_1-3-130x95.jpg",130,95,true],"full":["https:\/\/aeterrasave.net\/webmedia\/wp-content\/uploads\/2026\/01\/IMG_20260105_165640_1-3.jpg",1360,2040,false]},"_links":{"self":[{"href":"https:\/\/aeterrasave.net\/webmedia\/wp-json\/wp\/v2\/posts\/21765","targetHints":{"allow":["GET"]}}],"collection":[{"href":"https:\/\/aeterrasave.net\/webmedia\/wp-json\/wp\/v2\/posts"}],"about":[{"href":"https:\/\/aeterrasave.net\/webmedia\/wp-json\/wp\/v2\/types\/post"}],"author":[{"embeddable":true,"href":"https:\/\/aeterrasave.net\/webmedia\/wp-json\/wp\/v2\/users\/14"}],"replies":[{"embeddable":true,"href":"https:\/\/aeterrasave.net\/webmedia\/wp-json\/wp\/v2\/comments?post=21765"}],"version-history":[{"count":6,"href":"https:\/\/aeterrasave.net\/webmedia\/wp-json\/wp\/v2\/posts\/21765\/revisions"}],"predecessor-version":[{"id":21792,"href":"https:\/\/aeterrasave.net\/webmedia\/wp-json\/wp\/v2\/posts\/21765\/revisions\/21792"}],"wp:featuredmedia":[{"embeddable":true,"href":"https:\/\/aeterrasave.net\/webmedia\/wp-json\/wp\/v2\/media\/21791"}],"wp:attachment":[{"href":"https:\/\/aeterrasave.net\/webmedia\/wp-json\/wp\/v2\/media?parent=21765"}],"wp:term":[{"taxonomy":"category","embeddable":true,"href":"https:\/\/aeterrasave.net\/webmedia\/wp-json\/wp\/v2\/categories?post=21765"},{"taxonomy":"post_tag","embeddable":true,"href":"https:\/\/aeterrasave.net\/webmedia\/wp-json\/wp\/v2\/tags?post=21765"}],"curies":[{"name":"wp","href":"https:\/\/api.w.org\/{rel}","templated":true}]}}