{"id":21812,"date":"2026-01-17T16:27:21","date_gmt":"2026-01-17T15:27:21","guid":{"rendered":"https:\/\/aeterrasave.net\/webmedia\/?p=21812"},"modified":"2026-01-17T16:27:23","modified_gmt":"2026-01-17T15:27:23","slug":"a-barca-a-barca-da-vida","status":"publish","type":"post","link":"https:\/\/aeterrasave.net\/webmedia\/a-barca-a-barca-da-vida\/","title":{"rendered":"\u201c\u00c0 barca, \u00e0 barca da vida\u201d"},"content":{"rendered":"\n<p>Alunos assistem \u00e0 pe\u00e7a <em>Auto da Barca do Inferno<\/em><\/p>\n\n\n\n<figure class=\"wp-block-image size-large is-resized\"><img loading=\"lazy\" decoding=\"async\" width=\"837\" height=\"628\" src=\"https:\/\/aeterrasave.net\/webmedia\/wp-content\/uploads\/2026\/01\/1000046543-1-837x628.jpeg\" alt=\"\" class=\"wp-image-21815\" style=\"aspect-ratio:1.3328258387254635;width:649px;height:auto\" srcset=\"https:\/\/aeterrasave.net\/webmedia\/wp-content\/uploads\/2026\/01\/1000046543-1-837x628.jpeg 837w, https:\/\/aeterrasave.net\/webmedia\/wp-content\/uploads\/2026\/01\/1000046543-1-768x576.jpeg 768w, https:\/\/aeterrasave.net\/webmedia\/wp-content\/uploads\/2026\/01\/1000046543-1-136x102.jpeg 136w, https:\/\/aeterrasave.net\/webmedia\/wp-content\/uploads\/2026\/01\/1000046543-1-560x420.jpeg 560w\" sizes=\"auto, (max-width: 837px) 100vw, 837px\" \/><\/figure>\n\n\n\n<p>No passado dia 16, as turmas do 9\u00ba ano do Agrupamento Terras do Ave assistiram, na Casa das Artes, \u00e0 encena\u00e7\u00e3o da pe\u00e7a <strong><em>Auto da Barca do Inferno<\/em><\/strong>, de Gil Vicente, pela companhia de Artistas Independentes \u2013 AGON\/Momento.<\/p>\n\n\n\n<p>\u00a0 Esta atividade, integrada no plano curricular da disciplina de Portugu\u00eas, teve como principal objetivo aprofundar o contacto dos alunos com uma das obras mais emblem\u00e1ticas do teatro portugu\u00eas, promovendo a compreens\u00e3o da s\u00e1tira social e dos valores morais retratados pelo autor quinhentista.<\/p>\n\n\n\n<p>&nbsp;&nbsp;&nbsp;&nbsp;&nbsp;&nbsp;&nbsp;&nbsp;&nbsp; A representa\u00e7\u00e3o destacou-se pela interpreta\u00e7\u00e3o din\u00e2mica dos atores, pela m\u00fasica e tecnologia, pelos figurinos expressivos e pela forma criativa como foram apresentadas as personagens simb\u00f3licas da obra, como o Anjo, o Diabo e as v\u00e1rias figuras representativas da sociedade da \u00e9poca. A encena\u00e7\u00e3o contribuiu para uma melhor compreens\u00e3o do texto dram\u00e1tico, tornando a aprendizagem mais envolvente e significativa.<\/p>\n\n\n\n<p>&nbsp;&nbsp;&nbsp;&nbsp;&nbsp;&nbsp;&nbsp; Os alunos mostraram grande entusiasmo ao longo da atividade, considerando a experi\u00eancia enriquecedora e motivadora. Para al\u00e9m do valor educativo, a visita de estudo proporcionou ainda um momento cultural e de conv\u00edvio entre a comunidade escolar.<\/p>\n\n\n\n<figure class=\"wp-block-image size-large\"><img loading=\"lazy\" decoding=\"async\" width=\"837\" height=\"628\" src=\"https:\/\/aeterrasave.net\/webmedia\/wp-content\/uploads\/2026\/01\/teatro-1-837x628.jpeg\" alt=\"\" class=\"wp-image-21813\" srcset=\"https:\/\/aeterrasave.net\/webmedia\/wp-content\/uploads\/2026\/01\/teatro-1-837x628.jpeg 837w, https:\/\/aeterrasave.net\/webmedia\/wp-content\/uploads\/2026\/01\/teatro-1-768x576.jpeg 768w, https:\/\/aeterrasave.net\/webmedia\/wp-content\/uploads\/2026\/01\/teatro-1-136x102.jpeg 136w, https:\/\/aeterrasave.net\/webmedia\/wp-content\/uploads\/2026\/01\/teatro-1-560x420.jpeg 560w\" sizes=\"auto, (max-width: 837px) 100vw, 837px\" \/><\/figure>\n\n\n\n<p>&nbsp;&nbsp;&nbsp;&nbsp;&nbsp; Iniciativas como esta refor\u00e7am a import\u00e2ncia do contacto direto com o teatro, incentivando o gosto pela literatura e pela cultura portuguesa.<\/p>\n\n\n\n<figure class=\"wp-block-image size-large\"><img loading=\"lazy\" decoding=\"async\" width=\"837\" height=\"628\" src=\"https:\/\/aeterrasave.net\/webmedia\/wp-content\/uploads\/2026\/01\/1000046552-1-837x628.jpeg\" alt=\"\" class=\"wp-image-21814\" srcset=\"https:\/\/aeterrasave.net\/webmedia\/wp-content\/uploads\/2026\/01\/1000046552-1-837x628.jpeg 837w, https:\/\/aeterrasave.net\/webmedia\/wp-content\/uploads\/2026\/01\/1000046552-1-768x576.jpeg 768w, https:\/\/aeterrasave.net\/webmedia\/wp-content\/uploads\/2026\/01\/1000046552-1-136x102.jpeg 136w, https:\/\/aeterrasave.net\/webmedia\/wp-content\/uploads\/2026\/01\/1000046552-1-560x420.jpeg 560w\" sizes=\"auto, (max-width: 837px) 100vw, 837px\" \/><\/figure>\n\n\n\n<p>Departamento de L\u00ednguas<\/p>\n","protected":false},"excerpt":{"rendered":"<p>Alunos assistem \u00e0 pe\u00e7a Auto da Barca do Inferno No passado dia 16, as turmas do 9\u00ba ano do Agrupamento Terras do Ave assistiram, na Casa das Artes, \u00e0 encena\u00e7\u00e3o da pe\u00e7a Auto da Barca do Inferno, de Gil Vicente, pela companhia de Artistas Independentes \u2013 AGON\/Momento. \u00a0 Esta atividade, integrada no plano curricular da [&hellip;]<\/p>\n","protected":false},"author":14,"featured_media":22989,"comment_status":"closed","ping_status":"closed","sticky":false,"template":"","format":"standard","meta":{"_eb_attr":"","footnotes":""},"categories":[3],"tags":[],"class_list":["post-21812","post","type-post","status-publish","format-standard","has-post-thumbnail","hentry","category-noticias"],"blog_post_layout_featured_media_urls":{"thumbnail":["https:\/\/aeterrasave.net\/webmedia\/wp-content\/uploads\/2026\/04\/Default_AETA_New-150x82.png",150,82,true],"full":["https:\/\/aeterrasave.net\/webmedia\/wp-content\/uploads\/2026\/04\/Default_AETA_New.png",300,82,false]},"categories_names":{"3":{"name":"Not\u00edcias","link":"https:\/\/aeterrasave.net\/webmedia\/category\/noticias\/"}},"tags_names":[],"comments_number":0,"wpmagazine_modules_lite_featured_media_urls":{"thumbnail":["https:\/\/aeterrasave.net\/webmedia\/wp-content\/uploads\/2026\/04\/Default_AETA_New-150x82.png",150,82,true],"cvmm-medium":["https:\/\/aeterrasave.net\/webmedia\/wp-content\/uploads\/2026\/04\/Default_AETA_New.png",300,82,false],"cvmm-medium-plus":["https:\/\/aeterrasave.net\/webmedia\/wp-content\/uploads\/2026\/04\/Default_AETA_New.png",300,82,false],"cvmm-portrait":["https:\/\/aeterrasave.net\/webmedia\/wp-content\/uploads\/2026\/04\/Default_AETA_New.png",300,82,false],"cvmm-medium-square":["https:\/\/aeterrasave.net\/webmedia\/wp-content\/uploads\/2026\/04\/Default_AETA_New.png",300,82,false],"cvmm-large":["https:\/\/aeterrasave.net\/webmedia\/wp-content\/uploads\/2026\/04\/Default_AETA_New.png",300,82,false],"cvmm-small":["https:\/\/aeterrasave.net\/webmedia\/wp-content\/uploads\/2026\/04\/Default_AETA_New-130x82.png",130,82,true],"full":["https:\/\/aeterrasave.net\/webmedia\/wp-content\/uploads\/2026\/04\/Default_AETA_New.png",300,82,false]},"_links":{"self":[{"href":"https:\/\/aeterrasave.net\/webmedia\/wp-json\/wp\/v2\/posts\/21812","targetHints":{"allow":["GET"]}}],"collection":[{"href":"https:\/\/aeterrasave.net\/webmedia\/wp-json\/wp\/v2\/posts"}],"about":[{"href":"https:\/\/aeterrasave.net\/webmedia\/wp-json\/wp\/v2\/types\/post"}],"author":[{"embeddable":true,"href":"https:\/\/aeterrasave.net\/webmedia\/wp-json\/wp\/v2\/users\/14"}],"replies":[{"embeddable":true,"href":"https:\/\/aeterrasave.net\/webmedia\/wp-json\/wp\/v2\/comments?post=21812"}],"version-history":[{"count":1,"href":"https:\/\/aeterrasave.net\/webmedia\/wp-json\/wp\/v2\/posts\/21812\/revisions"}],"predecessor-version":[{"id":21816,"href":"https:\/\/aeterrasave.net\/webmedia\/wp-json\/wp\/v2\/posts\/21812\/revisions\/21816"}],"wp:featuredmedia":[{"embeddable":true,"href":"https:\/\/aeterrasave.net\/webmedia\/wp-json\/wp\/v2\/media\/22989"}],"wp:attachment":[{"href":"https:\/\/aeterrasave.net\/webmedia\/wp-json\/wp\/v2\/media?parent=21812"}],"wp:term":[{"taxonomy":"category","embeddable":true,"href":"https:\/\/aeterrasave.net\/webmedia\/wp-json\/wp\/v2\/categories?post=21812"},{"taxonomy":"post_tag","embeddable":true,"href":"https:\/\/aeterrasave.net\/webmedia\/wp-json\/wp\/v2\/tags?post=21812"}],"curies":[{"name":"wp","href":"https:\/\/api.w.org\/{rel}","templated":true}]}}