{"id":21894,"date":"2026-01-23T16:21:44","date_gmt":"2026-01-23T15:21:44","guid":{"rendered":"https:\/\/aeterrasave.net\/webmedia\/?p=21894"},"modified":"2026-01-23T16:21:46","modified_gmt":"2026-01-23T15:21:46","slug":"agrupamento-de-escolas-terras-do-ave-presente-na-entrega-dos-diplomas-de-qualidade-eco-escolas","status":"publish","type":"post","link":"https:\/\/aeterrasave.net\/webmedia\/agrupamento-de-escolas-terras-do-ave-presente-na-entrega-dos-diplomas-de-qualidade-eco-escolas\/","title":{"rendered":"Agrupamento de Escolas Terras do Ave presente na entrega dos Diplomas de Qualidade\u00a0Eco \u2013 Escolas"},"content":{"rendered":"\n<p>No dia 23 de janeiro 2026, o Agrupamento de Escolas Terras do Ave esteve presente no Semin\u00e1rio Nacional Eco-Escolas 2026, em Guimar\u00e3es, para receber os Diplomas de Qualidade Eco \u2013 Escolas. A ABAAE (Associa\u00e7\u00e3o Bandeira Azul de Ambiente e Educa\u00e7\u00e3o) reconheceu a qualidade da implementa\u00e7\u00e3o do Programa Eco \u2013 Escolas no nosso agrupamento como de Elevada Qualidade.<\/p>\n\n\n\n<p>Estes Diplomas foram atribu\u00eddos na sequ\u00eancia da&nbsp;Visita \u00e0s Eco-Escolas,&nbsp;realizadas pelos elementos da Comiss\u00e3o Nacional pertencentes \u00e0 DGEstE, cuja avalia\u00e7\u00e3o, que decorreu em 2025, foi considerada muito positiva, sendo atribu\u00eddo a 5 escolas visitadas do Agrupamento Terras do Ave o&nbsp;\u201cDiploma de Qualidade\u201d: EB Terras do Ave, EB de Del\u00e3es, JI de Bente, EB\/JI Oliveira Santa Maria, e EB Riba de Ave.<\/p>\n\n\n\n<p>Esta \u00e9 mais uma prova para continuar a acreditar que a educa\u00e7\u00e3o permite melhorar o presente e futuro de todos n\u00f3s.<\/p>\n\n\n\n<figure class=\"wp-block-image size-large\"><img loading=\"lazy\" decoding=\"async\" width=\"837\" height=\"628\" src=\"https:\/\/aeterrasave.net\/webmedia\/wp-content\/uploads\/2026\/01\/WhatsApp-Image-2026-01-23-at-11.17.55-1-1-837x628.jpeg\" alt=\"\" class=\"wp-image-21896\" srcset=\"https:\/\/aeterrasave.net\/webmedia\/wp-content\/uploads\/2026\/01\/WhatsApp-Image-2026-01-23-at-11.17.55-1-1-837x628.jpeg 837w, https:\/\/aeterrasave.net\/webmedia\/wp-content\/uploads\/2026\/01\/WhatsApp-Image-2026-01-23-at-11.17.55-1-1-768x576.jpeg 768w, https:\/\/aeterrasave.net\/webmedia\/wp-content\/uploads\/2026\/01\/WhatsApp-Image-2026-01-23-at-11.17.55-1-1-136x102.jpeg 136w, https:\/\/aeterrasave.net\/webmedia\/wp-content\/uploads\/2026\/01\/WhatsApp-Image-2026-01-23-at-11.17.55-1-1-560x420.jpeg 560w, https:\/\/aeterrasave.net\/webmedia\/wp-content\/uploads\/2026\/01\/WhatsApp-Image-2026-01-23-at-11.17.55-1-1.jpeg 1600w\" sizes=\"auto, (max-width: 837px) 100vw, 837px\" \/><\/figure>\n","protected":false},"excerpt":{"rendered":"<p>No dia 23 de janeiro 2026, o Agrupamento de Escolas Terras do Ave esteve presente no Semin\u00e1rio Nacional Eco-Escolas 2026, em Guimar\u00e3es, para receber os Diplomas de Qualidade Eco \u2013 Escolas. A ABAAE (Associa\u00e7\u00e3o Bandeira Azul de Ambiente e Educa\u00e7\u00e3o) reconheceu a qualidade da implementa\u00e7\u00e3o do Programa Eco \u2013 Escolas no nosso agrupamento como de [&hellip;]<\/p>\n","protected":false},"author":43,"featured_media":21896,"comment_status":"closed","ping_status":"closed","sticky":false,"template":"","format":"standard","meta":{"_eb_attr":"","footnotes":""},"categories":[3],"tags":[],"class_list":["post-21894","post","type-post","status-publish","format-standard","has-post-thumbnail","hentry","category-noticias"],"blog_post_layout_featured_media_urls":{"thumbnail":["https:\/\/aeterrasave.net\/webmedia\/wp-content\/uploads\/2026\/01\/WhatsApp-Image-2026-01-23-at-11.17.55-1-1-150x150.jpeg",150,150,true],"full":["https:\/\/aeterrasave.net\/webmedia\/wp-content\/uploads\/2026\/01\/WhatsApp-Image-2026-01-23-at-11.17.55-1-1.jpeg",1600,1200,false]},"categories_names":{"3":{"name":"Not\u00edcias","link":"https:\/\/aeterrasave.net\/webmedia\/category\/noticias\/"}},"tags_names":[],"comments_number":0,"wpmagazine_modules_lite_featured_media_urls":{"thumbnail":["https:\/\/aeterrasave.net\/webmedia\/wp-content\/uploads\/2026\/01\/WhatsApp-Image-2026-01-23-at-11.17.55-1-1-150x150.jpeg",150,150,true],"cvmm-medium":["https:\/\/aeterrasave.net\/webmedia\/wp-content\/uploads\/2026\/01\/WhatsApp-Image-2026-01-23-at-11.17.55-1-1-300x300.jpeg",300,300,true],"cvmm-medium-plus":["https:\/\/aeterrasave.net\/webmedia\/wp-content\/uploads\/2026\/01\/WhatsApp-Image-2026-01-23-at-11.17.55-1-1-305x207.jpeg",305,207,true],"cvmm-portrait":["https:\/\/aeterrasave.net\/webmedia\/wp-content\/uploads\/2026\/01\/WhatsApp-Image-2026-01-23-at-11.17.55-1-1-400x600.jpeg",400,600,true],"cvmm-medium-square":["https:\/\/aeterrasave.net\/webmedia\/wp-content\/uploads\/2026\/01\/WhatsApp-Image-2026-01-23-at-11.17.55-1-1-600x600.jpeg",600,600,true],"cvmm-large":["https:\/\/aeterrasave.net\/webmedia\/wp-content\/uploads\/2026\/01\/WhatsApp-Image-2026-01-23-at-11.17.55-1-1-1024x1024.jpeg",1024,1024,true],"cvmm-small":["https:\/\/aeterrasave.net\/webmedia\/wp-content\/uploads\/2026\/01\/WhatsApp-Image-2026-01-23-at-11.17.55-1-1-130x95.jpeg",130,95,true],"full":["https:\/\/aeterrasave.net\/webmedia\/wp-content\/uploads\/2026\/01\/WhatsApp-Image-2026-01-23-at-11.17.55-1-1.jpeg",1600,1200,false]},"_links":{"self":[{"href":"https:\/\/aeterrasave.net\/webmedia\/wp-json\/wp\/v2\/posts\/21894","targetHints":{"allow":["GET"]}}],"collection":[{"href":"https:\/\/aeterrasave.net\/webmedia\/wp-json\/wp\/v2\/posts"}],"about":[{"href":"https:\/\/aeterrasave.net\/webmedia\/wp-json\/wp\/v2\/types\/post"}],"author":[{"embeddable":true,"href":"https:\/\/aeterrasave.net\/webmedia\/wp-json\/wp\/v2\/users\/43"}],"replies":[{"embeddable":true,"href":"https:\/\/aeterrasave.net\/webmedia\/wp-json\/wp\/v2\/comments?post=21894"}],"version-history":[{"count":1,"href":"https:\/\/aeterrasave.net\/webmedia\/wp-json\/wp\/v2\/posts\/21894\/revisions"}],"predecessor-version":[{"id":21897,"href":"https:\/\/aeterrasave.net\/webmedia\/wp-json\/wp\/v2\/posts\/21894\/revisions\/21897"}],"wp:featuredmedia":[{"embeddable":true,"href":"https:\/\/aeterrasave.net\/webmedia\/wp-json\/wp\/v2\/media\/21896"}],"wp:attachment":[{"href":"https:\/\/aeterrasave.net\/webmedia\/wp-json\/wp\/v2\/media?parent=21894"}],"wp:term":[{"taxonomy":"category","embeddable":true,"href":"https:\/\/aeterrasave.net\/webmedia\/wp-json\/wp\/v2\/categories?post=21894"},{"taxonomy":"post_tag","embeddable":true,"href":"https:\/\/aeterrasave.net\/webmedia\/wp-json\/wp\/v2\/tags?post=21894"}],"curies":[{"name":"wp","href":"https:\/\/api.w.org\/{rel}","templated":true}]}}