{"id":21940,"date":"2026-02-01T19:08:11","date_gmt":"2026-02-01T18:08:11","guid":{"rendered":"https:\/\/aeterrasave.net\/webmedia\/?p=21940"},"modified":"2026-02-01T19:08:13","modified_gmt":"2026-02-01T18:08:13","slug":"o-cantar-dos-reis-na-eb-de-ruivaes","status":"publish","type":"post","link":"https:\/\/aeterrasave.net\/webmedia\/o-cantar-dos-reis-na-eb-de-ruivaes\/","title":{"rendered":"O &#8220;Cantar dos Reis&#8221; na EB de Ruiv\u00e3es"},"content":{"rendered":"\n<figure class=\"wp-block-image size-full is-resized\"><img loading=\"lazy\" decoding=\"async\" width=\"492\" height=\"177\" src=\"https:\/\/aeterrasave.net\/webmedia\/wp-content\/uploads\/2026\/02\/imagem-5.png\" alt=\"\" class=\"wp-image-21955\" style=\"width:541px;height:auto\" \/><\/figure>\n\n\n\n<p class=\"has-text-align-left\">A Escola de Ruiv\u00e3es celebrou a tradi\u00e7\u00e3o do &#8220;Cantar dos Reis&#8221;, numa iniciativa aberta a toda a comunidade. A atividade contou com a colabora\u00e7\u00e3o da professora de m\u00fasica e a participa\u00e7\u00e3o de todas as turmas, que prepararam e apresentaram os c\u00e2nticos tradicionais. O momento foi enriquecido pela presen\u00e7a dos amigos do Centro Social, promovendo o conv\u00edvio intergeracional, e pela interven\u00e7\u00e3o do Presidente da Junta de Freguesia, que destacou a import\u00e2ncia de manter vivas as tradi\u00e7\u00f5es locais. A iniciativa teve ainda a assist\u00eancia de numerosos familiares e membros da comunidade, num ambiente de partilha, cultura e celebra\u00e7\u00e3o.<\/p>\n\n\n\n<figure class=\"wp-block-image size-large\"><img loading=\"lazy\" decoding=\"async\" width=\"816\" height=\"628\" src=\"https:\/\/aeterrasave.net\/webmedia\/wp-content\/uploads\/2026\/02\/imagem-2-816x628.png\" alt=\"\" class=\"wp-image-21952\" srcset=\"https:\/\/aeterrasave.net\/webmedia\/wp-content\/uploads\/2026\/02\/imagem-2-816x628.png 816w, https:\/\/aeterrasave.net\/webmedia\/wp-content\/uploads\/2026\/02\/imagem-2-768x591.png 768w, https:\/\/aeterrasave.net\/webmedia\/wp-content\/uploads\/2026\/02\/imagem-2-560x431.png 560w, https:\/\/aeterrasave.net\/webmedia\/wp-content\/uploads\/2026\/02\/imagem-2.png 869w\" sizes=\"auto, (max-width: 816px) 100vw, 816px\" \/><\/figure>\n\n\n\n<figure class=\"wp-block-image size-full\"><img loading=\"lazy\" decoding=\"async\" width=\"848\" height=\"183\" src=\"https:\/\/aeterrasave.net\/webmedia\/wp-content\/uploads\/2026\/02\/imagem-6.png\" alt=\"\" class=\"wp-image-21958\" srcset=\"https:\/\/aeterrasave.net\/webmedia\/wp-content\/uploads\/2026\/02\/imagem-6.png 848w, https:\/\/aeterrasave.net\/webmedia\/wp-content\/uploads\/2026\/02\/imagem-6-768x166.png 768w, https:\/\/aeterrasave.net\/webmedia\/wp-content\/uploads\/2026\/02\/imagem-6-560x121.png 560w\" sizes=\"auto, (max-width: 848px) 100vw, 848px\" \/><\/figure>\n\n\n\n<p><\/p>\n","protected":false},"excerpt":{"rendered":"<p>A Escola de Ruiv\u00e3es celebrou a tradi\u00e7\u00e3o do &#8220;Cantar dos Reis&#8221;, numa iniciativa aberta a toda a comunidade. A atividade contou com a colabora\u00e7\u00e3o da professora de m\u00fasica e a participa\u00e7\u00e3o de todas as turmas, que prepararam e apresentaram os c\u00e2nticos tradicionais. O momento foi enriquecido pela presen\u00e7a dos amigos do Centro Social, promovendo o [&hellip;]<\/p>\n","protected":false},"author":9,"featured_media":22989,"comment_status":"closed","ping_status":"closed","sticky":false,"template":"","format":"standard","meta":{"_eb_attr":"","footnotes":""},"categories":[3],"tags":[],"class_list":["post-21940","post","type-post","status-publish","format-standard","has-post-thumbnail","hentry","category-noticias"],"blog_post_layout_featured_media_urls":{"thumbnail":["https:\/\/aeterrasave.net\/webmedia\/wp-content\/uploads\/2026\/04\/Default_AETA_New-150x82.png",150,82,true],"full":["https:\/\/aeterrasave.net\/webmedia\/wp-content\/uploads\/2026\/04\/Default_AETA_New.png",300,82,false]},"categories_names":{"3":{"name":"Not\u00edcias","link":"https:\/\/aeterrasave.net\/webmedia\/category\/noticias\/"}},"tags_names":[],"comments_number":0,"wpmagazine_modules_lite_featured_media_urls":{"thumbnail":["https:\/\/aeterrasave.net\/webmedia\/wp-content\/uploads\/2026\/04\/Default_AETA_New-150x82.png",150,82,true],"cvmm-medium":["https:\/\/aeterrasave.net\/webmedia\/wp-content\/uploads\/2026\/04\/Default_AETA_New.png",300,82,false],"cvmm-medium-plus":["https:\/\/aeterrasave.net\/webmedia\/wp-content\/uploads\/2026\/04\/Default_AETA_New.png",300,82,false],"cvmm-portrait":["https:\/\/aeterrasave.net\/webmedia\/wp-content\/uploads\/2026\/04\/Default_AETA_New.png",300,82,false],"cvmm-medium-square":["https:\/\/aeterrasave.net\/webmedia\/wp-content\/uploads\/2026\/04\/Default_AETA_New.png",300,82,false],"cvmm-large":["https:\/\/aeterrasave.net\/webmedia\/wp-content\/uploads\/2026\/04\/Default_AETA_New.png",300,82,false],"cvmm-small":["https:\/\/aeterrasave.net\/webmedia\/wp-content\/uploads\/2026\/04\/Default_AETA_New-130x82.png",130,82,true],"full":["https:\/\/aeterrasave.net\/webmedia\/wp-content\/uploads\/2026\/04\/Default_AETA_New.png",300,82,false]},"_links":{"self":[{"href":"https:\/\/aeterrasave.net\/webmedia\/wp-json\/wp\/v2\/posts\/21940","targetHints":{"allow":["GET"]}}],"collection":[{"href":"https:\/\/aeterrasave.net\/webmedia\/wp-json\/wp\/v2\/posts"}],"about":[{"href":"https:\/\/aeterrasave.net\/webmedia\/wp-json\/wp\/v2\/types\/post"}],"author":[{"embeddable":true,"href":"https:\/\/aeterrasave.net\/webmedia\/wp-json\/wp\/v2\/users\/9"}],"replies":[{"embeddable":true,"href":"https:\/\/aeterrasave.net\/webmedia\/wp-json\/wp\/v2\/comments?post=21940"}],"version-history":[{"count":3,"href":"https:\/\/aeterrasave.net\/webmedia\/wp-json\/wp\/v2\/posts\/21940\/revisions"}],"predecessor-version":[{"id":21959,"href":"https:\/\/aeterrasave.net\/webmedia\/wp-json\/wp\/v2\/posts\/21940\/revisions\/21959"}],"wp:featuredmedia":[{"embeddable":true,"href":"https:\/\/aeterrasave.net\/webmedia\/wp-json\/wp\/v2\/media\/22989"}],"wp:attachment":[{"href":"https:\/\/aeterrasave.net\/webmedia\/wp-json\/wp\/v2\/media?parent=21940"}],"wp:term":[{"taxonomy":"category","embeddable":true,"href":"https:\/\/aeterrasave.net\/webmedia\/wp-json\/wp\/v2\/categories?post=21940"},{"taxonomy":"post_tag","embeddable":true,"href":"https:\/\/aeterrasave.net\/webmedia\/wp-json\/wp\/v2\/tags?post=21940"}],"curies":[{"name":"wp","href":"https:\/\/api.w.org\/{rel}","templated":true}]}}