{"id":22046,"date":"2026-02-06T16:20:25","date_gmt":"2026-02-06T15:20:25","guid":{"rendered":"https:\/\/aeterrasave.net\/webmedia\/?p=22046"},"modified":"2026-02-06T16:21:49","modified_gmt":"2026-02-06T15:21:49","slug":"9-o-ano-no-planetario-e-na-galeria-da-biodiversidade-no-porto","status":"publish","type":"post","link":"https:\/\/aeterrasave.net\/webmedia\/9-o-ano-no-planetario-e-na-galeria-da-biodiversidade-no-porto\/","title":{"rendered":"9.\u00ba Ano no Planet\u00e1rio e na Galeria da Biodiversidade, no Porto."},"content":{"rendered":"\n<p>No dia 5 de fevereiro, os alunos das turmas do 9.\u00ba ano realizaram uma visita de estudo ao Porto, para experi\u00eancias de aprendizagem no Planet\u00e1rio, onde assistiram \u00e0 sess\u00e3o do filme imersivo \u201cBiosfera da Escurid\u00e3o\u201d, e visitaram a Galeria da Biodiversidade da Universidade do Porto. Um dia de aulas diferente, que permitiu a alunos e professores contactarem de modo pr\u00e1tico com o cruzamento de diferentes \u00e1reas do saber.<\/p>\n\n\n\n<p>A visita de estudo proporcionou aprendizagens que ultrapassam a sala de aulas e os os manuais, e estimulam a curiosidade de saber mais, sair das fronteiras do que achamos que sabemos, e que ainda temos muito que aprender uns com os outros, sobre a origem da vida e a import\u00e2ncia de respeitar todos os seres nas suas diferentes formas, preservando o que temos.<\/p>\n\n\n\n<p>A escola a mostrar caminhos diferentes para aprender e aprender a respeitar o que conhecemos e podemos conhecer, com os outros.<\/p>\n\n\n\n<figure class=\"wp-block-image size-large\"><img loading=\"lazy\" decoding=\"async\" width=\"811\" height=\"628\" src=\"https:\/\/aeterrasave.net\/webmedia\/wp-content\/uploads\/2026\/02\/WhatsApp-Image-2026-02-06-at-14.20.42-811x628.jpeg\" alt=\"\" class=\"wp-image-22047\" srcset=\"https:\/\/aeterrasave.net\/webmedia\/wp-content\/uploads\/2026\/02\/WhatsApp-Image-2026-02-06-at-14.20.42-811x628.jpeg 811w, https:\/\/aeterrasave.net\/webmedia\/wp-content\/uploads\/2026\/02\/WhatsApp-Image-2026-02-06-at-14.20.42-768x595.jpeg 768w, https:\/\/aeterrasave.net\/webmedia\/wp-content\/uploads\/2026\/02\/WhatsApp-Image-2026-02-06-at-14.20.42-560x434.jpeg 560w, https:\/\/aeterrasave.net\/webmedia\/wp-content\/uploads\/2026\/02\/WhatsApp-Image-2026-02-06-at-14.20.42.jpeg 843w\" sizes=\"auto, (max-width: 811px) 100vw, 811px\" \/><\/figure>\n","protected":false},"excerpt":{"rendered":"<p>No dia 5 de fevereiro, os alunos das turmas do 9.\u00ba ano realizaram uma visita de estudo ao Porto, para experi\u00eancias de aprendizagem no Planet\u00e1rio, onde assistiram \u00e0 sess\u00e3o do filme imersivo \u201cBiosfera da Escurid\u00e3o\u201d, e visitaram a Galeria da Biodiversidade da Universidade do Porto. Um dia de aulas diferente, que permitiu a alunos e [&hellip;]<\/p>\n","protected":false},"author":43,"featured_media":22047,"comment_status":"closed","ping_status":"closed","sticky":false,"template":"","format":"standard","meta":{"_eb_attr":"","footnotes":""},"categories":[3],"tags":[],"class_list":["post-22046","post","type-post","status-publish","format-standard","has-post-thumbnail","hentry","category-noticias"],"blog_post_layout_featured_media_urls":{"thumbnail":["https:\/\/aeterrasave.net\/webmedia\/wp-content\/uploads\/2026\/02\/WhatsApp-Image-2026-02-06-at-14.20.42-150x150.jpeg",150,150,true],"full":["https:\/\/aeterrasave.net\/webmedia\/wp-content\/uploads\/2026\/02\/WhatsApp-Image-2026-02-06-at-14.20.42.jpeg",843,653,false]},"categories_names":{"3":{"name":"Not\u00edcias","link":"https:\/\/aeterrasave.net\/webmedia\/category\/noticias\/"}},"tags_names":[],"comments_number":0,"wpmagazine_modules_lite_featured_media_urls":{"thumbnail":["https:\/\/aeterrasave.net\/webmedia\/wp-content\/uploads\/2026\/02\/WhatsApp-Image-2026-02-06-at-14.20.42-150x150.jpeg",150,150,true],"cvmm-medium":["https:\/\/aeterrasave.net\/webmedia\/wp-content\/uploads\/2026\/02\/WhatsApp-Image-2026-02-06-at-14.20.42-300x300.jpeg",300,300,true],"cvmm-medium-plus":["https:\/\/aeterrasave.net\/webmedia\/wp-content\/uploads\/2026\/02\/WhatsApp-Image-2026-02-06-at-14.20.42-305x207.jpeg",305,207,true],"cvmm-portrait":["https:\/\/aeterrasave.net\/webmedia\/wp-content\/uploads\/2026\/02\/WhatsApp-Image-2026-02-06-at-14.20.42-400x600.jpeg",400,600,true],"cvmm-medium-square":["https:\/\/aeterrasave.net\/webmedia\/wp-content\/uploads\/2026\/02\/WhatsApp-Image-2026-02-06-at-14.20.42-600x600.jpeg",600,600,true],"cvmm-large":["https:\/\/aeterrasave.net\/webmedia\/wp-content\/uploads\/2026\/02\/WhatsApp-Image-2026-02-06-at-14.20.42.jpeg",843,653,false],"cvmm-small":["https:\/\/aeterrasave.net\/webmedia\/wp-content\/uploads\/2026\/02\/WhatsApp-Image-2026-02-06-at-14.20.42-130x95.jpeg",130,95,true],"full":["https:\/\/aeterrasave.net\/webmedia\/wp-content\/uploads\/2026\/02\/WhatsApp-Image-2026-02-06-at-14.20.42.jpeg",843,653,false]},"_links":{"self":[{"href":"https:\/\/aeterrasave.net\/webmedia\/wp-json\/wp\/v2\/posts\/22046","targetHints":{"allow":["GET"]}}],"collection":[{"href":"https:\/\/aeterrasave.net\/webmedia\/wp-json\/wp\/v2\/posts"}],"about":[{"href":"https:\/\/aeterrasave.net\/webmedia\/wp-json\/wp\/v2\/types\/post"}],"author":[{"embeddable":true,"href":"https:\/\/aeterrasave.net\/webmedia\/wp-json\/wp\/v2\/users\/43"}],"replies":[{"embeddable":true,"href":"https:\/\/aeterrasave.net\/webmedia\/wp-json\/wp\/v2\/comments?post=22046"}],"version-history":[{"count":1,"href":"https:\/\/aeterrasave.net\/webmedia\/wp-json\/wp\/v2\/posts\/22046\/revisions"}],"predecessor-version":[{"id":22048,"href":"https:\/\/aeterrasave.net\/webmedia\/wp-json\/wp\/v2\/posts\/22046\/revisions\/22048"}],"wp:featuredmedia":[{"embeddable":true,"href":"https:\/\/aeterrasave.net\/webmedia\/wp-json\/wp\/v2\/media\/22047"}],"wp:attachment":[{"href":"https:\/\/aeterrasave.net\/webmedia\/wp-json\/wp\/v2\/media?parent=22046"}],"wp:term":[{"taxonomy":"category","embeddable":true,"href":"https:\/\/aeterrasave.net\/webmedia\/wp-json\/wp\/v2\/categories?post=22046"},{"taxonomy":"post_tag","embeddable":true,"href":"https:\/\/aeterrasave.net\/webmedia\/wp-json\/wp\/v2\/tags?post=22046"}],"curies":[{"name":"wp","href":"https:\/\/api.w.org\/{rel}","templated":true}]}}