{"id":22085,"date":"2026-02-12T19:04:16","date_gmt":"2026-02-12T18:04:16","guid":{"rendered":"https:\/\/aeterrasave.net\/webmedia\/?p=22085"},"modified":"2026-02-12T19:04:18","modified_gmt":"2026-02-12T18:04:18","slug":"alunos-do-2o-ano-da-e-b-terras-do-ave-visitam-escola-de-educacao-rodoviaria","status":"publish","type":"post","link":"https:\/\/aeterrasave.net\/webmedia\/alunos-do-2o-ano-da-e-b-terras-do-ave-visitam-escola-de-educacao-rodoviaria\/","title":{"rendered":"Alunos do 2\u00ba ano da E.B. Terras do Ave visitam Escola de Educa\u00e7\u00e3o Rodovi\u00e1ria"},"content":{"rendered":"\n<p><a href=\"https:\/\/aeterrasave.net\/webmedia\/?p=22085&amp;preview=true&amp;_thumbnail_id=22086\">Pr\u00e9-visualizar num novo separador<\/a><\/p>\n\n\n\n<p class=\"has-text-align-left\">Os alunos da turma F2 da Escola B\u00e1sica Terras do Ave deslocaram-se de autocarro,<br>na manh\u00e3 do dia 10 de fevereiro, \u00e0 Escola de Educa\u00e7\u00e3o Rodovi\u00e1ria, situada no Lago<br>Discount, em Ribeir\u00e3o.<br>Ao longo da viagem, a alegria e o entusiasmo refletiram-se nos rostos de cada crian\u00e7a,<br>pois estavam ansiosos para conhecer de perto esta escola. Assim que chegaram ao<br>local da visita, os alunos foram encaminhados para uma sess\u00e3o te\u00f3rica, onde<br>aprenderam algumas regras essenciais que devem ter em conta e cumprir sempre que<br>caminharem a p\u00e9 ou andarem de bicicleta ou trotinete. Relembraram tamb\u00e9m os sinais<br>de tr\u00e2nsito e as normas de seguran\u00e7a que devem respeitar enquanto passageiros de<br>autom\u00f3veis ou de transportes p\u00fablicos. Ap\u00f3s esses momentos de aprendizagem e<br>reflex\u00e3o, houve lugar para a parte mais divertida da visita. Em grupos, todos puderam<br>desempenhar o papel de automobilistas e de pe\u00f5es, explorando o espa\u00e7o envolvente<br>que parece retratar uma cidade em miniatura. Nessa altura, os alunos tiveram a<br>oportunidade de percorrer um circuito com estradas, passeios, passadeiras, rotundas<br>e cruzamentos, devidamente sinalizados, colocando em pr\u00e1tica o que aprenderam.<br>Esta visita proporcionou aos alunos momentos de aprendizagens significativas, de<br>uma forma l\u00fadica, permitindo-lhes aliar o conhecimento \u00e0 pr\u00e1tica e perceber o qu\u00e3o<br>importante \u00e9 ter comportamentos conscientes e respons\u00e1veis nos nossos percursos<br>rodovi\u00e1rios.<\/p>\n\n\n\n<figure class=\"wp-block-gallery has-nested-images columns-default is-cropped wp-block-gallery-1 is-layout-flex wp-block-gallery-is-layout-flex\">\n<figure class=\"wp-block-image size-large\"><img loading=\"lazy\" decoding=\"async\" width=\"837\" height=\"628\" data-id=\"22087\" src=\"https:\/\/aeterrasave.net\/webmedia\/wp-content\/uploads\/2026\/02\/Visita-de-estudo-2-F2-837x628.jpeg\" alt=\"\" class=\"wp-image-22087\" srcset=\"https:\/\/aeterrasave.net\/webmedia\/wp-content\/uploads\/2026\/02\/Visita-de-estudo-2-F2-837x628.jpeg 837w, https:\/\/aeterrasave.net\/webmedia\/wp-content\/uploads\/2026\/02\/Visita-de-estudo-2-F2-768x576.jpeg 768w, https:\/\/aeterrasave.net\/webmedia\/wp-content\/uploads\/2026\/02\/Visita-de-estudo-2-F2-136x102.jpeg 136w, https:\/\/aeterrasave.net\/webmedia\/wp-content\/uploads\/2026\/02\/Visita-de-estudo-2-F2-560x420.jpeg 560w, https:\/\/aeterrasave.net\/webmedia\/wp-content\/uploads\/2026\/02\/Visita-de-estudo-2-F2.jpeg 2040w\" sizes=\"auto, (max-width: 837px) 100vw, 837px\" \/><\/figure>\n<\/figure>\n","protected":false},"excerpt":{"rendered":"<p>Pr\u00e9-visualizar num novo separador Os alunos da turma F2 da Escola B\u00e1sica Terras do Ave deslocaram-se de autocarro,na manh\u00e3 do dia 10 de fevereiro, \u00e0 Escola de Educa\u00e7\u00e3o Rodovi\u00e1ria, situada no LagoDiscount, em Ribeir\u00e3o.Ao longo da viagem, a alegria e o entusiasmo refletiram-se nos rostos de cada crian\u00e7a,pois estavam ansiosos para conhecer de perto esta [&hellip;]<\/p>\n","protected":false},"author":7,"featured_media":22086,"comment_status":"closed","ping_status":"closed","sticky":false,"template":"","format":"standard","meta":{"_eb_attr":"","footnotes":""},"categories":[3],"tags":[],"class_list":["post-22085","post","type-post","status-publish","format-standard","has-post-thumbnail","hentry","category-noticias"],"blog_post_layout_featured_media_urls":{"thumbnail":["https:\/\/aeterrasave.net\/webmedia\/wp-content\/uploads\/2026\/02\/Visita-de-estudo-F2-150x150.jpeg",150,150,true],"full":["https:\/\/aeterrasave.net\/webmedia\/wp-content\/uploads\/2026\/02\/Visita-de-estudo-F2.jpeg",2040,1530,false]},"categories_names":{"3":{"name":"Not\u00edcias","link":"https:\/\/aeterrasave.net\/webmedia\/category\/noticias\/"}},"tags_names":[],"comments_number":0,"wpmagazine_modules_lite_featured_media_urls":{"thumbnail":["https:\/\/aeterrasave.net\/webmedia\/wp-content\/uploads\/2026\/02\/Visita-de-estudo-F2-150x150.jpeg",150,150,true],"cvmm-medium":["https:\/\/aeterrasave.net\/webmedia\/wp-content\/uploads\/2026\/02\/Visita-de-estudo-F2-300x300.jpeg",300,300,true],"cvmm-medium-plus":["https:\/\/aeterrasave.net\/webmedia\/wp-content\/uploads\/2026\/02\/Visita-de-estudo-F2-305x207.jpeg",305,207,true],"cvmm-portrait":["https:\/\/aeterrasave.net\/webmedia\/wp-content\/uploads\/2026\/02\/Visita-de-estudo-F2-400x600.jpeg",400,600,true],"cvmm-medium-square":["https:\/\/aeterrasave.net\/webmedia\/wp-content\/uploads\/2026\/02\/Visita-de-estudo-F2-600x600.jpeg",600,600,true],"cvmm-large":["https:\/\/aeterrasave.net\/webmedia\/wp-content\/uploads\/2026\/02\/Visita-de-estudo-F2-1024x1024.jpeg",1024,1024,true],"cvmm-small":["https:\/\/aeterrasave.net\/webmedia\/wp-content\/uploads\/2026\/02\/Visita-de-estudo-F2-130x95.jpeg",130,95,true],"full":["https:\/\/aeterrasave.net\/webmedia\/wp-content\/uploads\/2026\/02\/Visita-de-estudo-F2.jpeg",2040,1530,false]},"_links":{"self":[{"href":"https:\/\/aeterrasave.net\/webmedia\/wp-json\/wp\/v2\/posts\/22085","targetHints":{"allow":["GET"]}}],"collection":[{"href":"https:\/\/aeterrasave.net\/webmedia\/wp-json\/wp\/v2\/posts"}],"about":[{"href":"https:\/\/aeterrasave.net\/webmedia\/wp-json\/wp\/v2\/types\/post"}],"author":[{"embeddable":true,"href":"https:\/\/aeterrasave.net\/webmedia\/wp-json\/wp\/v2\/users\/7"}],"replies":[{"embeddable":true,"href":"https:\/\/aeterrasave.net\/webmedia\/wp-json\/wp\/v2\/comments?post=22085"}],"version-history":[{"count":2,"href":"https:\/\/aeterrasave.net\/webmedia\/wp-json\/wp\/v2\/posts\/22085\/revisions"}],"predecessor-version":[{"id":22089,"href":"https:\/\/aeterrasave.net\/webmedia\/wp-json\/wp\/v2\/posts\/22085\/revisions\/22089"}],"wp:featuredmedia":[{"embeddable":true,"href":"https:\/\/aeterrasave.net\/webmedia\/wp-json\/wp\/v2\/media\/22086"}],"wp:attachment":[{"href":"https:\/\/aeterrasave.net\/webmedia\/wp-json\/wp\/v2\/media?parent=22085"}],"wp:term":[{"taxonomy":"category","embeddable":true,"href":"https:\/\/aeterrasave.net\/webmedia\/wp-json\/wp\/v2\/categories?post=22085"},{"taxonomy":"post_tag","embeddable":true,"href":"https:\/\/aeterrasave.net\/webmedia\/wp-json\/wp\/v2\/tags?post=22085"}],"curies":[{"name":"wp","href":"https:\/\/api.w.org\/{rel}","templated":true}]}}