{"id":22119,"date":"2026-02-13T14:03:57","date_gmt":"2026-02-13T13:03:57","guid":{"rendered":"https:\/\/aeterrasave.net\/webmedia\/?p=22119"},"modified":"2026-02-13T14:03:58","modified_gmt":"2026-02-13T13:03:58","slug":"carnaval-na-eb-de-ruivaes","status":"publish","type":"post","link":"https:\/\/aeterrasave.net\/webmedia\/carnaval-na-eb-de-ruivaes\/","title":{"rendered":"Carnaval na EB de Ruiv\u00e3es"},"content":{"rendered":"\n<figure class=\"wp-block-gallery has-nested-images columns-default is-cropped wp-block-gallery-1 is-layout-flex wp-block-gallery-is-layout-flex\">\n<figure class=\"wp-block-image size-large\"><img loading=\"lazy\" decoding=\"async\" width=\"842\" height=\"628\" data-id=\"22122\" src=\"https:\/\/aeterrasave.net\/webmedia\/wp-content\/uploads\/2026\/02\/66046-842x628.jpg\" alt=\"\" class=\"wp-image-22122\" srcset=\"https:\/\/aeterrasave.net\/webmedia\/wp-content\/uploads\/2026\/02\/66046-842x628.jpg 842w, https:\/\/aeterrasave.net\/webmedia\/wp-content\/uploads\/2026\/02\/66046-768x573.jpg 768w, https:\/\/aeterrasave.net\/webmedia\/wp-content\/uploads\/2026\/02\/66046-136x102.jpg 136w, https:\/\/aeterrasave.net\/webmedia\/wp-content\/uploads\/2026\/02\/66046-560x418.jpg 560w, https:\/\/aeterrasave.net\/webmedia\/wp-content\/uploads\/2026\/02\/66046.jpg 1170w\" sizes=\"auto, (max-width: 842px) 100vw, 842px\" \/><\/figure>\n\n\n\n<figure class=\"wp-block-image size-large\"><img loading=\"lazy\" decoding=\"async\" width=\"966\" height=\"628\" data-id=\"22121\" src=\"https:\/\/aeterrasave.net\/webmedia\/wp-content\/uploads\/2026\/02\/68969-966x628.jpg\" alt=\"\" class=\"wp-image-22121\" srcset=\"https:\/\/aeterrasave.net\/webmedia\/wp-content\/uploads\/2026\/02\/68969-966x628.jpg 966w, https:\/\/aeterrasave.net\/webmedia\/wp-content\/uploads\/2026\/02\/68969-768x500.jpg 768w, https:\/\/aeterrasave.net\/webmedia\/wp-content\/uploads\/2026\/02\/68969-560x364.jpg 560w, https:\/\/aeterrasave.net\/webmedia\/wp-content\/uploads\/2026\/02\/68969.jpg 1170w\" sizes=\"auto, (max-width: 966px) 100vw, 966px\" \/><\/figure>\n\n\n\n<figure class=\"wp-block-image size-large\"><img loading=\"lazy\" decoding=\"async\" width=\"842\" height=\"628\" data-id=\"22120\" src=\"https:\/\/aeterrasave.net\/webmedia\/wp-content\/uploads\/2026\/02\/73181-842x628.jpg\" alt=\"\" class=\"wp-image-22120\" srcset=\"https:\/\/aeterrasave.net\/webmedia\/wp-content\/uploads\/2026\/02\/73181-842x628.jpg 842w, https:\/\/aeterrasave.net\/webmedia\/wp-content\/uploads\/2026\/02\/73181-768x573.jpg 768w, https:\/\/aeterrasave.net\/webmedia\/wp-content\/uploads\/2026\/02\/73181-136x102.jpg 136w, https:\/\/aeterrasave.net\/webmedia\/wp-content\/uploads\/2026\/02\/73181-560x418.jpg 560w, https:\/\/aeterrasave.net\/webmedia\/wp-content\/uploads\/2026\/02\/73181.jpg 1170w\" sizes=\"auto, (max-width: 842px) 100vw, 842px\" \/><\/figure>\n<\/figure>\n\n\n\n<p>EB de Ruiv\u00e3es viveu uma manh\u00e3 verdadeiramente especial com a celebra\u00e7\u00e3o do Carnaval subordinado ao tema \u201cFantasias e Emo\u00e7\u00f5es\u201d. O ambiente encheu-se de cor, criatividade e, acima de tudo, muitos sorrisos.<br>Alunos, professores e assistentes operacionais deram asas \u00e0 imagina\u00e7\u00e3o e apresentaram fantasias originais que refletiam diferentes emo\u00e7\u00f5es \u2014 da alegria ao entusiasmo, da amizade \u00e0 coragem. O desfile foi marcado pela criatividade tornando o momento ainda mais significativo.<br>A festa contou tamb\u00e9m com a participa\u00e7\u00e3o muito especial dos nossos amigos do Centro Social de Ruiv\u00e3es, cuja presen\u00e7a trouxe ainda mais carinho e anima\u00e7\u00e3o \u00e0 celebra\u00e7\u00e3o. A partilha entre gera\u00e7\u00f5es foi um dos pontos altos da manh\u00e3, refor\u00e7ando la\u00e7os e criando mem\u00f3rias inesquec\u00edveis.<br>N\u00e3o faltou m\u00fasica, dan\u00e7a e muita anima\u00e7\u00e3o. Ao som de ritmos carnavalescos, a escola transformou-se num verdadeiro palco de Alegria, onde todos participaram com entusiasmo contagiante.<br>Foi, sem d\u00favida, uma manh\u00e3 animada e repleta de Emo\u00e7\u00f5es, que ficar\u00e1 na mem\u00f3ria de todos como mais um momento especial vivido na nossa escola. O Carnaval na EB de Ruiv\u00e3es mostrou, mais uma vez, que celebrar \u00e9 tamb\u00e9m partilhar, sentir e fortalecer a comunidade.\u00a0<\/p>\n","protected":false},"excerpt":{"rendered":"<p>EB de Ruiv\u00e3es viveu uma manh\u00e3 verdadeiramente especial com a celebra\u00e7\u00e3o do Carnaval subordinado ao tema \u201cFantasias e Emo\u00e7\u00f5es\u201d. O ambiente encheu-se de cor, criatividade e, acima de tudo, muitos sorrisos.Alunos, professores e assistentes operacionais deram asas \u00e0 imagina\u00e7\u00e3o e apresentaram fantasias originais que refletiam diferentes emo\u00e7\u00f5es \u2014 da alegria ao entusiasmo, da amizade \u00e0 [&hellip;]<\/p>\n","protected":false},"author":9,"featured_media":22120,"comment_status":"closed","ping_status":"closed","sticky":false,"template":"","format":"standard","meta":{"_eb_attr":"","footnotes":""},"categories":[3],"tags":[],"class_list":["post-22119","post","type-post","status-publish","format-standard","has-post-thumbnail","hentry","category-noticias"],"blog_post_layout_featured_media_urls":{"thumbnail":["https:\/\/aeterrasave.net\/webmedia\/wp-content\/uploads\/2026\/02\/73181-150x150.jpg",150,150,true],"full":["https:\/\/aeterrasave.net\/webmedia\/wp-content\/uploads\/2026\/02\/73181.jpg",1170,873,false]},"categories_names":{"3":{"name":"Not\u00edcias","link":"https:\/\/aeterrasave.net\/webmedia\/category\/noticias\/"}},"tags_names":[],"comments_number":0,"wpmagazine_modules_lite_featured_media_urls":{"thumbnail":["https:\/\/aeterrasave.net\/webmedia\/wp-content\/uploads\/2026\/02\/73181-150x150.jpg",150,150,true],"cvmm-medium":["https:\/\/aeterrasave.net\/webmedia\/wp-content\/uploads\/2026\/02\/73181-300x300.jpg",300,300,true],"cvmm-medium-plus":["https:\/\/aeterrasave.net\/webmedia\/wp-content\/uploads\/2026\/02\/73181-305x207.jpg",305,207,true],"cvmm-portrait":["https:\/\/aeterrasave.net\/webmedia\/wp-content\/uploads\/2026\/02\/73181-400x600.jpg",400,600,true],"cvmm-medium-square":["https:\/\/aeterrasave.net\/webmedia\/wp-content\/uploads\/2026\/02\/73181-600x600.jpg",600,600,true],"cvmm-large":["https:\/\/aeterrasave.net\/webmedia\/wp-content\/uploads\/2026\/02\/73181-1024x873.jpg",1024,873,true],"cvmm-small":["https:\/\/aeterrasave.net\/webmedia\/wp-content\/uploads\/2026\/02\/73181-130x95.jpg",130,95,true],"full":["https:\/\/aeterrasave.net\/webmedia\/wp-content\/uploads\/2026\/02\/73181.jpg",1170,873,false]},"_links":{"self":[{"href":"https:\/\/aeterrasave.net\/webmedia\/wp-json\/wp\/v2\/posts\/22119","targetHints":{"allow":["GET"]}}],"collection":[{"href":"https:\/\/aeterrasave.net\/webmedia\/wp-json\/wp\/v2\/posts"}],"about":[{"href":"https:\/\/aeterrasave.net\/webmedia\/wp-json\/wp\/v2\/types\/post"}],"author":[{"embeddable":true,"href":"https:\/\/aeterrasave.net\/webmedia\/wp-json\/wp\/v2\/users\/9"}],"replies":[{"embeddable":true,"href":"https:\/\/aeterrasave.net\/webmedia\/wp-json\/wp\/v2\/comments?post=22119"}],"version-history":[{"count":3,"href":"https:\/\/aeterrasave.net\/webmedia\/wp-json\/wp\/v2\/posts\/22119\/revisions"}],"predecessor-version":[{"id":22125,"href":"https:\/\/aeterrasave.net\/webmedia\/wp-json\/wp\/v2\/posts\/22119\/revisions\/22125"}],"wp:featuredmedia":[{"embeddable":true,"href":"https:\/\/aeterrasave.net\/webmedia\/wp-json\/wp\/v2\/media\/22120"}],"wp:attachment":[{"href":"https:\/\/aeterrasave.net\/webmedia\/wp-json\/wp\/v2\/media?parent=22119"}],"wp:term":[{"taxonomy":"category","embeddable":true,"href":"https:\/\/aeterrasave.net\/webmedia\/wp-json\/wp\/v2\/categories?post=22119"},{"taxonomy":"post_tag","embeddable":true,"href":"https:\/\/aeterrasave.net\/webmedia\/wp-json\/wp\/v2\/tags?post=22119"}],"curies":[{"name":"wp","href":"https:\/\/api.w.org\/{rel}","templated":true}]}}