{"id":2223,"date":"2020-02-16T16:25:43","date_gmt":"2020-02-16T15:25:43","guid":{"rendered":"https:\/\/aepedome.net\/webmedia\/?p=2223"},"modified":"2020-02-16T16:25:43","modified_gmt":"2020-02-16T15:25:43","slug":"palestra-sobre-as-alteracoes-climaticas-na-eb-de-casteloes","status":"publish","type":"post","link":"https:\/\/aeterrasave.net\/webmedia\/palestra-sobre-as-alteracoes-climaticas-na-eb-de-casteloes\/","title":{"rendered":"Palestra sobre as Altera\u00e7\u00f5es Clim\u00e1ticas na EB de Castel\u00f5es"},"content":{"rendered":"<p>No passado dia 13 de fevereiro, os alunos do 4\u00ba ano da EB de Castel\u00f5es, receberam a palestra do Gabinete de Sensibiliza\u00e7\u00e3o Ambiental da C\u00e2mara Municipal de Vila Nova de Famalic\u00e3o, sobre as Altera\u00e7\u00f5es Clim\u00e1ticas com a atividade \u201cvamos alterar a\u00e7\u00f5es\u201d.<\/p>\n<p>Foi uma sess\u00e3o em que os alunos constataram o impacto das atividades humanas, nomeadamente a <strong>queima de combust\u00edveis f\u00f3sseis, o abate da floresta tropical e a pecu\u00e1ria<\/strong>, no clima e na temperatura da Terra.<\/p>\n<p>Foi realizada uma experi\u00eancia e feito o respetivo registo, que procurou demonstrar a a\u00e7\u00e3o do Sol sobre o Planeta terra e o efeito de estufa.<\/p>\n<p>No final os alunos fizeram um jogo e assistiram a um v\u00eddeo sobre as altera\u00e7\u00f5es clim\u00e1ticas.<\/p>\n<p>Os alunos estiveram atentos e muito participativos, visto ser um tema que os preocupa e que eles pr\u00f3prios se definem como Soldados do Planeta Terra!<img loading=\"lazy\" decoding=\"async\" class=\"alignnone size-full wp-image-2224\" src=\"https:\/\/aepedome.net\/webmedia\/wp-content\/uploads\/2020\/02\/IMG_0439.jpg\" alt=\"\" width=\"640\" height=\"480\" \/><\/p>\n<p><img loading=\"lazy\" decoding=\"async\" class=\"alignnone size-full wp-image-2225\" src=\"https:\/\/aepedome.net\/webmedia\/wp-content\/uploads\/2020\/02\/IMG_0441.jpg\" alt=\"\" width=\"640\" height=\"480\" \/><\/p>\n","protected":false},"excerpt":{"rendered":"<p>No passado dia 13 de fevereiro, os alunos do 4\u00ba ano da EB de Castel\u00f5es, receberam a palestra do Gabinete de Sensibiliza\u00e7\u00e3o Ambiental da C\u00e2mara Municipal de Vila Nova de Famalic\u00e3o, sobre as Altera\u00e7\u00f5es Clim\u00e1ticas com a atividade \u201cvamos alterar a\u00e7\u00f5es\u201d. Foi uma sess\u00e3o em que os alunos constataram o impacto das atividades humanas, nomeadamente [&hellip;]<\/p>\n","protected":false},"author":5,"featured_media":22989,"comment_status":"closed","ping_status":"closed","sticky":false,"template":"","format":"standard","meta":{"_eb_attr":"","footnotes":""},"categories":[3],"tags":[],"class_list":["post-2223","post","type-post","status-publish","format-standard","has-post-thumbnail","hentry","category-noticias"],"blog_post_layout_featured_media_urls":{"thumbnail":["https:\/\/aeterrasave.net\/webmedia\/wp-content\/uploads\/2026\/04\/Default_AETA_New-150x82.png",150,82,true],"full":["https:\/\/aeterrasave.net\/webmedia\/wp-content\/uploads\/2026\/04\/Default_AETA_New.png",300,82,false]},"categories_names":{"3":{"name":"Not\u00edcias","link":"https:\/\/aeterrasave.net\/webmedia\/category\/noticias\/"}},"tags_names":[],"comments_number":0,"wpmagazine_modules_lite_featured_media_urls":{"thumbnail":["https:\/\/aeterrasave.net\/webmedia\/wp-content\/uploads\/2026\/04\/Default_AETA_New-150x82.png",150,82,true],"cvmm-medium":["https:\/\/aeterrasave.net\/webmedia\/wp-content\/uploads\/2026\/04\/Default_AETA_New.png",300,82,false],"cvmm-medium-plus":["https:\/\/aeterrasave.net\/webmedia\/wp-content\/uploads\/2026\/04\/Default_AETA_New.png",300,82,false],"cvmm-portrait":["https:\/\/aeterrasave.net\/webmedia\/wp-content\/uploads\/2026\/04\/Default_AETA_New.png",300,82,false],"cvmm-medium-square":["https:\/\/aeterrasave.net\/webmedia\/wp-content\/uploads\/2026\/04\/Default_AETA_New.png",300,82,false],"cvmm-large":["https:\/\/aeterrasave.net\/webmedia\/wp-content\/uploads\/2026\/04\/Default_AETA_New.png",300,82,false],"cvmm-small":["https:\/\/aeterrasave.net\/webmedia\/wp-content\/uploads\/2026\/04\/Default_AETA_New-130x82.png",130,82,true],"full":["https:\/\/aeterrasave.net\/webmedia\/wp-content\/uploads\/2026\/04\/Default_AETA_New.png",300,82,false]},"_links":{"self":[{"href":"https:\/\/aeterrasave.net\/webmedia\/wp-json\/wp\/v2\/posts\/2223","targetHints":{"allow":["GET"]}}],"collection":[{"href":"https:\/\/aeterrasave.net\/webmedia\/wp-json\/wp\/v2\/posts"}],"about":[{"href":"https:\/\/aeterrasave.net\/webmedia\/wp-json\/wp\/v2\/types\/post"}],"author":[{"embeddable":true,"href":"https:\/\/aeterrasave.net\/webmedia\/wp-json\/wp\/v2\/users\/5"}],"replies":[{"embeddable":true,"href":"https:\/\/aeterrasave.net\/webmedia\/wp-json\/wp\/v2\/comments?post=2223"}],"version-history":[{"count":0,"href":"https:\/\/aeterrasave.net\/webmedia\/wp-json\/wp\/v2\/posts\/2223\/revisions"}],"wp:featuredmedia":[{"embeddable":true,"href":"https:\/\/aeterrasave.net\/webmedia\/wp-json\/wp\/v2\/media\/22989"}],"wp:attachment":[{"href":"https:\/\/aeterrasave.net\/webmedia\/wp-json\/wp\/v2\/media?parent=2223"}],"wp:term":[{"taxonomy":"category","embeddable":true,"href":"https:\/\/aeterrasave.net\/webmedia\/wp-json\/wp\/v2\/categories?post=2223"},{"taxonomy":"post_tag","embeddable":true,"href":"https:\/\/aeterrasave.net\/webmedia\/wp-json\/wp\/v2\/tags?post=2223"}],"curies":[{"name":"wp","href":"https:\/\/api.w.org\/{rel}","templated":true}]}}