{"id":2228,"date":"2020-02-16T19:05:19","date_gmt":"2020-02-16T18:05:19","guid":{"rendered":"https:\/\/aepedome.net\/webmedia\/?p=2228"},"modified":"2020-02-16T19:05:19","modified_gmt":"2020-02-16T18:05:19","slug":"accao-de-sensibilizacao-voluntariado","status":"publish","type":"post","link":"https:\/\/aeterrasave.net\/webmedia\/accao-de-sensibilizacao-voluntariado\/","title":{"rendered":"Ac\u00e7\u00e3o de sensibiliza\u00e7\u00e3o &#8211; voluntariado"},"content":{"rendered":"<p><span style=\"font-size: 10.0pt;line-height: 150%;font-family: 'Arial',sans-serif;color: #222222;background: white\">O m\u00eas de fevereiro trouxe tamb\u00e9m novidades para as turmas do 8\u00ba ano, no \u00e2mbito da disciplina de Cidadania e Desenvolvimento, na EB de Pedome. A escola aceitou desenvolver a atividade apresentada pelo Pelouro da Juventude, no \u00e2mbito do projeto Mais Cidadania Jovem. Assim, os alunos tiveram a oportunidade de saber o que s\u00e3o a\u00e7\u00f5es sobre Voluntariado Jovem, \u00e0 escala da interven\u00e7\u00e3o municipal (O que \u00e9? Quem pode ser volunt\u00e1rio? De que forma? \u00a0Banco Municipal de Voluntariado).<\/span><\/p>\n<p><span style=\"font-size: 10.0pt;line-height: 150%;font-family: 'Arial',sans-serif;color: #222222;background: white\">Estas sess\u00f5es de esclarecimento s\u00e3o uma excelente ferramenta para os mais jovens, sobre a forma de exercerem o voluntariado nos seus territ\u00f3rios de resid\u00eancia. Ser volunt\u00e1rio \u00e9 mais que uma moda, \u00e9 estar dispon\u00edvel para os outros. Ser um cidad\u00e3o ativo, tendo por base os conhecimentos de como podem agir, contribuindo para um mundo melhor. Saber como, quando e onde podem fazer a diferen\u00e7a, como jovens conscientes para uma participa\u00e7\u00e3o informada.<img loading=\"lazy\" decoding=\"async\" class=\"alignnone size-full wp-image-2229\" src=\"https:\/\/aepedome.net\/webmedia\/wp-content\/uploads\/2020\/02\/1-16.jpg\" alt=\"\" width=\"577\" height=\"433\" srcset=\"https:\/\/aeterrasave.net\/webmedia\/wp-content\/uploads\/2020\/02\/1-16.jpg 577w, https:\/\/aeterrasave.net\/webmedia\/wp-content\/uploads\/2020\/02\/1-16-400x300.jpg 400w, https:\/\/aeterrasave.net\/webmedia\/wp-content\/uploads\/2020\/02\/1-16-560x420.jpg 560w\" sizes=\"auto, (max-width: 577px) 100vw, 577px\" \/> <img loading=\"lazy\" decoding=\"async\" class=\"alignnone size-medium wp-image-2230\" src=\"https:\/\/aepedome.net\/webmedia\/wp-content\/uploads\/2020\/02\/2-16.jpg\" alt=\"\" width=\"577\" height=\"433\" \/> <img loading=\"lazy\" decoding=\"async\" class=\"alignnone size-medium wp-image-2231\" src=\"https:\/\/aepedome.net\/webmedia\/wp-content\/uploads\/2020\/02\/3-17.jpg\" alt=\"\" width=\"577\" height=\"433\" \/><\/span><\/p>\n","protected":false},"excerpt":{"rendered":"<p>O m\u00eas de fevereiro trouxe tamb\u00e9m novidades para as turmas do 8\u00ba ano, no \u00e2mbito da disciplina de Cidadania e Desenvolvimento, na EB de Pedome. A escola aceitou desenvolver a atividade apresentada pelo Pelouro da Juventude, no \u00e2mbito do projeto Mais Cidadania Jovem. Assim, os alunos tiveram a oportunidade de saber o que s\u00e3o a\u00e7\u00f5es [&hellip;]<\/p>\n","protected":false},"author":25,"featured_media":2229,"comment_status":"closed","ping_status":"closed","sticky":false,"template":"","format":"standard","meta":{"_eb_attr":"","footnotes":""},"categories":[3],"tags":[],"class_list":["post-2228","post","type-post","status-publish","format-standard","has-post-thumbnail","hentry","category-noticias"],"blog_post_layout_featured_media_urls":{"thumbnail":["https:\/\/aeterrasave.net\/webmedia\/wp-content\/uploads\/2020\/02\/1-16-150x150.jpg",150,150,true],"full":["https:\/\/aeterrasave.net\/webmedia\/wp-content\/uploads\/2020\/02\/1-16.jpg",577,433,false]},"categories_names":{"3":{"name":"Not\u00edcias","link":"https:\/\/aeterrasave.net\/webmedia\/category\/noticias\/"}},"tags_names":[],"comments_number":0,"wpmagazine_modules_lite_featured_media_urls":{"thumbnail":["https:\/\/aeterrasave.net\/webmedia\/wp-content\/uploads\/2020\/02\/1-16-150x150.jpg",150,150,true],"cvmm-medium":["https:\/\/aeterrasave.net\/webmedia\/wp-content\/uploads\/2020\/02\/1-16.jpg",300,225,false],"cvmm-medium-plus":["https:\/\/aeterrasave.net\/webmedia\/wp-content\/uploads\/2020\/02\/1-16.jpg",276,207,false],"cvmm-portrait":["https:\/\/aeterrasave.net\/webmedia\/wp-content\/uploads\/2020\/02\/1-16.jpg",400,300,false],"cvmm-medium-square":["https:\/\/aeterrasave.net\/webmedia\/wp-content\/uploads\/2020\/02\/1-16.jpg",577,433,false],"cvmm-large":["https:\/\/aeterrasave.net\/webmedia\/wp-content\/uploads\/2020\/02\/1-16.jpg",577,433,false],"cvmm-small":["https:\/\/aeterrasave.net\/webmedia\/wp-content\/uploads\/2020\/02\/1-16.jpg",127,95,false],"full":["https:\/\/aeterrasave.net\/webmedia\/wp-content\/uploads\/2020\/02\/1-16.jpg",577,433,false]},"_links":{"self":[{"href":"https:\/\/aeterrasave.net\/webmedia\/wp-json\/wp\/v2\/posts\/2228","targetHints":{"allow":["GET"]}}],"collection":[{"href":"https:\/\/aeterrasave.net\/webmedia\/wp-json\/wp\/v2\/posts"}],"about":[{"href":"https:\/\/aeterrasave.net\/webmedia\/wp-json\/wp\/v2\/types\/post"}],"author":[{"embeddable":true,"href":"https:\/\/aeterrasave.net\/webmedia\/wp-json\/wp\/v2\/users\/25"}],"replies":[{"embeddable":true,"href":"https:\/\/aeterrasave.net\/webmedia\/wp-json\/wp\/v2\/comments?post=2228"}],"version-history":[{"count":0,"href":"https:\/\/aeterrasave.net\/webmedia\/wp-json\/wp\/v2\/posts\/2228\/revisions"}],"wp:featuredmedia":[{"embeddable":true,"href":"https:\/\/aeterrasave.net\/webmedia\/wp-json\/wp\/v2\/media\/2229"}],"wp:attachment":[{"href":"https:\/\/aeterrasave.net\/webmedia\/wp-json\/wp\/v2\/media?parent=2228"}],"wp:term":[{"taxonomy":"category","embeddable":true,"href":"https:\/\/aeterrasave.net\/webmedia\/wp-json\/wp\/v2\/categories?post=2228"},{"taxonomy":"post_tag","embeddable":true,"href":"https:\/\/aeterrasave.net\/webmedia\/wp-json\/wp\/v2\/tags?post=2228"}],"curies":[{"name":"wp","href":"https:\/\/api.w.org\/{rel}","templated":true}]}}