{"id":22407,"date":"2026-03-11T13:00:14","date_gmt":"2026-03-11T12:00:14","guid":{"rendered":"https:\/\/aeterrasave.net\/webmedia\/?p=22407"},"modified":"2026-03-11T13:00:15","modified_gmt":"2026-03-11T12:00:15","slug":"comemoracao-do-dia-internacional-da-mulher-no-ji6-oliveira-de-s-mateus","status":"publish","type":"post","link":"https:\/\/aeterrasave.net\/webmedia\/comemoracao-do-dia-internacional-da-mulher-no-ji6-oliveira-de-s-mateus\/","title":{"rendered":"Comemora\u00e7\u00e3o do Dia Internacional da Mulher no JI6 \u2013 Oliveira de S. Mateus"},"content":{"rendered":"\n<p>As crian\u00e7as do JI6 \u2013 Oliveira de S. Mateus comemoraram o <strong>Dia Internacional da Mulher<\/strong> com v\u00e1rias atividades especiais dedicadas \u00e0s mulheres mais importantes das suas vidas.<\/p>\n\n\n\n<p>Para assinalar a data, as crian\u00e7as prepararam um presente com a imagem da mulher que consideram mais especial. Tamb\u00e9m declamaram um poema e gravaram um pequeno v\u00eddeo que foi partilhado com as fam\u00edlias, tornando este dia ainda mais significativo.<\/p>\n\n\n\n<figure class=\"wp-block-gallery has-nested-images columns-default is-cropped wp-block-gallery-1 is-layout-flex wp-block-gallery-is-layout-flex\">\n<figure class=\"wp-block-image size-large\"><img loading=\"lazy\" decoding=\"async\" width=\"414\" height=\"628\" data-id=\"22408\" src=\"https:\/\/aeterrasave.net\/webmedia\/wp-content\/uploads\/2026\/03\/1-414x628.jpeg\" alt=\"\" class=\"wp-image-22408\" srcset=\"https:\/\/aeterrasave.net\/webmedia\/wp-content\/uploads\/2026\/03\/1-414x628.jpeg 414w, https:\/\/aeterrasave.net\/webmedia\/wp-content\/uploads\/2026\/03\/1-768x1166.jpeg 768w, https:\/\/aeterrasave.net\/webmedia\/wp-content\/uploads\/2026\/03\/1-560x850.jpeg 560w, https:\/\/aeterrasave.net\/webmedia\/wp-content\/uploads\/2026\/03\/1.jpeg 1080w\" sizes=\"auto, (max-width: 414px) 100vw, 414px\" \/><\/figure>\n\n\n\n<figure class=\"wp-block-image size-large\"><img loading=\"lazy\" decoding=\"async\" width=\"393\" height=\"628\" data-id=\"22409\" src=\"https:\/\/aeterrasave.net\/webmedia\/wp-content\/uploads\/2026\/03\/2-393x628.jpeg\" alt=\"\" class=\"wp-image-22409\" srcset=\"https:\/\/aeterrasave.net\/webmedia\/wp-content\/uploads\/2026\/03\/2-393x628.jpeg 393w, https:\/\/aeterrasave.net\/webmedia\/wp-content\/uploads\/2026\/03\/2-768x1227.jpeg 768w, https:\/\/aeterrasave.net\/webmedia\/wp-content\/uploads\/2026\/03\/2-560x895.jpeg 560w, https:\/\/aeterrasave.net\/webmedia\/wp-content\/uploads\/2026\/03\/2.jpeg 1051w\" sizes=\"auto, (max-width: 393px) 100vw, 393px\" \/><\/figure>\n<\/figure>\n\n\n\n<p>Na sala de atividades, as crian\u00e7as conheceram tamb\u00e9m algumas mulheres extraordin\u00e1rias, como a pintora Frida Kahlo. O grupo descobriu e explorou um pouco da sua hist\u00f3ria de vida e inspiraram-se no seu trabalho para realizar uma pintura coletiva e outra individual dedicada \u00e0 artista.<\/p>\n\n\n\n<p>Foi um momento de aprendizagem, criatividade e carinho, onde se valorizou o papel das mulheres na fam\u00edlia e na sociedade.<\/p>\n\n\n\n<p><strong>Frase que aprenderam:<\/strong><br><em>&#8220;A mulher mais bonita do mundo mora na minha casa.&#8221;<\/em><\/p>\n\n\n\n<figure class=\"wp-block-gallery has-nested-images columns-default is-cropped wp-block-gallery-2 is-layout-flex wp-block-gallery-is-layout-flex\">\n<figure class=\"wp-block-image size-large\"><img loading=\"lazy\" decoding=\"async\" width=\"283\" height=\"628\" data-id=\"22411\" src=\"https:\/\/aeterrasave.net\/webmedia\/wp-content\/uploads\/2026\/03\/3-1-283x628.jpeg\" alt=\"\" class=\"wp-image-22411\" srcset=\"https:\/\/aeterrasave.net\/webmedia\/wp-content\/uploads\/2026\/03\/3-1-283x628.jpeg 283w, https:\/\/aeterrasave.net\/webmedia\/wp-content\/uploads\/2026\/03\/3-1-768x1704.jpeg 768w, https:\/\/aeterrasave.net\/webmedia\/wp-content\/uploads\/2026\/03\/3-1-505x1120.jpeg 505w, https:\/\/aeterrasave.net\/webmedia\/wp-content\/uploads\/2026\/03\/3-1.jpeg 923w\" sizes=\"auto, (max-width: 283px) 100vw, 283px\" \/><\/figure>\n\n\n\n<figure class=\"wp-block-image size-large\"><img loading=\"lazy\" decoding=\"async\" width=\"283\" height=\"628\" data-id=\"22412\" src=\"https:\/\/aeterrasave.net\/webmedia\/wp-content\/uploads\/2026\/03\/4-283x628.jpeg\" alt=\"\" class=\"wp-image-22412\" srcset=\"https:\/\/aeterrasave.net\/webmedia\/wp-content\/uploads\/2026\/03\/4-283x628.jpeg 283w, https:\/\/aeterrasave.net\/webmedia\/wp-content\/uploads\/2026\/03\/4-768x1704.jpeg 768w, https:\/\/aeterrasave.net\/webmedia\/wp-content\/uploads\/2026\/03\/4-505x1120.jpeg 505w, https:\/\/aeterrasave.net\/webmedia\/wp-content\/uploads\/2026\/03\/4.jpeg 923w\" sizes=\"auto, (max-width: 283px) 100vw, 283px\" \/><\/figure>\n<\/figure>\n\n\n\n<figure class=\"wp-block-image size-large\"><img loading=\"lazy\" decoding=\"async\" width=\"1200\" height=\"582\" src=\"https:\/\/aeterrasave.net\/webmedia\/wp-content\/uploads\/2026\/03\/5-1200x582.jpeg\" alt=\"\" class=\"wp-image-22413\" srcset=\"https:\/\/aeterrasave.net\/webmedia\/wp-content\/uploads\/2026\/03\/5-1200x582.jpeg 1200w, https:\/\/aeterrasave.net\/webmedia\/wp-content\/uploads\/2026\/03\/5-768x373.jpeg 768w, https:\/\/aeterrasave.net\/webmedia\/wp-content\/uploads\/2026\/03\/5-560x272.jpeg 560w, https:\/\/aeterrasave.net\/webmedia\/wp-content\/uploads\/2026\/03\/5.jpeg 2048w\" sizes=\"auto, (max-width: 1200px) 100vw, 1200px\" \/><\/figure>\n","protected":false},"excerpt":{"rendered":"<p>As crian\u00e7as do JI6 \u2013 Oliveira de S. Mateus comemoraram o Dia Internacional da Mulher com v\u00e1rias atividades especiais dedicadas \u00e0s mulheres mais importantes das suas vidas. Para assinalar a data, as crian\u00e7as prepararam um presente com a imagem da mulher que consideram mais especial. Tamb\u00e9m declamaram um poema e gravaram um pequeno v\u00eddeo que [&hellip;]<\/p>\n","protected":false},"author":11,"featured_media":22414,"comment_status":"closed","ping_status":"closed","sticky":false,"template":"","format":"standard","meta":{"_eb_attr":"","footnotes":""},"categories":[3],"tags":[],"class_list":["post-22407","post","type-post","status-publish","format-standard","has-post-thumbnail","hentry","category-noticias"],"blog_post_layout_featured_media_urls":{"thumbnail":["https:\/\/aeterrasave.net\/webmedia\/wp-content\/uploads\/2026\/03\/3-2-150x150.jpeg",150,150,true],"full":["https:\/\/aeterrasave.net\/webmedia\/wp-content\/uploads\/2026\/03\/3-2.jpeg",923,2048,false]},"categories_names":{"3":{"name":"Not\u00edcias","link":"https:\/\/aeterrasave.net\/webmedia\/category\/noticias\/"}},"tags_names":[],"comments_number":0,"wpmagazine_modules_lite_featured_media_urls":{"thumbnail":["https:\/\/aeterrasave.net\/webmedia\/wp-content\/uploads\/2026\/03\/3-2-150x150.jpeg",150,150,true],"cvmm-medium":["https:\/\/aeterrasave.net\/webmedia\/wp-content\/uploads\/2026\/03\/3-2-300x300.jpeg",300,300,true],"cvmm-medium-plus":["https:\/\/aeterrasave.net\/webmedia\/wp-content\/uploads\/2026\/03\/3-2-305x207.jpeg",305,207,true],"cvmm-portrait":["https:\/\/aeterrasave.net\/webmedia\/wp-content\/uploads\/2026\/03\/3-2-400x600.jpeg",400,600,true],"cvmm-medium-square":["https:\/\/aeterrasave.net\/webmedia\/wp-content\/uploads\/2026\/03\/3-2-600x600.jpeg",600,600,true],"cvmm-large":["https:\/\/aeterrasave.net\/webmedia\/wp-content\/uploads\/2026\/03\/3-2-923x1024.jpeg",923,1024,true],"cvmm-small":["https:\/\/aeterrasave.net\/webmedia\/wp-content\/uploads\/2026\/03\/3-2-130x95.jpeg",130,95,true],"full":["https:\/\/aeterrasave.net\/webmedia\/wp-content\/uploads\/2026\/03\/3-2.jpeg",923,2048,false]},"_links":{"self":[{"href":"https:\/\/aeterrasave.net\/webmedia\/wp-json\/wp\/v2\/posts\/22407","targetHints":{"allow":["GET"]}}],"collection":[{"href":"https:\/\/aeterrasave.net\/webmedia\/wp-json\/wp\/v2\/posts"}],"about":[{"href":"https:\/\/aeterrasave.net\/webmedia\/wp-json\/wp\/v2\/types\/post"}],"author":[{"embeddable":true,"href":"https:\/\/aeterrasave.net\/webmedia\/wp-json\/wp\/v2\/users\/11"}],"replies":[{"embeddable":true,"href":"https:\/\/aeterrasave.net\/webmedia\/wp-json\/wp\/v2\/comments?post=22407"}],"version-history":[{"count":1,"href":"https:\/\/aeterrasave.net\/webmedia\/wp-json\/wp\/v2\/posts\/22407\/revisions"}],"predecessor-version":[{"id":22415,"href":"https:\/\/aeterrasave.net\/webmedia\/wp-json\/wp\/v2\/posts\/22407\/revisions\/22415"}],"wp:featuredmedia":[{"embeddable":true,"href":"https:\/\/aeterrasave.net\/webmedia\/wp-json\/wp\/v2\/media\/22414"}],"wp:attachment":[{"href":"https:\/\/aeterrasave.net\/webmedia\/wp-json\/wp\/v2\/media?parent=22407"}],"wp:term":[{"taxonomy":"category","embeddable":true,"href":"https:\/\/aeterrasave.net\/webmedia\/wp-json\/wp\/v2\/categories?post=22407"},{"taxonomy":"post_tag","embeddable":true,"href":"https:\/\/aeterrasave.net\/webmedia\/wp-json\/wp\/v2\/tags?post=22407"}],"curies":[{"name":"wp","href":"https:\/\/api.w.org\/{rel}","templated":true}]}}