{"id":22472,"date":"2026-03-13T17:43:48","date_gmt":"2026-03-13T16:43:48","guid":{"rendered":"https:\/\/aeterrasave.net\/webmedia\/?p=22472"},"modified":"2026-03-13T17:43:50","modified_gmt":"2026-03-13T16:43:50","slug":"bernardino-machado-visita-a-eb-carreira","status":"publish","type":"post","link":"https:\/\/aeterrasave.net\/webmedia\/bernardino-machado-visita-a-eb-carreira\/","title":{"rendered":"Bernardino Machado visita a EB Carreira"},"content":{"rendered":"\n<p class=\"wp-block-paragraph\">Hoje, dia 13 de mar\u00e7o, a turma de 4.\u00ba ano da Escola B\u00e1sica da Carreira, recebeu na sua sala de aula, a agrad\u00e1vel visita da Maleta Pedag\u00f3gica, alusiva ao ilustre Bernardino Machado.<\/p>\n\n\n\n<p class=\"wp-block-paragraph\">A atividade permitiu aos alunos, recuar no tempo, atrav\u00e9s do Projeto Municipal &#8220;Viagens pelo Patrim\u00f3nio Cultural&#8221;, de Vila Nova de Famalic\u00e3o.<\/p>\n\n\n\n<p class=\"wp-block-paragraph\">Os alunos enriqueceram os seus conhecimentos sobre Bernardino Machado, a sua vida e a sua obra. Realizaram atividades interessantes, demonstraram bastante entusiasmo e curiosidade em aumentar os seus conhecimentos, relativamente a esta figura t\u00e3o not\u00e1vel para o nosso concelho. Participaram de forma cr\u00edtica e bastante ativa.<\/p>\n\n\n\n\n\n<figure class=\"wp-block-image size-large is-resized\"><img loading=\"lazy\" decoding=\"async\" width=\"719\" height=\"628\" src=\"https:\/\/aeterrasave.net\/webmedia\/wp-content\/uploads\/2026\/03\/maleta-719x628.jpg\" alt=\"\" class=\"wp-image-22476\" style=\"aspect-ratio:1.1449080639944267;width:840px;height:auto\" srcset=\"https:\/\/aeterrasave.net\/webmedia\/wp-content\/uploads\/2026\/03\/maleta-719x628.jpg 719w, https:\/\/aeterrasave.net\/webmedia\/wp-content\/uploads\/2026\/03\/maleta-768x671.jpg 768w, https:\/\/aeterrasave.net\/webmedia\/wp-content\/uploads\/2026\/03\/maleta-560x489.jpg 560w\" sizes=\"auto, (max-width: 719px) 100vw, 719px\" \/><\/figure>\n\n\n\n<figure class=\"wp-block-gallery has-nested-images columns-default is-cropped wp-block-gallery-1 is-layout-flex wp-block-gallery-is-layout-flex\"><\/figure>\n","protected":false},"excerpt":{"rendered":"<p>Hoje, dia 13 de mar\u00e7o, a turma de 4.\u00ba ano da Escola B\u00e1sica da Carreira, recebeu na sua sala de aula, a agrad\u00e1vel visita da Maleta Pedag\u00f3gica, alusiva ao ilustre Bernardino Machado. A atividade permitiu aos alunos, recuar no tempo, atrav\u00e9s do Projeto Municipal &#8220;Viagens pelo Patrim\u00f3nio Cultural&#8221;, de Vila Nova de Famalic\u00e3o. Os alunos [&hellip;]<\/p>\n","protected":false},"author":4,"featured_media":22477,"comment_status":"closed","ping_status":"closed","sticky":false,"template":"","format":"standard","meta":{"_eb_attr":"","footnotes":""},"categories":[3],"tags":[],"class_list":["post-22472","post","type-post","status-publish","format-standard","has-post-thumbnail","hentry","category-noticias"],"blog_post_layout_featured_media_urls":{"thumbnail":["https:\/\/aeterrasave.net\/webmedia\/wp-content\/uploads\/2026\/03\/maleta-3-150x150.jpg",150,150,true],"full":["https:\/\/aeterrasave.net\/webmedia\/wp-content\/uploads\/2026\/03\/maleta-3-scaled.jpg",2560,1414,false]},"categories_names":{"3":{"name":"Not\u00edcias","link":"https:\/\/aeterrasave.net\/webmedia\/category\/noticias\/"}},"tags_names":[],"comments_number":0,"wpmagazine_modules_lite_featured_media_urls":{"thumbnail":["https:\/\/aeterrasave.net\/webmedia\/wp-content\/uploads\/2026\/03\/maleta-3-150x150.jpg",150,150,true],"cvmm-medium":["https:\/\/aeterrasave.net\/webmedia\/wp-content\/uploads\/2026\/03\/maleta-3-300x300.jpg",300,300,true],"cvmm-medium-plus":["https:\/\/aeterrasave.net\/webmedia\/wp-content\/uploads\/2026\/03\/maleta-3-305x207.jpg",305,207,true],"cvmm-portrait":["https:\/\/aeterrasave.net\/webmedia\/wp-content\/uploads\/2026\/03\/maleta-3-400x600.jpg",400,600,true],"cvmm-medium-square":["https:\/\/aeterrasave.net\/webmedia\/wp-content\/uploads\/2026\/03\/maleta-3-600x600.jpg",600,600,true],"cvmm-large":["https:\/\/aeterrasave.net\/webmedia\/wp-content\/uploads\/2026\/03\/maleta-3-1024x1024.jpg",1024,1024,true],"cvmm-small":["https:\/\/aeterrasave.net\/webmedia\/wp-content\/uploads\/2026\/03\/maleta-3-130x95.jpg",130,95,true],"full":["https:\/\/aeterrasave.net\/webmedia\/wp-content\/uploads\/2026\/03\/maleta-3-scaled.jpg",2560,1414,false]},"_links":{"self":[{"href":"https:\/\/aeterrasave.net\/webmedia\/wp-json\/wp\/v2\/posts\/22472","targetHints":{"allow":["GET"]}}],"collection":[{"href":"https:\/\/aeterrasave.net\/webmedia\/wp-json\/wp\/v2\/posts"}],"about":[{"href":"https:\/\/aeterrasave.net\/webmedia\/wp-json\/wp\/v2\/types\/post"}],"author":[{"embeddable":true,"href":"https:\/\/aeterrasave.net\/webmedia\/wp-json\/wp\/v2\/users\/4"}],"replies":[{"embeddable":true,"href":"https:\/\/aeterrasave.net\/webmedia\/wp-json\/wp\/v2\/comments?post=22472"}],"version-history":[{"count":1,"href":"https:\/\/aeterrasave.net\/webmedia\/wp-json\/wp\/v2\/posts\/22472\/revisions"}],"predecessor-version":[{"id":22478,"href":"https:\/\/aeterrasave.net\/webmedia\/wp-json\/wp\/v2\/posts\/22472\/revisions\/22478"}],"wp:featuredmedia":[{"embeddable":true,"href":"https:\/\/aeterrasave.net\/webmedia\/wp-json\/wp\/v2\/media\/22477"}],"wp:attachment":[{"href":"https:\/\/aeterrasave.net\/webmedia\/wp-json\/wp\/v2\/media?parent=22472"}],"wp:term":[{"taxonomy":"category","embeddable":true,"href":"https:\/\/aeterrasave.net\/webmedia\/wp-json\/wp\/v2\/categories?post=22472"},{"taxonomy":"post_tag","embeddable":true,"href":"https:\/\/aeterrasave.net\/webmedia\/wp-json\/wp\/v2\/tags?post=22472"}],"curies":[{"name":"wp","href":"https:\/\/api.w.org\/{rel}","templated":true}]}}