{"id":23148,"date":"2026-04-25T23:02:56","date_gmt":"2026-04-25T22:02:56","guid":{"rendered":"https:\/\/aeterrasave.net\/webmedia\/?p=23148"},"modified":"2026-04-25T23:02:58","modified_gmt":"2026-04-25T22:02:58","slug":"concerto-musical-pelos-alunos-do-4o-ano-da-eb-bairro","status":"publish","type":"post","link":"https:\/\/aeterrasave.net\/webmedia\/concerto-musical-pelos-alunos-do-4o-ano-da-eb-bairro\/","title":{"rendered":"Concerto Musical pelos alunos do 4\u00ba ano da EB Bairro"},"content":{"rendered":"\n<p>Na passada quarta-feira, dia 22 de abril, as turmas do 4.\u00ba ano da EB<br>de Bairro tiveram a oportunidade de mostrar \u00e0 comunidade<br>educativa o trabalho desenvolvido nas aulas de Express\u00e3o Musical,<br>dinamizadas pela professora Isabel Campos. O concerto ocorreu na<br>Funda\u00e7\u00e3o Castro Alves e teve tamb\u00e9m a colabora\u00e7\u00e3o das<br>professoras Cristina Veloso e Liliana Correia, que acompanharam<br>os alunos ao piano e \u00e0 flauta.<br>O programa do concerto, da responsabilidade da professora Isabel<br>Campos, incluiu can\u00e7\u00f5es com um significado muito especial.<br>Iniciaram com a can\u00e7\u00e3o \u201cMundo da M\u00fasica\u201d, que celebra a magia e<br>o encanto que a m\u00fasica traz. Homenageando a diversidade da<br>escola, incluiu-se tamb\u00e9m m\u00fasicas que representam os pa\u00edses de<br>origem de alguns dos alunos, como forma de acolher e valorizar<br>todas as culturas que enriquecem a nossa comunidade.<br>Celebrou-se tamb\u00e9m datas marcantes: os 60 anos do filme \u201cM\u00fasica<br>no Cora\u00e7\u00e3o\u201d com a interpreta\u00e7\u00e3o da can\u00e7\u00e3o Edelwaiss, em ingl\u00eas, e<br>os 40 anos do \u201cHino da Alegria\u201d, s\u00edmbolo da Uni\u00e3o Europeia e de<br>uni\u00e3o entre os povos. E, claro, n\u00e3o podiam terminar sem presentear<br>o p\u00fablico com a can\u00e7\u00e3o favorita, \u201cSupercali\u201d, que tanto gostam de<br>cantar juntos.<br>Todos os presentes desfrutaram do concerto e, no final, houve<br>palavras de agradecimento \u00e0 dedica\u00e7\u00e3o e entusiasmo da professora<br>Isabel Campos, sem a qual este espet\u00e1culo n\u00e3o existiria.<\/p>\n\n\n\n<figure class=\"wp-block-image size-large\"><img loading=\"lazy\" decoding=\"async\" width=\"837\" height=\"628\" src=\"https:\/\/aeterrasave.net\/webmedia\/wp-content\/uploads\/2026\/04\/3c4cf273-8b14-42a7-8dfa-7d4ae967a52f-837x628.jpeg\" alt=\"\" class=\"wp-image-23149\" srcset=\"https:\/\/aeterrasave.net\/webmedia\/wp-content\/uploads\/2026\/04\/3c4cf273-8b14-42a7-8dfa-7d4ae967a52f-837x628.jpeg 837w, https:\/\/aeterrasave.net\/webmedia\/wp-content\/uploads\/2026\/04\/3c4cf273-8b14-42a7-8dfa-7d4ae967a52f-768x576.jpeg 768w, https:\/\/aeterrasave.net\/webmedia\/wp-content\/uploads\/2026\/04\/3c4cf273-8b14-42a7-8dfa-7d4ae967a52f-136x102.jpeg 136w, https:\/\/aeterrasave.net\/webmedia\/wp-content\/uploads\/2026\/04\/3c4cf273-8b14-42a7-8dfa-7d4ae967a52f-560x420.jpeg 560w, https:\/\/aeterrasave.net\/webmedia\/wp-content\/uploads\/2026\/04\/3c4cf273-8b14-42a7-8dfa-7d4ae967a52f.jpeg 1600w\" sizes=\"auto, (max-width: 837px) 100vw, 837px\" \/><\/figure>\n\n\n\n<figure class=\"wp-block-image size-large\"><img loading=\"lazy\" decoding=\"async\" width=\"837\" height=\"628\" src=\"https:\/\/aeterrasave.net\/webmedia\/wp-content\/uploads\/2026\/04\/637b9e69-d6ff-4ef9-9541-98595270b1c5-837x628.jpeg\" alt=\"\" class=\"wp-image-23150\" srcset=\"https:\/\/aeterrasave.net\/webmedia\/wp-content\/uploads\/2026\/04\/637b9e69-d6ff-4ef9-9541-98595270b1c5-837x628.jpeg 837w, https:\/\/aeterrasave.net\/webmedia\/wp-content\/uploads\/2026\/04\/637b9e69-d6ff-4ef9-9541-98595270b1c5-768x576.jpeg 768w, https:\/\/aeterrasave.net\/webmedia\/wp-content\/uploads\/2026\/04\/637b9e69-d6ff-4ef9-9541-98595270b1c5-136x102.jpeg 136w, https:\/\/aeterrasave.net\/webmedia\/wp-content\/uploads\/2026\/04\/637b9e69-d6ff-4ef9-9541-98595270b1c5-560x420.jpeg 560w, https:\/\/aeterrasave.net\/webmedia\/wp-content\/uploads\/2026\/04\/637b9e69-d6ff-4ef9-9541-98595270b1c5.jpeg 1600w\" sizes=\"auto, (max-width: 837px) 100vw, 837px\" \/><\/figure>\n\n\n\n<figure class=\"wp-block-image size-large\"><img loading=\"lazy\" decoding=\"async\" width=\"837\" height=\"628\" src=\"https:\/\/aeterrasave.net\/webmedia\/wp-content\/uploads\/2026\/04\/a791c46c-878f-4567-9f33-f8ab45485444-837x628.jpeg\" alt=\"\" class=\"wp-image-23151\" srcset=\"https:\/\/aeterrasave.net\/webmedia\/wp-content\/uploads\/2026\/04\/a791c46c-878f-4567-9f33-f8ab45485444-837x628.jpeg 837w, https:\/\/aeterrasave.net\/webmedia\/wp-content\/uploads\/2026\/04\/a791c46c-878f-4567-9f33-f8ab45485444-768x576.jpeg 768w, https:\/\/aeterrasave.net\/webmedia\/wp-content\/uploads\/2026\/04\/a791c46c-878f-4567-9f33-f8ab45485444-136x102.jpeg 136w, https:\/\/aeterrasave.net\/webmedia\/wp-content\/uploads\/2026\/04\/a791c46c-878f-4567-9f33-f8ab45485444-560x420.jpeg 560w, https:\/\/aeterrasave.net\/webmedia\/wp-content\/uploads\/2026\/04\/a791c46c-878f-4567-9f33-f8ab45485444.jpeg 1600w\" sizes=\"auto, (max-width: 837px) 100vw, 837px\" \/><\/figure>\n\n\n\n<figure class=\"wp-block-image size-large\"><img loading=\"lazy\" decoding=\"async\" width=\"837\" height=\"628\" src=\"https:\/\/aeterrasave.net\/webmedia\/wp-content\/uploads\/2026\/04\/aecbb03b-77c1-4d0f-8562-e58ff137a212-837x628.jpeg\" alt=\"\" class=\"wp-image-23152\" srcset=\"https:\/\/aeterrasave.net\/webmedia\/wp-content\/uploads\/2026\/04\/aecbb03b-77c1-4d0f-8562-e58ff137a212-837x628.jpeg 837w, https:\/\/aeterrasave.net\/webmedia\/wp-content\/uploads\/2026\/04\/aecbb03b-77c1-4d0f-8562-e58ff137a212-768x576.jpeg 768w, https:\/\/aeterrasave.net\/webmedia\/wp-content\/uploads\/2026\/04\/aecbb03b-77c1-4d0f-8562-e58ff137a212-136x102.jpeg 136w, https:\/\/aeterrasave.net\/webmedia\/wp-content\/uploads\/2026\/04\/aecbb03b-77c1-4d0f-8562-e58ff137a212-560x420.jpeg 560w, https:\/\/aeterrasave.net\/webmedia\/wp-content\/uploads\/2026\/04\/aecbb03b-77c1-4d0f-8562-e58ff137a212.jpeg 1600w\" sizes=\"auto, (max-width: 837px) 100vw, 837px\" \/><\/figure>\n","protected":false},"excerpt":{"rendered":"<p>Na passada quarta-feira, dia 22 de abril, as turmas do 4.\u00ba ano da EBde Bairro tiveram a oportunidade de mostrar \u00e0 comunidadeeducativa o trabalho desenvolvido nas aulas de Express\u00e3o Musical,dinamizadas pela professora Isabel Campos. O concerto ocorreu naFunda\u00e7\u00e3o Castro Alves e teve tamb\u00e9m a colabora\u00e7\u00e3o dasprofessoras Cristina Veloso e Liliana Correia, que acompanharamos alunos ao [&hellip;]<\/p>\n","protected":false},"author":3,"featured_media":23152,"comment_status":"closed","ping_status":"closed","sticky":false,"template":"","format":"standard","meta":{"_eb_attr":"","footnotes":""},"categories":[3],"tags":[],"class_list":["post-23148","post","type-post","status-publish","format-standard","has-post-thumbnail","hentry","category-noticias"],"blog_post_layout_featured_media_urls":{"thumbnail":["https:\/\/aeterrasave.net\/webmedia\/wp-content\/uploads\/2026\/04\/aecbb03b-77c1-4d0f-8562-e58ff137a212-150x150.jpeg",150,150,true],"full":["https:\/\/aeterrasave.net\/webmedia\/wp-content\/uploads\/2026\/04\/aecbb03b-77c1-4d0f-8562-e58ff137a212.jpeg",1600,1200,false]},"categories_names":{"3":{"name":"Not\u00edcias","link":"https:\/\/aeterrasave.net\/webmedia\/category\/noticias\/"}},"tags_names":[],"comments_number":0,"wpmagazine_modules_lite_featured_media_urls":{"thumbnail":["https:\/\/aeterrasave.net\/webmedia\/wp-content\/uploads\/2026\/04\/aecbb03b-77c1-4d0f-8562-e58ff137a212-150x150.jpeg",150,150,true],"cvmm-medium":["https:\/\/aeterrasave.net\/webmedia\/wp-content\/uploads\/2026\/04\/aecbb03b-77c1-4d0f-8562-e58ff137a212-300x300.jpeg",300,300,true],"cvmm-medium-plus":["https:\/\/aeterrasave.net\/webmedia\/wp-content\/uploads\/2026\/04\/aecbb03b-77c1-4d0f-8562-e58ff137a212-305x207.jpeg",305,207,true],"cvmm-portrait":["https:\/\/aeterrasave.net\/webmedia\/wp-content\/uploads\/2026\/04\/aecbb03b-77c1-4d0f-8562-e58ff137a212-400x600.jpeg",400,600,true],"cvmm-medium-square":["https:\/\/aeterrasave.net\/webmedia\/wp-content\/uploads\/2026\/04\/aecbb03b-77c1-4d0f-8562-e58ff137a212-600x600.jpeg",600,600,true],"cvmm-large":["https:\/\/aeterrasave.net\/webmedia\/wp-content\/uploads\/2026\/04\/aecbb03b-77c1-4d0f-8562-e58ff137a212-1024x1024.jpeg",1024,1024,true],"cvmm-small":["https:\/\/aeterrasave.net\/webmedia\/wp-content\/uploads\/2026\/04\/aecbb03b-77c1-4d0f-8562-e58ff137a212-130x95.jpeg",130,95,true],"full":["https:\/\/aeterrasave.net\/webmedia\/wp-content\/uploads\/2026\/04\/aecbb03b-77c1-4d0f-8562-e58ff137a212.jpeg",1600,1200,false]},"_links":{"self":[{"href":"https:\/\/aeterrasave.net\/webmedia\/wp-json\/wp\/v2\/posts\/23148","targetHints":{"allow":["GET"]}}],"collection":[{"href":"https:\/\/aeterrasave.net\/webmedia\/wp-json\/wp\/v2\/posts"}],"about":[{"href":"https:\/\/aeterrasave.net\/webmedia\/wp-json\/wp\/v2\/types\/post"}],"author":[{"embeddable":true,"href":"https:\/\/aeterrasave.net\/webmedia\/wp-json\/wp\/v2\/users\/3"}],"replies":[{"embeddable":true,"href":"https:\/\/aeterrasave.net\/webmedia\/wp-json\/wp\/v2\/comments?post=23148"}],"version-history":[{"count":1,"href":"https:\/\/aeterrasave.net\/webmedia\/wp-json\/wp\/v2\/posts\/23148\/revisions"}],"predecessor-version":[{"id":23153,"href":"https:\/\/aeterrasave.net\/webmedia\/wp-json\/wp\/v2\/posts\/23148\/revisions\/23153"}],"wp:featuredmedia":[{"embeddable":true,"href":"https:\/\/aeterrasave.net\/webmedia\/wp-json\/wp\/v2\/media\/23152"}],"wp:attachment":[{"href":"https:\/\/aeterrasave.net\/webmedia\/wp-json\/wp\/v2\/media?parent=23148"}],"wp:term":[{"taxonomy":"category","embeddable":true,"href":"https:\/\/aeterrasave.net\/webmedia\/wp-json\/wp\/v2\/categories?post=23148"},{"taxonomy":"post_tag","embeddable":true,"href":"https:\/\/aeterrasave.net\/webmedia\/wp-json\/wp\/v2\/tags?post=23148"}],"curies":[{"name":"wp","href":"https:\/\/api.w.org\/{rel}","templated":true}]}}