{"id":23172,"date":"2026-04-27T10:51:04","date_gmt":"2026-04-27T09:51:04","guid":{"rendered":"https:\/\/aeterrasave.net\/webmedia\/?p=23172"},"modified":"2026-04-27T10:51:06","modified_gmt":"2026-04-27T09:51:06","slug":"teatro-em-pedome-a-farsa-de-ines-pereira","status":"publish","type":"post","link":"https:\/\/aeterrasave.net\/webmedia\/teatro-em-pedome-a-farsa-de-ines-pereira\/","title":{"rendered":"Teatro em Pedome: A Farsa de In\u00eas pereira"},"content":{"rendered":"\n<p>Uma iniciativa da <strong>Associa\u00e7\u00e3o de Pais<\/strong>, em conjunto com o <strong>Pelouro da Cultura de Vila Nova de Famalic\u00e3o<\/strong>.<\/p>\n\n\n\n<p>Teatro em Pedome: A Farsa de In\u00eas Pereira, de Gil Vicente, pelo Grupo de Teatro Amador Camiliano- GRUTACA<\/p>\n\n\n\n<p><strong>Dia 3 de maio \u00e0s 17h, no Sal\u00e3o Paroquial de Pedome.<\/strong><\/p>\n\n\n\n<p><em>Aberto a toda a comunidade | Lugares limitados<\/em><\/p>\n\n\n\n<p>Inscri\u00e7\u00e3o: <a href=\"https:\/\/forms.gle\/UkpcXzN6mPXfXJ1U6\">https:\/\/forms.gle\/UkpcXzN6mPXfXJ1U6<\/a><\/p>\n\n\n\n<figure class=\"wp-block-image size-large\"><img loading=\"lazy\" decoding=\"async\" width=\"440\" height=\"628\" src=\"https:\/\/aeterrasave.net\/webmedia\/wp-content\/uploads\/2026\/04\/Farsa-ines-pereira-440x628.jpeg\" alt=\"\" class=\"wp-image-23173\" srcset=\"https:\/\/aeterrasave.net\/webmedia\/wp-content\/uploads\/2026\/04\/Farsa-ines-pereira-440x628.jpeg 440w, https:\/\/aeterrasave.net\/webmedia\/wp-content\/uploads\/2026\/04\/Farsa-ines-pereira-768x1097.jpeg 768w, https:\/\/aeterrasave.net\/webmedia\/wp-content\/uploads\/2026\/04\/Farsa-ines-pereira-560x800.jpeg 560w, https:\/\/aeterrasave.net\/webmedia\/wp-content\/uploads\/2026\/04\/Farsa-ines-pereira.jpeg 1120w\" sizes=\"auto, (max-width: 440px) 100vw, 440px\" \/><\/figure>\n","protected":false},"excerpt":{"rendered":"<p>Uma iniciativa da Associa\u00e7\u00e3o de Pais, em conjunto com o Pelouro da Cultura de Vila Nova de Famalic\u00e3o. Teatro em Pedome: A Farsa de In\u00eas Pereira, de Gil Vicente, pelo Grupo de Teatro Amador Camiliano- GRUTACA Dia 3 de maio \u00e0s 17h, no Sal\u00e3o Paroquial de Pedome. Aberto a toda a comunidade | Lugares limitados [&hellip;]<\/p>\n","protected":false},"author":15,"featured_media":23173,"comment_status":"closed","ping_status":"closed","sticky":false,"template":"","format":"standard","meta":{"_eb_attr":"","footnotes":""},"categories":[3],"tags":[],"class_list":["post-23172","post","type-post","status-publish","format-standard","has-post-thumbnail","hentry","category-noticias"],"blog_post_layout_featured_media_urls":{"thumbnail":["https:\/\/aeterrasave.net\/webmedia\/wp-content\/uploads\/2026\/04\/Farsa-ines-pereira-150x150.jpeg",150,150,true],"full":["https:\/\/aeterrasave.net\/webmedia\/wp-content\/uploads\/2026\/04\/Farsa-ines-pereira.jpeg",1120,1600,false]},"categories_names":{"3":{"name":"Not\u00edcias","link":"https:\/\/aeterrasave.net\/webmedia\/category\/noticias\/"}},"tags_names":[],"comments_number":0,"wpmagazine_modules_lite_featured_media_urls":{"thumbnail":["https:\/\/aeterrasave.net\/webmedia\/wp-content\/uploads\/2026\/04\/Farsa-ines-pereira-150x150.jpeg",150,150,true],"cvmm-medium":["https:\/\/aeterrasave.net\/webmedia\/wp-content\/uploads\/2026\/04\/Farsa-ines-pereira-300x300.jpeg",300,300,true],"cvmm-medium-plus":["https:\/\/aeterrasave.net\/webmedia\/wp-content\/uploads\/2026\/04\/Farsa-ines-pereira-305x207.jpeg",305,207,true],"cvmm-portrait":["https:\/\/aeterrasave.net\/webmedia\/wp-content\/uploads\/2026\/04\/Farsa-ines-pereira-400x600.jpeg",400,600,true],"cvmm-medium-square":["https:\/\/aeterrasave.net\/webmedia\/wp-content\/uploads\/2026\/04\/Farsa-ines-pereira-600x600.jpeg",600,600,true],"cvmm-large":["https:\/\/aeterrasave.net\/webmedia\/wp-content\/uploads\/2026\/04\/Farsa-ines-pereira-1024x1024.jpeg",1024,1024,true],"cvmm-small":["https:\/\/aeterrasave.net\/webmedia\/wp-content\/uploads\/2026\/04\/Farsa-ines-pereira-130x95.jpeg",130,95,true],"full":["https:\/\/aeterrasave.net\/webmedia\/wp-content\/uploads\/2026\/04\/Farsa-ines-pereira.jpeg",1120,1600,false]},"_links":{"self":[{"href":"https:\/\/aeterrasave.net\/webmedia\/wp-json\/wp\/v2\/posts\/23172","targetHints":{"allow":["GET"]}}],"collection":[{"href":"https:\/\/aeterrasave.net\/webmedia\/wp-json\/wp\/v2\/posts"}],"about":[{"href":"https:\/\/aeterrasave.net\/webmedia\/wp-json\/wp\/v2\/types\/post"}],"author":[{"embeddable":true,"href":"https:\/\/aeterrasave.net\/webmedia\/wp-json\/wp\/v2\/users\/15"}],"replies":[{"embeddable":true,"href":"https:\/\/aeterrasave.net\/webmedia\/wp-json\/wp\/v2\/comments?post=23172"}],"version-history":[{"count":1,"href":"https:\/\/aeterrasave.net\/webmedia\/wp-json\/wp\/v2\/posts\/23172\/revisions"}],"predecessor-version":[{"id":23174,"href":"https:\/\/aeterrasave.net\/webmedia\/wp-json\/wp\/v2\/posts\/23172\/revisions\/23174"}],"wp:featuredmedia":[{"embeddable":true,"href":"https:\/\/aeterrasave.net\/webmedia\/wp-json\/wp\/v2\/media\/23173"}],"wp:attachment":[{"href":"https:\/\/aeterrasave.net\/webmedia\/wp-json\/wp\/v2\/media?parent=23172"}],"wp:term":[{"taxonomy":"category","embeddable":true,"href":"https:\/\/aeterrasave.net\/webmedia\/wp-json\/wp\/v2\/categories?post=23172"},{"taxonomy":"post_tag","embeddable":true,"href":"https:\/\/aeterrasave.net\/webmedia\/wp-json\/wp\/v2\/tags?post=23172"}],"curies":[{"name":"wp","href":"https:\/\/api.w.org\/{rel}","templated":true}]}}