{"id":23220,"date":"2026-04-30T15:20:27","date_gmt":"2026-04-30T14:20:27","guid":{"rendered":"https:\/\/aeterrasave.net\/webmedia\/?p=23220"},"modified":"2026-04-30T15:20:29","modified_gmt":"2026-04-30T14:20:29","slug":"ferias-de-verao-na-escola-2026","status":"publish","type":"post","link":"https:\/\/aeterrasave.net\/webmedia\/ferias-de-verao-na-escola-2026\/","title":{"rendered":"F\u00e9rias de Ver\u00e3o na Escola 2026"},"content":{"rendered":"\n<p>Caros encarregados de educa\u00e7\u00e3o.<\/p>\n\n\n\n<p>\u00c0 semelhan\u00e7a dos anos letivos anteriores, o GAAF ir\u00e1 dinamizar o projeto &#8220;F\u00e9rias de Ver\u00e3o na Escola&#8221;, que decorrer\u00e1 do dia 06 ao dia 10 de julho de 2026, das 09h00 \u00e0s 17h00.<\/p>\n\n\n\n<p>As inscri\u00e7\u00f5es para as &#8220;F\u00e9rias de Ver\u00e3o na Escola&#8221; estar\u00e3o abertas a partir das 00h01 do dia 05 de maio (segunda para ter\u00e7a), atrav\u00e9s do seguinte link:&nbsp;<\/p>\n\n\n\n<figure class=\"wp-block-embed\"><div class=\"wp-block-embed__wrapper\">\nhttps:\/\/docs.google.com\/forms\/d\/e\/1FAIpQLSdHdzHbBIBVb0SvTwEqhN5eWVsFwMEKBA-YCYt3gtdxVGLBGg\/viewform?usp=header\n<\/div><\/figure>\n\n\n\n<p>Uma vez que h\u00e1 um limite de 80 vagas, ser\u00e3o aceites as primeiras 80 inscri\u00e7\u00f5es, por ordem de inscri\u00e7\u00e3o:)<\/p>\n\n\n\n<p><\/p>\n\n\n\n<p>Para eventuais d\u00favidas, contactem atrav\u00e9s deste email:\u00a0<a href=\"mailto:gaaf@aeterrasave.net\" target=\"_blank\" rel=\"noreferrer noopener\">gaaf@aeterrasave.net<\/a>.<\/p>\n\n\n\n<figure class=\"wp-block-image size-large\"><img loading=\"lazy\" decoding=\"async\" width=\"382\" height=\"628\" src=\"https:\/\/aeterrasave.net\/webmedia\/wp-content\/uploads\/2026\/04\/FV-1-382x628.jpg\" alt=\"\" class=\"wp-image-23222\" srcset=\"https:\/\/aeterrasave.net\/webmedia\/wp-content\/uploads\/2026\/04\/FV-1-382x628.jpg 382w, https:\/\/aeterrasave.net\/webmedia\/wp-content\/uploads\/2026\/04\/FV-1.jpg 543w\" sizes=\"auto, (max-width: 382px) 100vw, 382px\" \/><\/figure>\n","protected":false},"excerpt":{"rendered":"<p>Caros encarregados de educa\u00e7\u00e3o. \u00c0 semelhan\u00e7a dos anos letivos anteriores, o GAAF ir\u00e1 dinamizar o projeto &#8220;F\u00e9rias de Ver\u00e3o na Escola&#8221;, que decorrer\u00e1 do dia 06 ao dia 10 de julho de 2026, das 09h00 \u00e0s 17h00. As inscri\u00e7\u00f5es para as &#8220;F\u00e9rias de Ver\u00e3o na Escola&#8221; estar\u00e3o abertas a partir das 00h01 do dia 05 [&hellip;]<\/p>\n","protected":false},"author":20,"featured_media":23221,"comment_status":"closed","ping_status":"closed","sticky":false,"template":"","format":"standard","meta":{"_eb_attr":"","footnotes":""},"categories":[3],"tags":[],"class_list":["post-23220","post","type-post","status-publish","format-standard","has-post-thumbnail","hentry","category-noticias"],"blog_post_layout_featured_media_urls":{"thumbnail":["https:\/\/aeterrasave.net\/webmedia\/wp-content\/uploads\/2026\/04\/FV-150x150.jpg",150,150,true],"full":["https:\/\/aeterrasave.net\/webmedia\/wp-content\/uploads\/2026\/04\/FV.jpg",543,893,false]},"categories_names":{"3":{"name":"Not\u00edcias","link":"https:\/\/aeterrasave.net\/webmedia\/category\/noticias\/"}},"tags_names":[],"comments_number":0,"wpmagazine_modules_lite_featured_media_urls":{"thumbnail":["https:\/\/aeterrasave.net\/webmedia\/wp-content\/uploads\/2026\/04\/FV-150x150.jpg",150,150,true],"cvmm-medium":["https:\/\/aeterrasave.net\/webmedia\/wp-content\/uploads\/2026\/04\/FV-300x300.jpg",300,300,true],"cvmm-medium-plus":["https:\/\/aeterrasave.net\/webmedia\/wp-content\/uploads\/2026\/04\/FV-305x207.jpg",305,207,true],"cvmm-portrait":["https:\/\/aeterrasave.net\/webmedia\/wp-content\/uploads\/2026\/04\/FV-400x600.jpg",400,600,true],"cvmm-medium-square":["https:\/\/aeterrasave.net\/webmedia\/wp-content\/uploads\/2026\/04\/FV-543x600.jpg",543,600,true],"cvmm-large":["https:\/\/aeterrasave.net\/webmedia\/wp-content\/uploads\/2026\/04\/FV.jpg",543,893,false],"cvmm-small":["https:\/\/aeterrasave.net\/webmedia\/wp-content\/uploads\/2026\/04\/FV-130x95.jpg",130,95,true],"full":["https:\/\/aeterrasave.net\/webmedia\/wp-content\/uploads\/2026\/04\/FV.jpg",543,893,false]},"_links":{"self":[{"href":"https:\/\/aeterrasave.net\/webmedia\/wp-json\/wp\/v2\/posts\/23220","targetHints":{"allow":["GET"]}}],"collection":[{"href":"https:\/\/aeterrasave.net\/webmedia\/wp-json\/wp\/v2\/posts"}],"about":[{"href":"https:\/\/aeterrasave.net\/webmedia\/wp-json\/wp\/v2\/types\/post"}],"author":[{"embeddable":true,"href":"https:\/\/aeterrasave.net\/webmedia\/wp-json\/wp\/v2\/users\/20"}],"replies":[{"embeddable":true,"href":"https:\/\/aeterrasave.net\/webmedia\/wp-json\/wp\/v2\/comments?post=23220"}],"version-history":[{"count":1,"href":"https:\/\/aeterrasave.net\/webmedia\/wp-json\/wp\/v2\/posts\/23220\/revisions"}],"predecessor-version":[{"id":23223,"href":"https:\/\/aeterrasave.net\/webmedia\/wp-json\/wp\/v2\/posts\/23220\/revisions\/23223"}],"wp:featuredmedia":[{"embeddable":true,"href":"https:\/\/aeterrasave.net\/webmedia\/wp-json\/wp\/v2\/media\/23221"}],"wp:attachment":[{"href":"https:\/\/aeterrasave.net\/webmedia\/wp-json\/wp\/v2\/media?parent=23220"}],"wp:term":[{"taxonomy":"category","embeddable":true,"href":"https:\/\/aeterrasave.net\/webmedia\/wp-json\/wp\/v2\/categories?post=23220"},{"taxonomy":"post_tag","embeddable":true,"href":"https:\/\/aeterrasave.net\/webmedia\/wp-json\/wp\/v2\/tags?post=23220"}],"curies":[{"name":"wp","href":"https:\/\/api.w.org\/{rel}","templated":true}]}}