{"id":24426,"date":"2026-09-01T12:00:00","date_gmt":"2026-09-01T11:00:00","guid":{"rendered":"https:\/\/aeterrasave.net\/webmedia\/?p=24426"},"modified":"2026-08-31T01:15:30","modified_gmt":"2026-08-31T00:15:30","slug":"educonnect-reforca-modernizacao-da-comunicacao-interna-no-aeta","status":"publish","type":"post","link":"https:\/\/aeterrasave.net\/webmedia\/educonnect-reforca-modernizacao-da-comunicacao-interna-no-aeta\/","title":{"rendered":"EduConnect refor\u00e7a moderniza\u00e7\u00e3o da comunica\u00e7\u00e3o interna no AETA"},"content":{"rendered":"\n<p class=\"wp-block-paragraph\">Ap\u00f3s os testes realizados no final do ano letivo transato, a <strong>EduConnect encontra-se, nesta fase, consolidada e preparada para uma utiliza\u00e7\u00e3o regular<\/strong>, assumindo-se como mais uma ferramenta desenvolvida pelo <strong>Agrupamento de Escolas Terras do Ave (AETA)<\/strong> no \u00e2mbito da sua estrat\u00e9gia de moderniza\u00e7\u00e3o e transforma\u00e7\u00e3o digital.<\/p>\n\n\n\n<p class=\"wp-block-paragraph\">A aplica\u00e7\u00e3o foi criada com o objetivo de <strong>centralizar e tornar mais eficiente a comunica\u00e7\u00e3o interna<\/strong>, disponibilizando num \u00fanico espa\u00e7o informa\u00e7\u00f5es, comunicados, documentos e eventos relevantes para a comunidade profissional do Agrupamento. O acesso \u00e9 efetuado atrav\u00e9s de uma \u00e1rea reservada, permitindo que cada utilizador consulte de forma r\u00e1pida e organizada a informa\u00e7\u00e3o necess\u00e1ria ao seu dia a dia.<\/p>\n\n\n\n<p class=\"wp-block-paragraph\">Para al\u00e9m da publica\u00e7\u00e3o de comunicados e informa\u00e7\u00f5es, a EduConnect integra um <strong>calend\u00e1rio comum<\/strong>, uma \u00e1rea estruturada de <strong>documentos e recursos institucionais<\/strong>, notifica\u00e7\u00f5es e mecanismos que permitem acompanhar a consulta das informa\u00e7\u00f5es disponibilizadas.<\/p>\n\n\n\n<figure class=\"wp-block-image size-full\"><img loading=\"lazy\" decoding=\"async\" width=\"1397\" height=\"781\" src=\"https:\/\/aeterrasave.net\/webmedia\/wp-content\/uploads\/2026\/08\/EduConnect.png\" alt=\"\" class=\"wp-image-24427\" srcset=\"https:\/\/aeterrasave.net\/webmedia\/wp-content\/uploads\/2026\/08\/EduConnect.png 1397w, https:\/\/aeterrasave.net\/webmedia\/wp-content\/uploads\/2026\/08\/EduConnect-767x429.png 767w, https:\/\/aeterrasave.net\/webmedia\/wp-content\/uploads\/2026\/08\/EduConnect-560x313.png 560w\" sizes=\"auto, (max-width: 1397px) 100vw, 1397px\" \/><\/figure>\n","protected":false},"excerpt":{"rendered":"<p>Ap\u00f3s os testes realizados no final do ano letivo transato, a EduConnect encontra-se, nesta fase, consolidada e preparada para uma utiliza\u00e7\u00e3o regular, assumindo-se como mais uma ferramenta desenvolvida pelo Agrupamento de Escolas Terras do Ave (AETA) no \u00e2mbito da sua estrat\u00e9gia de moderniza\u00e7\u00e3o e transforma\u00e7\u00e3o digital. A aplica\u00e7\u00e3o foi criada com o objetivo de centralizar [&hellip;]<\/p>\n","protected":false},"author":1,"featured_media":24427,"comment_status":"closed","ping_status":"closed","sticky":false,"template":"","format":"standard","meta":{"_eb_attr":"","footnotes":""},"categories":[3],"tags":[],"class_list":["post-24426","post","type-post","status-publish","format-standard","has-post-thumbnail","hentry","category-noticias"],"blog_post_layout_featured_media_urls":{"thumbnail":["https:\/\/aeterrasave.net\/webmedia\/wp-content\/uploads\/2026\/08\/EduConnect-150x150.png",150,150,true],"full":["https:\/\/aeterrasave.net\/webmedia\/wp-content\/uploads\/2026\/08\/EduConnect.png",1397,781,false]},"categories_names":{"3":{"name":"Not\u00edcias","link":"https:\/\/aeterrasave.net\/webmedia\/category\/noticias\/"}},"tags_names":[],"comments_number":0,"wpmagazine_modules_lite_featured_media_urls":{"thumbnail":["https:\/\/aeterrasave.net\/webmedia\/wp-content\/uploads\/2026\/08\/EduConnect-150x150.png",150,150,true],"cvmm-medium":["https:\/\/aeterrasave.net\/webmedia\/wp-content\/uploads\/2026\/08\/EduConnect-300x300.png",300,300,true],"cvmm-medium-plus":["https:\/\/aeterrasave.net\/webmedia\/wp-content\/uploads\/2026\/08\/EduConnect.png",305,171,false],"cvmm-portrait":["https:\/\/aeterrasave.net\/webmedia\/wp-content\/uploads\/2026\/08\/EduConnect.png",400,224,false],"cvmm-medium-square":["https:\/\/aeterrasave.net\/webmedia\/wp-content\/uploads\/2026\/08\/EduConnect-600x600.png",600,600,true],"cvmm-large":["https:\/\/aeterrasave.net\/webmedia\/wp-content\/uploads\/2026\/08\/EduConnect-1024x781.png",1024,781,true],"cvmm-small":["https:\/\/aeterrasave.net\/webmedia\/wp-content\/uploads\/2026\/08\/EduConnect-130x95.png",130,95,true],"full":["https:\/\/aeterrasave.net\/webmedia\/wp-content\/uploads\/2026\/08\/EduConnect.png",1397,781,false]},"_links":{"self":[{"href":"https:\/\/aeterrasave.net\/webmedia\/wp-json\/wp\/v2\/posts\/24426","targetHints":{"allow":["GET"]}}],"collection":[{"href":"https:\/\/aeterrasave.net\/webmedia\/wp-json\/wp\/v2\/posts"}],"about":[{"href":"https:\/\/aeterrasave.net\/webmedia\/wp-json\/wp\/v2\/types\/post"}],"author":[{"embeddable":true,"href":"https:\/\/aeterrasave.net\/webmedia\/wp-json\/wp\/v2\/users\/1"}],"replies":[{"embeddable":true,"href":"https:\/\/aeterrasave.net\/webmedia\/wp-json\/wp\/v2\/comments?post=24426"}],"version-history":[{"count":1,"href":"https:\/\/aeterrasave.net\/webmedia\/wp-json\/wp\/v2\/posts\/24426\/revisions"}],"predecessor-version":[{"id":24428,"href":"https:\/\/aeterrasave.net\/webmedia\/wp-json\/wp\/v2\/posts\/24426\/revisions\/24428"}],"wp:featuredmedia":[{"embeddable":true,"href":"https:\/\/aeterrasave.net\/webmedia\/wp-json\/wp\/v2\/media\/24427"}],"wp:attachment":[{"href":"https:\/\/aeterrasave.net\/webmedia\/wp-json\/wp\/v2\/media?parent=24426"}],"wp:term":[{"taxonomy":"category","embeddable":true,"href":"https:\/\/aeterrasave.net\/webmedia\/wp-json\/wp\/v2\/categories?post=24426"},{"taxonomy":"post_tag","embeddable":true,"href":"https:\/\/aeterrasave.net\/webmedia\/wp-json\/wp\/v2\/tags?post=24426"}],"curies":[{"name":"wp","href":"https:\/\/api.w.org\/{rel}","templated":true}]}}