{"id":2562,"date":"2020-03-10T11:21:38","date_gmt":"2020-03-10T10:21:38","guid":{"rendered":"https:\/\/aepedome.net\/webmedia\/?p=2562"},"modified":"2020-03-10T12:40:39","modified_gmt":"2020-03-10T11:40:39","slug":"visita-ao-museu-da-industria-textil-da-bacia-do-ave","status":"publish","type":"post","link":"https:\/\/aeterrasave.net\/webmedia\/visita-ao-museu-da-industria-textil-da-bacia-do-ave\/","title":{"rendered":"Visita ao Museu da Ind\u00fastria T\u00eaxtil da Bacia do Ave"},"content":{"rendered":"<p>No passado dia 5 de mar\u00e7o, os alunos do 4.\u00ba ano das turmas D5 e D6 da escola de Riba de Ave visitaram o Museu da Ind\u00fastria T\u00eaxtil da Bacia do Ave.<br \/>\nEssa visita \u00e9 parte integrante do projeto &#8220;Viagens pelo patrim\u00f3nio&#8221;, dinamizado pela c\u00e2mara municipal de Vila Nova de Famalic\u00e3o, e foi precedida por uma atividade em sala de aula denominada &#8220;maleta pedag\u00f3gica&#8221; e que serviu de introdu\u00e7\u00e3o ao tema da visita. A pertin\u00eancia do tema \u00e9 grande, ainda para mais tendo em conta que Riba de Ave \u00e9 ber\u00e7o dessa ind\u00fastria.<br \/>\nNessa visita, os alunos puderam ver os v\u00e1rios tipos de m\u00e1quinas usados ao longo da evolu\u00e7\u00e3o da ind\u00fastria t\u00eaxtil na nossa regi\u00e3o e ouvir algumas hist\u00f3rias de vida, vidas essas bastante dif\u00edceis de pessoas que muito contribu\u00edram para o desenvolvimento do vale do Ave.<br \/>\nEm conclus\u00e3o, foi uma atividade que muito agradou \u00e0s crian\u00e7as e que contribuiu para aumentar os seus conhecimentos.<\/p>\n<p><img loading=\"lazy\" decoding=\"async\" class=\"alignnone size-medium wp-image-2564\" src=\"https:\/\/aepedome.net\/webmedia\/wp-content\/uploads\/2020\/03\/a-1-760x570.jpg\" alt=\"\" width=\"760\" height=\"570\" \/> <img loading=\"lazy\" decoding=\"async\" class=\"alignnone size-medium wp-image-2565\" src=\"https:\/\/aepedome.net\/webmedia\/wp-content\/uploads\/2020\/03\/b-760x570.jpg\" alt=\"\" width=\"760\" height=\"570\" srcset=\"https:\/\/aeterrasave.net\/webmedia\/wp-content\/uploads\/2020\/03\/b-760x570.jpg 760w, https:\/\/aeterrasave.net\/webmedia\/wp-content\/uploads\/2020\/03\/b.jpg 780w\" sizes=\"auto, (max-width: 760px) 100vw, 760px\" \/> <img loading=\"lazy\" decoding=\"async\" class=\"alignnone size-medium wp-image-2566\" src=\"https:\/\/aepedome.net\/webmedia\/wp-content\/uploads\/2020\/03\/c-760x570.jpg\" alt=\"\" width=\"760\" height=\"570\" srcset=\"https:\/\/aeterrasave.net\/webmedia\/wp-content\/uploads\/2020\/03\/c-760x570.jpg 760w, https:\/\/aeterrasave.net\/webmedia\/wp-content\/uploads\/2020\/03\/c.jpg 780w\" sizes=\"auto, (max-width: 760px) 100vw, 760px\" \/> <img loading=\"lazy\" decoding=\"async\" class=\"alignnone size-medium wp-image-2567\" src=\"https:\/\/aepedome.net\/webmedia\/wp-content\/uploads\/2020\/03\/d-760x570.jpg\" alt=\"\" width=\"760\" height=\"570\" srcset=\"https:\/\/aeterrasave.net\/webmedia\/wp-content\/uploads\/2020\/03\/d-760x570.jpg 760w, https:\/\/aeterrasave.net\/webmedia\/wp-content\/uploads\/2020\/03\/d.jpg 780w\" sizes=\"auto, (max-width: 760px) 100vw, 760px\" \/> <img loading=\"lazy\" decoding=\"async\" class=\"alignnone size-medium wp-image-2568\" src=\"https:\/\/aepedome.net\/webmedia\/wp-content\/uploads\/2020\/03\/e-760x570.jpg\" alt=\"\" width=\"760\" height=\"570\" srcset=\"https:\/\/aeterrasave.net\/webmedia\/wp-content\/uploads\/2020\/03\/e-760x570.jpg 760w, https:\/\/aeterrasave.net\/webmedia\/wp-content\/uploads\/2020\/03\/e.jpg 780w\" sizes=\"auto, (max-width: 760px) 100vw, 760px\" \/><\/p>\n","protected":false},"excerpt":{"rendered":"<p>No passado dia 5 de mar\u00e7o, os alunos do 4.\u00ba ano das turmas D5 e D6 da escola de Riba de Ave visitaram o Museu da Ind\u00fastria T\u00eaxtil da Bacia do Ave. Essa visita \u00e9 parte integrante do projeto &#8220;Viagens pelo patrim\u00f3nio&#8221;, dinamizado pela c\u00e2mara municipal de Vila Nova de Famalic\u00e3o, e foi precedida por [&hellip;]<\/p>\n","protected":false},"author":8,"featured_media":22989,"comment_status":"closed","ping_status":"closed","sticky":false,"template":"","format":"standard","meta":{"_eb_attr":"","footnotes":""},"categories":[3],"tags":[],"class_list":["post-2562","post","type-post","status-publish","format-standard","has-post-thumbnail","hentry","category-noticias"],"blog_post_layout_featured_media_urls":{"thumbnail":["https:\/\/aeterrasave.net\/webmedia\/wp-content\/uploads\/2026\/04\/Default_AETA_New-150x82.png",150,82,true],"full":["https:\/\/aeterrasave.net\/webmedia\/wp-content\/uploads\/2026\/04\/Default_AETA_New.png",300,82,false]},"categories_names":{"3":{"name":"Not\u00edcias","link":"https:\/\/aeterrasave.net\/webmedia\/category\/noticias\/"}},"tags_names":[],"comments_number":0,"wpmagazine_modules_lite_featured_media_urls":{"thumbnail":["https:\/\/aeterrasave.net\/webmedia\/wp-content\/uploads\/2026\/04\/Default_AETA_New-150x82.png",150,82,true],"cvmm-medium":["https:\/\/aeterrasave.net\/webmedia\/wp-content\/uploads\/2026\/04\/Default_AETA_New.png",300,82,false],"cvmm-medium-plus":["https:\/\/aeterrasave.net\/webmedia\/wp-content\/uploads\/2026\/04\/Default_AETA_New.png",300,82,false],"cvmm-portrait":["https:\/\/aeterrasave.net\/webmedia\/wp-content\/uploads\/2026\/04\/Default_AETA_New.png",300,82,false],"cvmm-medium-square":["https:\/\/aeterrasave.net\/webmedia\/wp-content\/uploads\/2026\/04\/Default_AETA_New.png",300,82,false],"cvmm-large":["https:\/\/aeterrasave.net\/webmedia\/wp-content\/uploads\/2026\/04\/Default_AETA_New.png",300,82,false],"cvmm-small":["https:\/\/aeterrasave.net\/webmedia\/wp-content\/uploads\/2026\/04\/Default_AETA_New-130x82.png",130,82,true],"full":["https:\/\/aeterrasave.net\/webmedia\/wp-content\/uploads\/2026\/04\/Default_AETA_New.png",300,82,false]},"_links":{"self":[{"href":"https:\/\/aeterrasave.net\/webmedia\/wp-json\/wp\/v2\/posts\/2562","targetHints":{"allow":["GET"]}}],"collection":[{"href":"https:\/\/aeterrasave.net\/webmedia\/wp-json\/wp\/v2\/posts"}],"about":[{"href":"https:\/\/aeterrasave.net\/webmedia\/wp-json\/wp\/v2\/types\/post"}],"author":[{"embeddable":true,"href":"https:\/\/aeterrasave.net\/webmedia\/wp-json\/wp\/v2\/users\/8"}],"replies":[{"embeddable":true,"href":"https:\/\/aeterrasave.net\/webmedia\/wp-json\/wp\/v2\/comments?post=2562"}],"version-history":[{"count":0,"href":"https:\/\/aeterrasave.net\/webmedia\/wp-json\/wp\/v2\/posts\/2562\/revisions"}],"wp:featuredmedia":[{"embeddable":true,"href":"https:\/\/aeterrasave.net\/webmedia\/wp-json\/wp\/v2\/media\/22989"}],"wp:attachment":[{"href":"https:\/\/aeterrasave.net\/webmedia\/wp-json\/wp\/v2\/media?parent=2562"}],"wp:term":[{"taxonomy":"category","embeddable":true,"href":"https:\/\/aeterrasave.net\/webmedia\/wp-json\/wp\/v2\/categories?post=2562"},{"taxonomy":"post_tag","embeddable":true,"href":"https:\/\/aeterrasave.net\/webmedia\/wp-json\/wp\/v2\/tags?post=2562"}],"curies":[{"name":"wp","href":"https:\/\/api.w.org\/{rel}","templated":true}]}}