{"id":2639,"date":"2020-04-27T22:42:34","date_gmt":"2020-04-27T21:42:34","guid":{"rendered":"https:\/\/aepedome.net\/webmedia\/?p=2639"},"modified":"2020-04-27T22:51:25","modified_gmt":"2020-04-27T21:51:25","slug":"desafio-faz-pelo-clima-ate-1-de-maio","status":"publish","type":"post","link":"https:\/\/aeterrasave.net\/webmedia\/desafio-faz-pelo-clima-ate-1-de-maio\/","title":{"rendered":"Desafio &#8211; Faz Pelo Clima (at\u00e9 1 de maio)"},"content":{"rendered":"<p><img loading=\"lazy\" decoding=\"async\" class=\"alignnone size-full wp-image-2638\" src=\"https:\/\/aepedome.net\/webmedia\/wp-content\/uploads\/2020\/04\/Dia-da-Terra-1.png\" alt=\"\" width=\"487\" height=\"414\" srcset=\"https:\/\/aeterrasave.net\/webmedia\/wp-content\/uploads\/2020\/04\/Dia-da-Terra-1.png 487w, https:\/\/aeterrasave.net\/webmedia\/wp-content\/uploads\/2020\/04\/Dia-da-Terra-1-400x340.png 400w\" sizes=\"auto, (max-width: 487px) 100vw, 487px\" \/><\/p>\n<p>No dia <strong>22 de abril<\/strong> comemorou-se\u00a0o <strong>Dia da Terra\u00a0<\/strong>e\u00a0as\u00a0<strong>Eco-Escolas\u00a0<\/strong>celebram, \u00e0 semelhan\u00e7a de anos anteriores, o \u201c<strong>Global Action Day\u201d.<\/strong><\/p>\n<p>No \u00e2mbito do \u201c<strong>Global Action Day\u201d,\u00a0<\/strong>normalmente<strong>,\u00a0<\/strong>as escolas reportam e divulgam as v\u00e1rias a\u00e7\u00f5es\/atividades que realizam na escola ou na comunidade. Este ano, devido ao encerramento dos estabelecimentos escolares, o desafio recai sobre as fam\u00edlias, que s\u00e3o chamadas a refletir \u00a0sobre a sustentabilidade e a assumir os \u201cCompromissos da Fam\u00edlia de A\u00e7\u00e3o pelo Clima\u201d,\u00a0<strong>at\u00e9 1 de maio<\/strong>, atrav\u00e9s do\u00a0<a href=\"https:\/\/forms.gle\/2PXCEiXXymA4q8aR8\" target=\"_blank\" rel=\"noopener noreferrer\">formul\u00e1rio<\/a>\u00a0dispon\u00edvel.<\/p>\n<p><strong>COMO PARTICIPAR?<\/strong><br \/>\nPara participar, basta:<br \/>\n\u2013\u00a0<strong>preencher o question\u00e1rio<\/strong>\u00a0\u201cA Minha Fam\u00edlia Compromete-se pelo Clima\u201d, dispon\u00edvel\u00a0<a href=\"https:\/\/forms.gle\/2PXCEiXXymA4q8aR8\" target=\"_blank\" rel=\"noopener noreferrer\">AQUI<\/a>.<br \/>\n\u2013\u00a0<strong>ilustrar num desenho<\/strong>\u00a0\u00e0 escolha um ou mais compromissos.<\/p>\n<p>Cada fam\u00edlia poder\u00e1, ainda, divulgar os resultados do inqu\u00e9rito nas redes sociais, com os hashtag #EcoEscolasFazpeloClima | #earthday | #globalactiondays.<\/p>\n<p>Solicita-se que cada fam\u00edlia\u00a0<strong>assinale os compromissos que considera efetivamente poss\u00edvel<\/strong>\u00a0<strong>realizar<\/strong>\u00a0(podem assinalar todas as op\u00e7\u00f5es pretendidas e, ainda, sugerir outros compromissos). Todos os compromissos sugeridos contribuem direta ou indiretamente para a A\u00e7\u00e3o Clim\u00e1tica contudo, s\u00f3 devem assinalar os que realmente consideram que conseguem cumprir este ano ou no futuro.<\/p>\n<p>Quanto \u00e0\u00a0<strong>ilustra\u00e7\u00e3o\/desenho<\/strong>\u00a0deve ser realizado previamente e carregado aquando do preenchimento do formul\u00e1rio.<br \/>\n<em>Nota: para carregarem, no formul\u00e1rio, a ilustra\u00e7\u00e3o precisam de fazer login com uma conta google (vossa) e enviar um ficheiro em formato imagem at\u00e9 1MB (fotografia por exemplo). Caso tenham dificuldade no upload podem, em alternativa, enviar a imagem para ecoescolas@abae.pt identificando\u00a0 a fam\u00edlia com o mesmo nome que colocarem no formul\u00e1rio.<\/em><\/p>\n<p>Posteriormente, os resultados ser\u00e3o publicados pela ABAE na p\u00e1gina dos \u201c<a href=\"https:\/\/globalactiondays.abae.pt\/\" target=\"_blank\" rel=\"noopener noreferrer\">Global Actions Days<\/a>\u201d, sendo considerada como realizada a atividade em todas as escolas com fam\u00edlias a participar.<\/p>\n<p>LISTA DE COMPROMISSOS (a\u00a0<a href=\"https:\/\/forms.gle\/2PXCEiXXymA4q8aR8\" target=\"_blank\" rel=\"noopener noreferrer\">assinalar<\/a>\u00a0pela fam\u00edlia)<br \/>\n<em>-Participar ativamente nas \u201cbrigadas\u201d Eco-Escolas e\/ou nos Conselhos Eco-Escolas<\/em><br \/>\n<em>-Contribuir para a planta\u00e7\u00e3o de, pelo menos, 1 \u00e1rvore por ano<\/em><br \/>\n<em>-Fechar sempre a torneira enquanto lavamos os dentes ou ensaboamos as m\u00e3os<\/em><br \/>\n<em>\u2013<\/em><em>Ir a p\u00e9 ou de bicicleta para a escola ou para o trabalho, pelo menos, duas vezes por semana<\/em><br \/>\n<em>-Usar sempre o transporte p\u00fablico nas desloca\u00e7\u00f5es casa-escola ou casa-trabalho, em vez do transporte individual<\/em><br \/>\n<em>-Fazer caminhadas com regularidade<\/em><br \/>\n<em>-Conhecer, durante as f\u00e9rias, espa\u00e7os naturais de qualidade, preservando a sua biodiversidade<\/em><br \/>\n<em>-Reduzir o consumo de carne, comendo no m\u00e1ximo 3 refei\u00e7\u00f5es de carne por semana<\/em><br \/>\n<em>-Comer sopa e fruta todos os dias<\/em><br \/>\n<em>-Doar roupas\/livros ou outro material pelo menos uma vez por ano<\/em><br \/>\n<em>-Separar os res\u00edduos todos os dias, colocando-os posteriormente nos ecopontos adequados<\/em><br \/>\n<em>-Participar em ,pelo menos\u00a0 uma a\u00e7\u00e3o de limpeza de um espa\u00e7o p\u00fablico por ano (praia, floresta, etc.)<\/em><br \/>\n<em>-N\u00e3o usar palhinhas, copos ou pratos de pl\u00e1stico descart\u00e1vel<\/em><br \/>\n<em>-Incentivar o resto da fam\u00edlia e amigos a elaborar uma lista de compras de forma a reduzir a compra de produtos desnecess\u00e1rios.<\/em><br \/>\n<em>-Incentivar o resto da fam\u00edlia e amigos a fazer compras no com\u00e9rcio local e comprando produtos locais\/portugueses<\/em><br \/>\n\u2013 \u2026<\/p>\n","protected":false},"excerpt":{"rendered":"<p>No dia 22 de abril comemorou-se\u00a0o Dia da Terra\u00a0e\u00a0as\u00a0Eco-Escolas\u00a0celebram, \u00e0 semelhan\u00e7a de anos anteriores, o \u201cGlobal Action Day\u201d. No \u00e2mbito do \u201cGlobal Action Day\u201d,\u00a0normalmente,\u00a0as escolas reportam e divulgam as v\u00e1rias a\u00e7\u00f5es\/atividades que realizam na escola ou na comunidade. Este ano, devido ao encerramento dos estabelecimentos escolares, o desafio recai sobre as fam\u00edlias, que s\u00e3o chamadas [&hellip;]<\/p>\n","protected":false},"author":25,"featured_media":2638,"comment_status":"closed","ping_status":"closed","sticky":false,"template":"","format":"standard","meta":{"_eb_attr":"","footnotes":""},"categories":[3],"tags":[],"class_list":["post-2639","post","type-post","status-publish","format-standard","has-post-thumbnail","hentry","category-noticias"],"blog_post_layout_featured_media_urls":{"thumbnail":["https:\/\/aeterrasave.net\/webmedia\/wp-content\/uploads\/2020\/04\/Dia-da-Terra-1-150x150.png",150,150,true],"full":["https:\/\/aeterrasave.net\/webmedia\/wp-content\/uploads\/2020\/04\/Dia-da-Terra-1.png",487,414,false]},"categories_names":{"3":{"name":"Not\u00edcias","link":"https:\/\/aeterrasave.net\/webmedia\/category\/noticias\/"}},"tags_names":[],"comments_number":0,"wpmagazine_modules_lite_featured_media_urls":{"thumbnail":["https:\/\/aeterrasave.net\/webmedia\/wp-content\/uploads\/2020\/04\/Dia-da-Terra-1-150x150.png",150,150,true],"cvmm-medium":["https:\/\/aeterrasave.net\/webmedia\/wp-content\/uploads\/2020\/04\/Dia-da-Terra-1.png",300,255,false],"cvmm-medium-plus":["https:\/\/aeterrasave.net\/webmedia\/wp-content\/uploads\/2020\/04\/Dia-da-Terra-1.png",244,207,false],"cvmm-portrait":["https:\/\/aeterrasave.net\/webmedia\/wp-content\/uploads\/2020\/04\/Dia-da-Terra-1.png",400,340,false],"cvmm-medium-square":["https:\/\/aeterrasave.net\/webmedia\/wp-content\/uploads\/2020\/04\/Dia-da-Terra-1.png",487,414,false],"cvmm-large":["https:\/\/aeterrasave.net\/webmedia\/wp-content\/uploads\/2020\/04\/Dia-da-Terra-1.png",487,414,false],"cvmm-small":["https:\/\/aeterrasave.net\/webmedia\/wp-content\/uploads\/2020\/04\/Dia-da-Terra-1.png",112,95,false],"full":["https:\/\/aeterrasave.net\/webmedia\/wp-content\/uploads\/2020\/04\/Dia-da-Terra-1.png",487,414,false]},"_links":{"self":[{"href":"https:\/\/aeterrasave.net\/webmedia\/wp-json\/wp\/v2\/posts\/2639","targetHints":{"allow":["GET"]}}],"collection":[{"href":"https:\/\/aeterrasave.net\/webmedia\/wp-json\/wp\/v2\/posts"}],"about":[{"href":"https:\/\/aeterrasave.net\/webmedia\/wp-json\/wp\/v2\/types\/post"}],"author":[{"embeddable":true,"href":"https:\/\/aeterrasave.net\/webmedia\/wp-json\/wp\/v2\/users\/25"}],"replies":[{"embeddable":true,"href":"https:\/\/aeterrasave.net\/webmedia\/wp-json\/wp\/v2\/comments?post=2639"}],"version-history":[{"count":0,"href":"https:\/\/aeterrasave.net\/webmedia\/wp-json\/wp\/v2\/posts\/2639\/revisions"}],"wp:featuredmedia":[{"embeddable":true,"href":"https:\/\/aeterrasave.net\/webmedia\/wp-json\/wp\/v2\/media\/2638"}],"wp:attachment":[{"href":"https:\/\/aeterrasave.net\/webmedia\/wp-json\/wp\/v2\/media?parent=2639"}],"wp:term":[{"taxonomy":"category","embeddable":true,"href":"https:\/\/aeterrasave.net\/webmedia\/wp-json\/wp\/v2\/categories?post=2639"},{"taxonomy":"post_tag","embeddable":true,"href":"https:\/\/aeterrasave.net\/webmedia\/wp-json\/wp\/v2\/tags?post=2639"}],"curies":[{"name":"wp","href":"https:\/\/api.w.org\/{rel}","templated":true}]}}