{"id":2667,"date":"2020-05-20T16:17:45","date_gmt":"2020-05-20T15:17:45","guid":{"rendered":"https:\/\/aepedome.net\/webmedia\/?p=2667"},"modified":"2020-05-20T16:17:45","modified_gmt":"2020-05-20T15:17:45","slug":"concurso-o-mar-comeca-aqui-eb-de-pedome","status":"publish","type":"post","link":"https:\/\/aeterrasave.net\/webmedia\/concurso-o-mar-comeca-aqui-eb-de-pedome\/","title":{"rendered":"Concurso \u201cO MAR COME\u00c7A AQUI\u201c &#8211; EB de Pedome"},"content":{"rendered":"<p><img decoding=\"async\" class=\"spotlight\" src=\"https:\/\/scontent.fopo1-1.fna.fbcdn.net\/v\/t1.0-9\/97966664_10158088693231675_1244148315075903488_n.jpg?_nc_cat=103&amp;_nc_sid=e007fa&amp;_nc_ohc=32AaPkDRjrMAX_VBDqg&amp;_nc_ht=scontent.fopo1-1.fna&amp;oh=f3050db0a67c4a698b6bfe3563f72980&amp;oe=5EEA6C52\" alt=\"Nenhuma descri\u00e7\u00e3o de foto dispon\u00edvel.\" \/><\/p>\n<p>No dia 20 de maio, Dia Europeu do Mar, inicia-se a vota\u00e7\u00e3o os desenhos\/maquetes criadas por crian\u00e7as e jovens das Eco-Escolas, em linha com a mensagem \u201cO MAR COME\u00c7A AQUI\u201c, alertando para o facto de que o que fica no ch\u00e3o, vai, mais tarde ou mais cedo, parar ao mar! Sendo assim: \u201cO Mar come\u00e7a Aqui \u2026e em Ti!\u201d<\/p>\n<p>Nesta fase, decorre a vota\u00e7\u00e3o no Facebook, visando divulgar o projeto e encontrar as imagens mais populares: as que recebam mais rea\u00e7\u00f5es positivas durante 10 dias.<br \/>\nAs 3 i<span class=\"text_exposed_show\">magens que receberem mais votadas, ser\u00e3o premiadas com um tablet, oferta Sotinco.<\/span><\/p>\n<div class=\"text_exposed_show\">\n<p>Todas as imagens, depois de validadas pelo j\u00fari, ser\u00e3o posteriormente pintadas nas sarjetas\/sumidouros das respetivas escolas e \u00e1rea envolvente, com o apoio e supervis\u00e3o do munic\u00edpio, visando a divulga\u00e7\u00e3o da mensagem a partir da escola para a comunidade.<\/p>\n<p>A EB de Pedome tamb\u00e9m est\u00e1 em concurso.<br \/>\nVotem na EB de Pedome<\/p>\n<p>aqui vai a nossa proposta<br \/>\n<a href=\"https:\/\/www.facebook.com\/ecoescolas\/photos\/a.10158088681341675\/10158088693226675\/?type=3&amp;theater\" data-ft=\"{&quot;tn&quot;:&quot;-U&quot;}\">https:\/\/www.facebook.com\/\u2026\/a.1015808868\u2026\/10158088693226675\/\u2026<\/a><\/p>\n<\/div>\n","protected":false},"excerpt":{"rendered":"<p>No dia 20 de maio, Dia Europeu do Mar, inicia-se a vota\u00e7\u00e3o os desenhos\/maquetes criadas por crian\u00e7as e jovens das Eco-Escolas, em linha com a mensagem \u201cO MAR COME\u00c7A AQUI\u201c, alertando para o facto de que o que fica no ch\u00e3o, vai, mais tarde ou mais cedo, parar ao mar! Sendo assim: \u201cO Mar come\u00e7a [&hellip;]<\/p>\n","protected":false},"author":25,"featured_media":22989,"comment_status":"closed","ping_status":"closed","sticky":false,"template":"","format":"standard","meta":{"_eb_attr":"","footnotes":""},"categories":[3],"tags":[],"class_list":["post-2667","post","type-post","status-publish","format-standard","has-post-thumbnail","hentry","category-noticias"],"blog_post_layout_featured_media_urls":{"thumbnail":["https:\/\/aeterrasave.net\/webmedia\/wp-content\/uploads\/2026\/04\/Default_AETA_New-150x82.png",150,82,true],"full":["https:\/\/aeterrasave.net\/webmedia\/wp-content\/uploads\/2026\/04\/Default_AETA_New.png",300,82,false]},"categories_names":{"3":{"name":"Not\u00edcias","link":"https:\/\/aeterrasave.net\/webmedia\/category\/noticias\/"}},"tags_names":[],"comments_number":0,"wpmagazine_modules_lite_featured_media_urls":{"thumbnail":["https:\/\/aeterrasave.net\/webmedia\/wp-content\/uploads\/2026\/04\/Default_AETA_New-150x82.png",150,82,true],"cvmm-medium":["https:\/\/aeterrasave.net\/webmedia\/wp-content\/uploads\/2026\/04\/Default_AETA_New.png",300,82,false],"cvmm-medium-plus":["https:\/\/aeterrasave.net\/webmedia\/wp-content\/uploads\/2026\/04\/Default_AETA_New.png",300,82,false],"cvmm-portrait":["https:\/\/aeterrasave.net\/webmedia\/wp-content\/uploads\/2026\/04\/Default_AETA_New.png",300,82,false],"cvmm-medium-square":["https:\/\/aeterrasave.net\/webmedia\/wp-content\/uploads\/2026\/04\/Default_AETA_New.png",300,82,false],"cvmm-large":["https:\/\/aeterrasave.net\/webmedia\/wp-content\/uploads\/2026\/04\/Default_AETA_New.png",300,82,false],"cvmm-small":["https:\/\/aeterrasave.net\/webmedia\/wp-content\/uploads\/2026\/04\/Default_AETA_New-130x82.png",130,82,true],"full":["https:\/\/aeterrasave.net\/webmedia\/wp-content\/uploads\/2026\/04\/Default_AETA_New.png",300,82,false]},"_links":{"self":[{"href":"https:\/\/aeterrasave.net\/webmedia\/wp-json\/wp\/v2\/posts\/2667","targetHints":{"allow":["GET"]}}],"collection":[{"href":"https:\/\/aeterrasave.net\/webmedia\/wp-json\/wp\/v2\/posts"}],"about":[{"href":"https:\/\/aeterrasave.net\/webmedia\/wp-json\/wp\/v2\/types\/post"}],"author":[{"embeddable":true,"href":"https:\/\/aeterrasave.net\/webmedia\/wp-json\/wp\/v2\/users\/25"}],"replies":[{"embeddable":true,"href":"https:\/\/aeterrasave.net\/webmedia\/wp-json\/wp\/v2\/comments?post=2667"}],"version-history":[{"count":1,"href":"https:\/\/aeterrasave.net\/webmedia\/wp-json\/wp\/v2\/posts\/2667\/revisions"}],"predecessor-version":[{"id":2668,"href":"https:\/\/aeterrasave.net\/webmedia\/wp-json\/wp\/v2\/posts\/2667\/revisions\/2668"}],"wp:featuredmedia":[{"embeddable":true,"href":"https:\/\/aeterrasave.net\/webmedia\/wp-json\/wp\/v2\/media\/22989"}],"wp:attachment":[{"href":"https:\/\/aeterrasave.net\/webmedia\/wp-json\/wp\/v2\/media?parent=2667"}],"wp:term":[{"taxonomy":"category","embeddable":true,"href":"https:\/\/aeterrasave.net\/webmedia\/wp-json\/wp\/v2\/categories?post=2667"},{"taxonomy":"post_tag","embeddable":true,"href":"https:\/\/aeterrasave.net\/webmedia\/wp-json\/wp\/v2\/tags?post=2667"}],"curies":[{"name":"wp","href":"https:\/\/api.w.org\/{rel}","templated":true}]}}