{"id":2754,"date":"2020-06-08T23:40:12","date_gmt":"2020-06-08T22:40:12","guid":{"rendered":"https:\/\/aepedome.net\/webmedia\/?p=2754"},"modified":"2020-06-14T00:37:54","modified_gmt":"2020-06-13T23:37:54","slug":"sessoes-de-esclarecimento-alteracoes-climaticas-e-a-europa-eb-de-pedome","status":"publish","type":"post","link":"https:\/\/aeterrasave.net\/webmedia\/sessoes-de-esclarecimento-alteracoes-climaticas-e-a-europa-eb-de-pedome\/","title":{"rendered":"Sess\u00f5es de esclarecimento \u201cAltera\u00e7\u00f5es Clim\u00e1ticas e a Europa\u201d &#8211; EB de Pedome"},"content":{"rendered":"<p>&nbsp;<\/p>\n<p><img loading=\"lazy\" decoding=\"async\" class=\"alignnone wp-image-2756\" src=\"https:\/\/aepedome.net\/webmedia\/wp-content\/uploads\/2020\/06\/Foto-2-UE-um-ideal-unico-Pedome-02-06-2020-2.png\" alt=\"\" width=\"423\" height=\"237\" \/><\/p>\n<p><img loading=\"lazy\" decoding=\"async\" class=\"wp-image-2755 aligncenter\" src=\"https:\/\/aepedome.net\/webmedia\/wp-content\/uploads\/2020\/06\/30649_ld_GreenDeal_450x345.jpg\" alt=\"\" width=\"293\" height=\"220\" srcset=\"https:\/\/aeterrasave.net\/webmedia\/wp-content\/uploads\/2020\/06\/30649_ld_GreenDeal_450x345.jpg 460w, https:\/\/aeterrasave.net\/webmedia\/wp-content\/uploads\/2020\/06\/30649_ld_GreenDeal_450x345-80x60.jpg 80w, https:\/\/aeterrasave.net\/webmedia\/wp-content\/uploads\/2020\/06\/30649_ld_GreenDeal_450x345-100x75.jpg 100w, https:\/\/aeterrasave.net\/webmedia\/wp-content\/uploads\/2020\/06\/30649_ld_GreenDeal_450x345-180x135.jpg 180w, https:\/\/aeterrasave.net\/webmedia\/wp-content\/uploads\/2020\/06\/30649_ld_GreenDeal_450x345-238x178.jpg 238w\" sizes=\"auto, (max-width: 293px) 100vw, 293px\" \/>Entre os dias 27 de maio e 3 de junho de 2020, na EB de Pedome, decorreram as sess\u00f5es de esclarecimento sobre \u201cAs Altera\u00e7\u00f5es Clim\u00e1ticas e a Europa\u201d, organizadas pelo clube da Europa da escola, e dinamizadas pelo Centro de Informa\u00e7\u00e3o Europe Direct Minho (CIED Minho). Entre os participantes estavam os alunos das turmas do 8.\u00ba ano, 7.\u00ba B e 9.\u00ba E. Esta sess\u00e3o, efetuada por videoconfer\u00eancia, permitiu abordar os v\u00e1rios projetos que est\u00e3o a decorrer no contexto europeu, relacionados com esta problem\u00e1tica.<\/p>\n<p>Com o objetivo de esclarecer o que se entende por Altera\u00e7\u00f5es Clim\u00e1ticas, a sess\u00e3o deu a conhecer os resultados do inqu\u00e9rito, previamente realizado pelos alunos da escola durante o m\u00eas de maio, e explicou os v\u00e1rios objetivos ambientais e apresentou os projetos europeus \u201cDo Prado ao Prato\u201d e \u201cA Estrat\u00e9gia da Biodiversidade\u201d, que fazem parte da primeira prioridade pol\u00edtica da Comiss\u00e3o Europeia \u2013 o Pacto Ecol\u00f3gico Europeu. O objetivo da Uni\u00e3o Europeia \u00e9 alcan\u00e7ar a neutralidade clim\u00e1tica no continente europeu at\u00e9 2050, resultado de uma transi\u00e7\u00e3o econ\u00f3mica e social mais sustent\u00e1vel e ecol\u00f3gica.<\/p>\n<p>Alunos esclarecidos s\u00e3o, potencialmente, cidad\u00e3os ativos na mudan\u00e7a necess\u00e1ria perante o atual cen\u00e1rio, que exige mudan\u00e7as de comportamentos e h\u00e1bitos, de modo a caminharmos para a sustentabilidade.<\/p>\n","protected":false},"excerpt":{"rendered":"<p>&nbsp; Entre os dias 27 de maio e 3 de junho de 2020, na EB de Pedome, decorreram as sess\u00f5es de esclarecimento sobre \u201cAs Altera\u00e7\u00f5es Clim\u00e1ticas e a Europa\u201d, organizadas pelo clube da Europa da escola, e dinamizadas pelo Centro de Informa\u00e7\u00e3o Europe Direct Minho (CIED Minho). Entre os participantes estavam os alunos das turmas [&hellip;]<\/p>\n","protected":false},"author":25,"featured_media":2756,"comment_status":"closed","ping_status":"closed","sticky":false,"template":"","format":"standard","meta":{"_eb_attr":"","footnotes":""},"categories":[3],"tags":[],"class_list":["post-2754","post","type-post","status-publish","format-standard","has-post-thumbnail","hentry","category-noticias"],"blog_post_layout_featured_media_urls":{"thumbnail":["https:\/\/aeterrasave.net\/webmedia\/wp-content\/uploads\/2020\/06\/Foto-2-UE-um-ideal-unico-Pedome-02-06-2020-2-150x112.png",150,112,true],"full":["https:\/\/aeterrasave.net\/webmedia\/wp-content\/uploads\/2020\/06\/Foto-2-UE-um-ideal-unico-Pedome-02-06-2020-2.png",200,112,false]},"categories_names":{"3":{"name":"Not\u00edcias","link":"https:\/\/aeterrasave.net\/webmedia\/category\/noticias\/"}},"tags_names":[],"comments_number":0,"wpmagazine_modules_lite_featured_media_urls":{"thumbnail":["https:\/\/aeterrasave.net\/webmedia\/wp-content\/uploads\/2020\/06\/Foto-2-UE-um-ideal-unico-Pedome-02-06-2020-2-150x112.png",150,112,true],"cvmm-medium":["https:\/\/aeterrasave.net\/webmedia\/wp-content\/uploads\/2020\/06\/Foto-2-UE-um-ideal-unico-Pedome-02-06-2020-2.png",200,112,false],"cvmm-medium-plus":["https:\/\/aeterrasave.net\/webmedia\/wp-content\/uploads\/2020\/06\/Foto-2-UE-um-ideal-unico-Pedome-02-06-2020-2.png",200,112,false],"cvmm-portrait":["https:\/\/aeterrasave.net\/webmedia\/wp-content\/uploads\/2020\/06\/Foto-2-UE-um-ideal-unico-Pedome-02-06-2020-2.png",200,112,false],"cvmm-medium-square":["https:\/\/aeterrasave.net\/webmedia\/wp-content\/uploads\/2020\/06\/Foto-2-UE-um-ideal-unico-Pedome-02-06-2020-2.png",200,112,false],"cvmm-large":["https:\/\/aeterrasave.net\/webmedia\/wp-content\/uploads\/2020\/06\/Foto-2-UE-um-ideal-unico-Pedome-02-06-2020-2.png",200,112,false],"cvmm-small":["https:\/\/aeterrasave.net\/webmedia\/wp-content\/uploads\/2020\/06\/Foto-2-UE-um-ideal-unico-Pedome-02-06-2020-2.png",130,73,false],"full":["https:\/\/aeterrasave.net\/webmedia\/wp-content\/uploads\/2020\/06\/Foto-2-UE-um-ideal-unico-Pedome-02-06-2020-2.png",200,112,false]},"_links":{"self":[{"href":"https:\/\/aeterrasave.net\/webmedia\/wp-json\/wp\/v2\/posts\/2754","targetHints":{"allow":["GET"]}}],"collection":[{"href":"https:\/\/aeterrasave.net\/webmedia\/wp-json\/wp\/v2\/posts"}],"about":[{"href":"https:\/\/aeterrasave.net\/webmedia\/wp-json\/wp\/v2\/types\/post"}],"author":[{"embeddable":true,"href":"https:\/\/aeterrasave.net\/webmedia\/wp-json\/wp\/v2\/users\/25"}],"replies":[{"embeddable":true,"href":"https:\/\/aeterrasave.net\/webmedia\/wp-json\/wp\/v2\/comments?post=2754"}],"version-history":[{"count":3,"href":"https:\/\/aeterrasave.net\/webmedia\/wp-json\/wp\/v2\/posts\/2754\/revisions"}],"predecessor-version":[{"id":2759,"href":"https:\/\/aeterrasave.net\/webmedia\/wp-json\/wp\/v2\/posts\/2754\/revisions\/2759"}],"wp:featuredmedia":[{"embeddable":true,"href":"https:\/\/aeterrasave.net\/webmedia\/wp-json\/wp\/v2\/media\/2756"}],"wp:attachment":[{"href":"https:\/\/aeterrasave.net\/webmedia\/wp-json\/wp\/v2\/media?parent=2754"}],"wp:term":[{"taxonomy":"category","embeddable":true,"href":"https:\/\/aeterrasave.net\/webmedia\/wp-json\/wp\/v2\/categories?post=2754"},{"taxonomy":"post_tag","embeddable":true,"href":"https:\/\/aeterrasave.net\/webmedia\/wp-json\/wp\/v2\/tags?post=2754"}],"curies":[{"name":"wp","href":"https:\/\/api.w.org\/{rel}","templated":true}]}}