{"id":2815,"date":"2020-07-23T07:07:31","date_gmt":"2020-07-23T06:07:31","guid":{"rendered":"https:\/\/aepedome.net\/webmedia\/?p=2815"},"modified":"2020-07-23T07:07:31","modified_gmt":"2020-07-23T06:07:31","slug":"o-ciclo-do-ecolapis-desafio-faber-castell","status":"publish","type":"post","link":"https:\/\/aeterrasave.net\/webmedia\/o-ciclo-do-ecolapis-desafio-faber-castell\/","title":{"rendered":"O Ciclo do Ecol\u00e1pis \u2013 Desafio Faber-Castell"},"content":{"rendered":"<p><strong>1.\u00ba Pr\u00e9mio em Banda Desenhada para os Mateusinhos<\/strong><\/p>\n<p>JI de Oliveira S. Mateus<\/p>\n<p>&nbsp;<\/p>\n<p>As crian\u00e7as do JI de Oliveira S. Mateus participaram num desafio resultante de uma parceria ABAE | Eco-Escolas, e Faber-Castell, que pretendia sensibilizar a toda a comunidade escolar e educativa para a escolha e utiliza\u00e7\u00e3o de produtos produzidos de forma sustent\u00e1vel, com total preserva\u00e7\u00e3o do ambiente e minimiza\u00e7\u00e3o da pegada ambiental.<\/p>\n<p>Assim, as crian\u00e7as no desenvolvimento das atividades integradas no Eco Escolas e outros momentos educativos foram sensibilizadas pelos adultos e fam\u00edlias que ao deitarem fora um produto, todas as etapas do seu ciclo de vida, em maior ou menor grau, estar\u00e3o presentes.<\/p>\n<p>Concretamente, um exemplo disso, neste concurso era o ciclo de vida dos l\u00e1pis, ou seja, o percurso que a madeira tem que percorrer at\u00e9 se transformarem em l\u00e1pis que eles usam no seu dia-a-dia.<\/p>\n<p>Pretendemos assim, com este projeto, desafiar o grupo dos Mateusinhos, sob a orienta\u00e7\u00e3o das educadoras, para elaborarmos uma hist\u00f3ria inovadora em Banda Desenhada, sobre o ciclo de vida do ECOL\u00c1PIS da Faber-Castell, atrav\u00e9s da investiga\u00e7\u00e3o e do estudo do seguinte material: Brochura do Ecol\u00e1pis e Cartaz Ciclo de Vida do Ecol\u00e1pis.<\/p>\n<p>A hist\u00f3ria inclui, obrigatoriamente, a personagem \u201cEcol\u00e1pis\u201d, que no final deixa mensagens com uma dica de consumo consciente que possam ser adotadas nas salas de aula\/atividades em todos os n\u00edveis de educa\u00e7\u00e3o e\/ou ensino.<\/p>\n<p><strong>Parab\u00e9ns Mateusinhos pelo excelente desempenho e pelas mensagens magn\u00edficas que nos deixaram a n\u00edvel local e nacional!<\/strong><\/p>\n<p>&nbsp;<\/p>\n<p style=\"text-align: right;\">Julho de 20202<\/p>\n<p style=\"text-align: right;\">A Docente Respons\u00e1vel<\/p>\n<p style=\"text-align: right;\">Adosinda Cabrita<\/p>\n","protected":false},"excerpt":{"rendered":"<p>1.\u00ba Pr\u00e9mio em Banda Desenhada para os Mateusinhos JI de Oliveira S. Mateus &nbsp; As crian\u00e7as do JI de Oliveira S. Mateus participaram num desafio resultante de uma parceria ABAE | Eco-Escolas, e Faber-Castell, que pretendia sensibilizar a toda a comunidade escolar e educativa para a escolha e utiliza\u00e7\u00e3o de produtos produzidos de forma sustent\u00e1vel, [&hellip;]<\/p>\n","protected":false},"author":1,"featured_media":2816,"comment_status":"closed","ping_status":"closed","sticky":false,"template":"","format":"standard","meta":{"_eb_attr":"","footnotes":""},"categories":[3],"tags":[],"class_list":["post-2815","post","type-post","status-publish","format-standard","has-post-thumbnail","hentry","category-noticias"],"blog_post_layout_featured_media_urls":{"thumbnail":["https:\/\/aeterrasave.net\/webmedia\/wp-content\/uploads\/2020\/07\/Ecol\u00e1pis-150x150.jpg",150,150,true],"full":["https:\/\/aeterrasave.net\/webmedia\/wp-content\/uploads\/2020\/07\/Ecol\u00e1pis.jpg",1404,1872,false]},"categories_names":{"3":{"name":"Not\u00edcias","link":"https:\/\/aeterrasave.net\/webmedia\/category\/noticias\/"}},"tags_names":[],"comments_number":0,"wpmagazine_modules_lite_featured_media_urls":{"thumbnail":["https:\/\/aeterrasave.net\/webmedia\/wp-content\/uploads\/2020\/07\/Ecol\u00e1pis-150x150.jpg",150,150,true],"cvmm-medium":["https:\/\/aeterrasave.net\/webmedia\/wp-content\/uploads\/2020\/07\/Ecol\u00e1pis.jpg",225,300,false],"cvmm-medium-plus":["https:\/\/aeterrasave.net\/webmedia\/wp-content\/uploads\/2020\/07\/Ecol\u00e1pis.jpg",155,207,false],"cvmm-portrait":["https:\/\/aeterrasave.net\/webmedia\/wp-content\/uploads\/2020\/07\/Ecol\u00e1pis.jpg",400,533,false],"cvmm-medium-square":["https:\/\/aeterrasave.net\/webmedia\/wp-content\/uploads\/2020\/07\/Ecol\u00e1pis.jpg",450,600,false],"cvmm-large":["https:\/\/aeterrasave.net\/webmedia\/wp-content\/uploads\/2020\/07\/Ecol\u00e1pis.jpg",768,1024,false],"cvmm-small":["https:\/\/aeterrasave.net\/webmedia\/wp-content\/uploads\/2020\/07\/Ecol\u00e1pis.jpg",71,95,false],"full":["https:\/\/aeterrasave.net\/webmedia\/wp-content\/uploads\/2020\/07\/Ecol\u00e1pis.jpg",1404,1872,false]},"_links":{"self":[{"href":"https:\/\/aeterrasave.net\/webmedia\/wp-json\/wp\/v2\/posts\/2815","targetHints":{"allow":["GET"]}}],"collection":[{"href":"https:\/\/aeterrasave.net\/webmedia\/wp-json\/wp\/v2\/posts"}],"about":[{"href":"https:\/\/aeterrasave.net\/webmedia\/wp-json\/wp\/v2\/types\/post"}],"author":[{"embeddable":true,"href":"https:\/\/aeterrasave.net\/webmedia\/wp-json\/wp\/v2\/users\/1"}],"replies":[{"embeddable":true,"href":"https:\/\/aeterrasave.net\/webmedia\/wp-json\/wp\/v2\/comments?post=2815"}],"version-history":[{"count":1,"href":"https:\/\/aeterrasave.net\/webmedia\/wp-json\/wp\/v2\/posts\/2815\/revisions"}],"predecessor-version":[{"id":2817,"href":"https:\/\/aeterrasave.net\/webmedia\/wp-json\/wp\/v2\/posts\/2815\/revisions\/2817"}],"wp:featuredmedia":[{"embeddable":true,"href":"https:\/\/aeterrasave.net\/webmedia\/wp-json\/wp\/v2\/media\/2816"}],"wp:attachment":[{"href":"https:\/\/aeterrasave.net\/webmedia\/wp-json\/wp\/v2\/media?parent=2815"}],"wp:term":[{"taxonomy":"category","embeddable":true,"href":"https:\/\/aeterrasave.net\/webmedia\/wp-json\/wp\/v2\/categories?post=2815"},{"taxonomy":"post_tag","embeddable":true,"href":"https:\/\/aeterrasave.net\/webmedia\/wp-json\/wp\/v2\/tags?post=2815"}],"curies":[{"name":"wp","href":"https:\/\/api.w.org\/{rel}","templated":true}]}}