{"id":2825,"date":"2020-07-27T13:46:07","date_gmt":"2020-07-27T12:46:07","guid":{"rendered":"https:\/\/aepedome.net\/webmedia\/?p=2825"},"modified":"2020-07-27T13:46:38","modified_gmt":"2020-07-27T12:46:38","slug":"eb-de-pedome-premiada-em-varias-categorias","status":"publish","type":"post","link":"https:\/\/aeterrasave.net\/webmedia\/eb-de-pedome-premiada-em-varias-categorias\/","title":{"rendered":"EB de Pedome premiada, em v\u00e1rias categorias"},"content":{"rendered":"<h5 style=\"text-align: left\">A EB de Pedome foi, mais uma vez, galardoada com tr\u00eas pr\u00e9mios, no \u00e2mbito do Eco \u2013 Escolas e no concurso \u201cP\u00f5e os teus lugares no Mapa\u201d. Assim, Premiados Alimenta\u00e7\u00e3o Saud\u00e1vel e Sustent\u00e1vel 2020: Eco \u2013 Ementas e Eco \u2013 Cozinheiros, 2\u00ba Classificado (a n\u00edvel nacional); Eco \u2013 Festas, 2\u00ba Classificado (a n\u00edvel nacional); Desafio O CICLO DO ECOL\u00c1PIS, escal\u00e3o 2, Men\u00e7\u00e3o Honrosa.<\/h5>\n<h5 style=\"text-align: left\">Na final a 2\u00aa Edi\u00e7\u00e3o do Concurso \u201cNacional P\u00f5e os teus lugares no Mapa\u201d a EB de Pedome ficou no 3.\u00ba lugar.<\/h5>\n<h5 style=\"text-align: left\">A todos os participantes parab\u00e9ns.<\/h5>\n<p><img loading=\"lazy\" decoding=\"async\" class=\"alignnone wp-image-2827\" src=\"https:\/\/aepedome.net\/webmedia\/wp-content\/uploads\/2020\/07\/escalao-2-ementas-premio2.jpg\" alt=\"\" width=\"456\" height=\"305\" \/><img loading=\"lazy\" decoding=\"async\" class=\"alignnone size-medium wp-image-2828\" src=\"https:\/\/aepedome.net\/webmedia\/wp-content\/uploads\/2020\/07\/Eco-Festa-760x570.jpg\" alt=\"\" width=\"760\" height=\"570\" srcset=\"https:\/\/aeterrasave.net\/webmedia\/wp-content\/uploads\/2020\/07\/Eco-Festa-760x570.jpg 760w, https:\/\/aeterrasave.net\/webmedia\/wp-content\/uploads\/2020\/07\/Eco-Festa-700x525.jpg 700w, https:\/\/aeterrasave.net\/webmedia\/wp-content\/uploads\/2020\/07\/Eco-Festa-768x576.jpg 768w, https:\/\/aeterrasave.net\/webmedia\/wp-content\/uploads\/2020\/07\/Eco-Festa-560x420.jpg 560w, https:\/\/aeterrasave.net\/webmedia\/wp-content\/uploads\/2020\/07\/Eco-Festa-80x60.jpg 80w, https:\/\/aeterrasave.net\/webmedia\/wp-content\/uploads\/2020\/07\/Eco-Festa-100x75.jpg 100w, https:\/\/aeterrasave.net\/webmedia\/wp-content\/uploads\/2020\/07\/Eco-Festa-180x135.jpg 180w, https:\/\/aeterrasave.net\/webmedia\/wp-content\/uploads\/2020\/07\/Eco-Festa-238x178.jpg 238w, https:\/\/aeterrasave.net\/webmedia\/wp-content\/uploads\/2020\/07\/Eco-Festa-640x480.jpg 640w, https:\/\/aeterrasave.net\/webmedia\/wp-content\/uploads\/2020\/07\/Eco-Festa-681x511.jpg 681w, https:\/\/aeterrasave.net\/webmedia\/wp-content\/uploads\/2020\/07\/Eco-Festa.jpg 960w\" sizes=\"auto, (max-width: 760px) 100vw, 760px\" \/><img loading=\"lazy\" decoding=\"async\" class=\"alignnone size-full wp-image-2829\" src=\"https:\/\/aepedome.net\/webmedia\/wp-content\/uploads\/2020\/07\/BD_EcoL\u00e1pis_EB-de-Pedome1.jpg\" alt=\"\" width=\"577\" height=\"433\" srcset=\"https:\/\/aeterrasave.net\/webmedia\/wp-content\/uploads\/2020\/07\/BD_EcoL\u00e1pis_EB-de-Pedome1.jpg 577w, https:\/\/aeterrasave.net\/webmedia\/wp-content\/uploads\/2020\/07\/BD_EcoL\u00e1pis_EB-de-Pedome1-560x420.jpg 560w, https:\/\/aeterrasave.net\/webmedia\/wp-content\/uploads\/2020\/07\/BD_EcoL\u00e1pis_EB-de-Pedome1-80x60.jpg 80w, https:\/\/aeterrasave.net\/webmedia\/wp-content\/uploads\/2020\/07\/BD_EcoL\u00e1pis_EB-de-Pedome1-100x75.jpg 100w, https:\/\/aeterrasave.net\/webmedia\/wp-content\/uploads\/2020\/07\/BD_EcoL\u00e1pis_EB-de-Pedome1-180x135.jpg 180w, https:\/\/aeterrasave.net\/webmedia\/wp-content\/uploads\/2020\/07\/BD_EcoL\u00e1pis_EB-de-Pedome1-238x178.jpg 238w\" sizes=\"auto, (max-width: 577px) 100vw, 577px\" \/><\/p>\n<p>&nbsp;<\/p>\n<p>&nbsp;<\/p>\n","protected":false},"excerpt":{"rendered":"<p>A EB de Pedome foi, mais uma vez, galardoada com tr\u00eas pr\u00e9mios, no \u00e2mbito do Eco \u2013 Escolas e no concurso \u201cP\u00f5e os teus lugares no Mapa\u201d. Assim, Premiados Alimenta\u00e7\u00e3o Saud\u00e1vel e Sustent\u00e1vel 2020: Eco \u2013 Ementas e Eco \u2013 Cozinheiros, 2\u00ba Classificado (a n\u00edvel nacional); Eco \u2013 Festas, 2\u00ba Classificado (a n\u00edvel nacional); Desafio [&hellip;]<\/p>\n","protected":false},"author":25,"featured_media":2827,"comment_status":"closed","ping_status":"closed","sticky":false,"template":"","format":"standard","meta":{"_eb_attr":"","footnotes":""},"categories":[3],"tags":[],"class_list":["post-2825","post","type-post","status-publish","format-standard","has-post-thumbnail","hentry","category-noticias"],"blog_post_layout_featured_media_urls":{"thumbnail":["https:\/\/aeterrasave.net\/webmedia\/wp-content\/uploads\/2020\/07\/escalao-2-ementas-premio2-150x150.jpg",150,150,true],"full":["https:\/\/aeterrasave.net\/webmedia\/wp-content\/uploads\/2020\/07\/escalao-2-ementas-premio2.jpg",300,200,false]},"categories_names":{"3":{"name":"Not\u00edcias","link":"https:\/\/aeterrasave.net\/webmedia\/category\/noticias\/"}},"tags_names":[],"comments_number":0,"wpmagazine_modules_lite_featured_media_urls":{"thumbnail":["https:\/\/aeterrasave.net\/webmedia\/wp-content\/uploads\/2020\/07\/escalao-2-ementas-premio2-150x150.jpg",150,150,true],"cvmm-medium":["https:\/\/aeterrasave.net\/webmedia\/wp-content\/uploads\/2020\/07\/escalao-2-ementas-premio2.jpg",300,200,false],"cvmm-medium-plus":["https:\/\/aeterrasave.net\/webmedia\/wp-content\/uploads\/2020\/07\/escalao-2-ementas-premio2.jpg",300,200,false],"cvmm-portrait":["https:\/\/aeterrasave.net\/webmedia\/wp-content\/uploads\/2020\/07\/escalao-2-ementas-premio2.jpg",300,200,false],"cvmm-medium-square":["https:\/\/aeterrasave.net\/webmedia\/wp-content\/uploads\/2020\/07\/escalao-2-ementas-premio2.jpg",300,200,false],"cvmm-large":["https:\/\/aeterrasave.net\/webmedia\/wp-content\/uploads\/2020\/07\/escalao-2-ementas-premio2.jpg",300,200,false],"cvmm-small":["https:\/\/aeterrasave.net\/webmedia\/wp-content\/uploads\/2020\/07\/escalao-2-ementas-premio2.jpg",130,87,false],"full":["https:\/\/aeterrasave.net\/webmedia\/wp-content\/uploads\/2020\/07\/escalao-2-ementas-premio2.jpg",300,200,false]},"_links":{"self":[{"href":"https:\/\/aeterrasave.net\/webmedia\/wp-json\/wp\/v2\/posts\/2825","targetHints":{"allow":["GET"]}}],"collection":[{"href":"https:\/\/aeterrasave.net\/webmedia\/wp-json\/wp\/v2\/posts"}],"about":[{"href":"https:\/\/aeterrasave.net\/webmedia\/wp-json\/wp\/v2\/types\/post"}],"author":[{"embeddable":true,"href":"https:\/\/aeterrasave.net\/webmedia\/wp-json\/wp\/v2\/users\/25"}],"replies":[{"embeddable":true,"href":"https:\/\/aeterrasave.net\/webmedia\/wp-json\/wp\/v2\/comments?post=2825"}],"version-history":[{"count":6,"href":"https:\/\/aeterrasave.net\/webmedia\/wp-json\/wp\/v2\/posts\/2825\/revisions"}],"predecessor-version":[{"id":2834,"href":"https:\/\/aeterrasave.net\/webmedia\/wp-json\/wp\/v2\/posts\/2825\/revisions\/2834"}],"wp:featuredmedia":[{"embeddable":true,"href":"https:\/\/aeterrasave.net\/webmedia\/wp-json\/wp\/v2\/media\/2827"}],"wp:attachment":[{"href":"https:\/\/aeterrasave.net\/webmedia\/wp-json\/wp\/v2\/media?parent=2825"}],"wp:term":[{"taxonomy":"category","embeddable":true,"href":"https:\/\/aeterrasave.net\/webmedia\/wp-json\/wp\/v2\/categories?post=2825"},{"taxonomy":"post_tag","embeddable":true,"href":"https:\/\/aeterrasave.net\/webmedia\/wp-json\/wp\/v2\/tags?post=2825"}],"curies":[{"name":"wp","href":"https:\/\/api.w.org\/{rel}","templated":true}]}}