{"id":3129,"date":"2020-10-30T11:39:56","date_gmt":"2020-10-30T10:39:56","guid":{"rendered":"https:\/\/aepedome.net\/webmedia\/?p=3129"},"modified":"2020-10-30T11:39:56","modified_gmt":"2020-10-30T10:39:56","slug":"dia-mundial-da-alimentacao","status":"publish","type":"post","link":"https:\/\/aeterrasave.net\/webmedia\/dia-mundial-da-alimentacao\/","title":{"rendered":"Dia Mundial da Alimenta\u00e7\u00e3o"},"content":{"rendered":"<p><img loading=\"lazy\" decoding=\"async\" class=\"wp-image-3144 alignleft\" src=\"https:\/\/aepedome.net\/webmedia\/wp-content\/uploads\/2020\/10\/Dia-Mundial-da-Alimenta\u00e7\u00e3o-1-700x700.jpg\" alt=\"\" width=\"178\" height=\"178\" srcset=\"https:\/\/aeterrasave.net\/webmedia\/wp-content\/uploads\/2020\/10\/Dia-Mundial-da-Alimenta\u00e7\u00e3o-1-700x700.jpg 700w, https:\/\/aeterrasave.net\/webmedia\/wp-content\/uploads\/2020\/10\/Dia-Mundial-da-Alimenta\u00e7\u00e3o-1-1600x1600.jpg 1600w, https:\/\/aeterrasave.net\/webmedia\/wp-content\/uploads\/2020\/10\/Dia-Mundial-da-Alimenta\u00e7\u00e3o-1-768x768.jpg 768w, https:\/\/aeterrasave.net\/webmedia\/wp-content\/uploads\/2020\/10\/Dia-Mundial-da-Alimenta\u00e7\u00e3o-1-1536x1536.jpg 1536w, https:\/\/aeterrasave.net\/webmedia\/wp-content\/uploads\/2020\/10\/Dia-Mundial-da-Alimenta\u00e7\u00e3o-1-2048x2048.jpg 2048w, https:\/\/aeterrasave.net\/webmedia\/wp-content\/uploads\/2020\/10\/Dia-Mundial-da-Alimenta\u00e7\u00e3o-1-420x420.jpg 420w, https:\/\/aeterrasave.net\/webmedia\/wp-content\/uploads\/2020\/10\/Dia-Mundial-da-Alimenta\u00e7\u00e3o-1-640x640.jpg 640w, https:\/\/aeterrasave.net\/webmedia\/wp-content\/uploads\/2020\/10\/Dia-Mundial-da-Alimenta\u00e7\u00e3o-1-681x681.jpg 681w, https:\/\/aeterrasave.net\/webmedia\/wp-content\/uploads\/2020\/10\/Dia-Mundial-da-Alimenta\u00e7\u00e3o-1-760x760.jpg 760w\" sizes=\"auto, (max-width: 178px) 100vw, 178px\" \/>No passado dia 16 de outubro, Dia Mundial da Alimenta\u00e7\u00e3o, o grupo de Educa\u00e7\u00e3o F\u00edsica em parceria com o Clube Escola Fit e o Gabinete de Sa\u00fade realizaram atividades para comemorar este dia.<\/p>\n<p>&nbsp;<\/p>\n<p>Podes ver melhor essas atividades no CinePedome.<\/p>\n<pre>Grupo de Educa\u00e7\u00e3o F\u00edsica<\/pre>\n","protected":false},"excerpt":{"rendered":"<p>No passado dia 16 de outubro, Dia Mundial da Alimenta\u00e7\u00e3o, o grupo de Educa\u00e7\u00e3o F\u00edsica em parceria com o Clube Escola Fit e o Gabinete de Sa\u00fade realizaram atividades para comemorar este dia. &nbsp; Podes ver melhor essas atividades no CinePedome. Grupo de Educa\u00e7\u00e3o F\u00edsica<\/p>\n","protected":false},"author":41,"featured_media":3138,"comment_status":"closed","ping_status":"closed","sticky":false,"template":"","format":"standard","meta":{"_eb_attr":"","footnotes":""},"categories":[3],"tags":[],"class_list":["post-3129","post","type-post","status-publish","format-standard","has-post-thumbnail","hentry","category-noticias"],"blog_post_layout_featured_media_urls":{"thumbnail":["https:\/\/aeterrasave.net\/webmedia\/wp-content\/uploads\/2020\/10\/Cartaz-Apresenta\u00e7\u00e3o-150x150.jpg",150,150,true],"full":["https:\/\/aeterrasave.net\/webmedia\/wp-content\/uploads\/2020\/10\/Cartaz-Apresenta\u00e7\u00e3o.jpg",1602,1133,false]},"categories_names":{"3":{"name":"Not\u00edcias","link":"https:\/\/aeterrasave.net\/webmedia\/category\/noticias\/"}},"tags_names":[],"comments_number":0,"wpmagazine_modules_lite_featured_media_urls":{"thumbnail":["https:\/\/aeterrasave.net\/webmedia\/wp-content\/uploads\/2020\/10\/Cartaz-Apresenta\u00e7\u00e3o-150x150.jpg",150,150,true],"cvmm-medium":["https:\/\/aeterrasave.net\/webmedia\/wp-content\/uploads\/2020\/10\/Cartaz-Apresenta\u00e7\u00e3o.jpg",300,212,false],"cvmm-medium-plus":["https:\/\/aeterrasave.net\/webmedia\/wp-content\/uploads\/2020\/10\/Cartaz-Apresenta\u00e7\u00e3o.jpg",293,207,false],"cvmm-portrait":["https:\/\/aeterrasave.net\/webmedia\/wp-content\/uploads\/2020\/10\/Cartaz-Apresenta\u00e7\u00e3o.jpg",400,283,false],"cvmm-medium-square":["https:\/\/aeterrasave.net\/webmedia\/wp-content\/uploads\/2020\/10\/Cartaz-Apresenta\u00e7\u00e3o.jpg",600,424,false],"cvmm-large":["https:\/\/aeterrasave.net\/webmedia\/wp-content\/uploads\/2020\/10\/Cartaz-Apresenta\u00e7\u00e3o.jpg",1024,724,false],"cvmm-small":["https:\/\/aeterrasave.net\/webmedia\/wp-content\/uploads\/2020\/10\/Cartaz-Apresenta\u00e7\u00e3o.jpg",130,92,false],"full":["https:\/\/aeterrasave.net\/webmedia\/wp-content\/uploads\/2020\/10\/Cartaz-Apresenta\u00e7\u00e3o.jpg",1602,1133,false]},"_links":{"self":[{"href":"https:\/\/aeterrasave.net\/webmedia\/wp-json\/wp\/v2\/posts\/3129","targetHints":{"allow":["GET"]}}],"collection":[{"href":"https:\/\/aeterrasave.net\/webmedia\/wp-json\/wp\/v2\/posts"}],"about":[{"href":"https:\/\/aeterrasave.net\/webmedia\/wp-json\/wp\/v2\/types\/post"}],"author":[{"embeddable":true,"href":"https:\/\/aeterrasave.net\/webmedia\/wp-json\/wp\/v2\/users\/41"}],"replies":[{"embeddable":true,"href":"https:\/\/aeterrasave.net\/webmedia\/wp-json\/wp\/v2\/comments?post=3129"}],"version-history":[{"count":2,"href":"https:\/\/aeterrasave.net\/webmedia\/wp-json\/wp\/v2\/posts\/3129\/revisions"}],"predecessor-version":[{"id":3146,"href":"https:\/\/aeterrasave.net\/webmedia\/wp-json\/wp\/v2\/posts\/3129\/revisions\/3146"}],"wp:featuredmedia":[{"embeddable":true,"href":"https:\/\/aeterrasave.net\/webmedia\/wp-json\/wp\/v2\/media\/3138"}],"wp:attachment":[{"href":"https:\/\/aeterrasave.net\/webmedia\/wp-json\/wp\/v2\/media?parent=3129"}],"wp:term":[{"taxonomy":"category","embeddable":true,"href":"https:\/\/aeterrasave.net\/webmedia\/wp-json\/wp\/v2\/categories?post=3129"},{"taxonomy":"post_tag","embeddable":true,"href":"https:\/\/aeterrasave.net\/webmedia\/wp-json\/wp\/v2\/tags?post=3129"}],"curies":[{"name":"wp","href":"https:\/\/api.w.org\/{rel}","templated":true}]}}