{"id":4081,"date":"2021-03-17T23:58:56","date_gmt":"2021-03-17T22:58:56","guid":{"rendered":"https:\/\/aepedome.net\/webmedia\/?p=4081"},"modified":"2021-03-17T23:58:56","modified_gmt":"2021-03-17T22:58:56","slug":"eb-ji-oliveira-santa-maria-escola-amiga-da-crianca","status":"publish","type":"post","link":"https:\/\/aeterrasave.net\/webmedia\/eb-ji-oliveira-santa-maria-escola-amiga-da-crianca\/","title":{"rendered":"EB\/JI Oliveira Santa Maria &#8211; Escola Amiga da Crian\u00e7a"},"content":{"rendered":"<p>A EB\/JI Oliveira Santa Maria foi distinguida com o selo Escola Amiga da Crian\u00e7a, no projeto Oficina da Oralidade.<\/p>\n<p>Queremos agradecer \u00e0 dinamizadora deste projeto, a Educadora L\u00eddia, por ter proporcionado experi\u00eancias \u00fanicas e enriquecedoras aos alunos envolvidos.<img loading=\"lazy\" decoding=\"async\" class=\"alignnone size-medium wp-image-4083\" src=\"https:\/\/aepedome.net\/webmedia\/wp-content\/uploads\/2021\/03\/1-1-400x300.jpeg\" alt=\"\" width=\"400\" height=\"300\" srcset=\"https:\/\/aeterrasave.net\/webmedia\/wp-content\/uploads\/2021\/03\/1-1-400x300.jpeg 400w, https:\/\/aeterrasave.net\/webmedia\/wp-content\/uploads\/2021\/03\/1-1-1024x768.jpeg 1024w, https:\/\/aeterrasave.net\/webmedia\/wp-content\/uploads\/2021\/03\/1-1-768x576.jpeg 768w, https:\/\/aeterrasave.net\/webmedia\/wp-content\/uploads\/2021\/03\/1-1-560x420.jpeg 560w, https:\/\/aeterrasave.net\/webmedia\/wp-content\/uploads\/2021\/03\/1-1.jpeg 1920w\" sizes=\"auto, (max-width: 400px) 100vw, 400px\" \/> <img loading=\"lazy\" decoding=\"async\" class=\"alignnone size-medium wp-image-4082\" src=\"https:\/\/aepedome.net\/webmedia\/wp-content\/uploads\/2021\/03\/2-1-400x300.jpeg\" alt=\"\" width=\"400\" height=\"300\" srcset=\"https:\/\/aeterrasave.net\/webmedia\/wp-content\/uploads\/2021\/03\/2-1-400x300.jpeg 400w, https:\/\/aeterrasave.net\/webmedia\/wp-content\/uploads\/2021\/03\/2-1-1024x768.jpeg 1024w, https:\/\/aeterrasave.net\/webmedia\/wp-content\/uploads\/2021\/03\/2-1-768x576.jpeg 768w, https:\/\/aeterrasave.net\/webmedia\/wp-content\/uploads\/2021\/03\/2-1-560x420.jpeg 560w, https:\/\/aeterrasave.net\/webmedia\/wp-content\/uploads\/2021\/03\/2-1.jpeg 1920w\" sizes=\"auto, (max-width: 400px) 100vw, 400px\" \/><\/p>\n","protected":false},"excerpt":{"rendered":"<p>A EB\/JI Oliveira Santa Maria foi distinguida com o selo Escola Amiga da Crian\u00e7a, no projeto Oficina da Oralidade. Queremos agradecer \u00e0 dinamizadora deste projeto, a Educadora L\u00eddia, por ter proporcionado experi\u00eancias \u00fanicas e enriquecedoras aos alunos envolvidos.<\/p>\n","protected":false},"author":10,"featured_media":4083,"comment_status":"closed","ping_status":"closed","sticky":false,"template":"","format":"standard","meta":{"_eb_attr":"","footnotes":""},"categories":[3],"tags":[],"class_list":["post-4081","post","type-post","status-publish","format-standard","has-post-thumbnail","hentry","category-noticias"],"blog_post_layout_featured_media_urls":{"thumbnail":["https:\/\/aeterrasave.net\/webmedia\/wp-content\/uploads\/2021\/03\/1-1-150x150.jpeg",150,150,true],"full":["https:\/\/aeterrasave.net\/webmedia\/wp-content\/uploads\/2021\/03\/1-1.jpeg",1920,1440,false]},"categories_names":{"3":{"name":"Not\u00edcias","link":"https:\/\/aeterrasave.net\/webmedia\/category\/noticias\/"}},"tags_names":[],"comments_number":0,"wpmagazine_modules_lite_featured_media_urls":{"thumbnail":["https:\/\/aeterrasave.net\/webmedia\/wp-content\/uploads\/2021\/03\/1-1-150x150.jpeg",150,150,true],"cvmm-medium":["https:\/\/aeterrasave.net\/webmedia\/wp-content\/uploads\/2021\/03\/1-1.jpeg",300,225,false],"cvmm-medium-plus":["https:\/\/aeterrasave.net\/webmedia\/wp-content\/uploads\/2021\/03\/1-1.jpeg",276,207,false],"cvmm-portrait":["https:\/\/aeterrasave.net\/webmedia\/wp-content\/uploads\/2021\/03\/1-1.jpeg",400,300,false],"cvmm-medium-square":["https:\/\/aeterrasave.net\/webmedia\/wp-content\/uploads\/2021\/03\/1-1.jpeg",600,450,false],"cvmm-large":["https:\/\/aeterrasave.net\/webmedia\/wp-content\/uploads\/2021\/03\/1-1.jpeg",1024,768,false],"cvmm-small":["https:\/\/aeterrasave.net\/webmedia\/wp-content\/uploads\/2021\/03\/1-1.jpeg",127,95,false],"full":["https:\/\/aeterrasave.net\/webmedia\/wp-content\/uploads\/2021\/03\/1-1.jpeg",1920,1440,false]},"_links":{"self":[{"href":"https:\/\/aeterrasave.net\/webmedia\/wp-json\/wp\/v2\/posts\/4081","targetHints":{"allow":["GET"]}}],"collection":[{"href":"https:\/\/aeterrasave.net\/webmedia\/wp-json\/wp\/v2\/posts"}],"about":[{"href":"https:\/\/aeterrasave.net\/webmedia\/wp-json\/wp\/v2\/types\/post"}],"author":[{"embeddable":true,"href":"https:\/\/aeterrasave.net\/webmedia\/wp-json\/wp\/v2\/users\/10"}],"replies":[{"embeddable":true,"href":"https:\/\/aeterrasave.net\/webmedia\/wp-json\/wp\/v2\/comments?post=4081"}],"version-history":[{"count":1,"href":"https:\/\/aeterrasave.net\/webmedia\/wp-json\/wp\/v2\/posts\/4081\/revisions"}],"predecessor-version":[{"id":4084,"href":"https:\/\/aeterrasave.net\/webmedia\/wp-json\/wp\/v2\/posts\/4081\/revisions\/4084"}],"wp:featuredmedia":[{"embeddable":true,"href":"https:\/\/aeterrasave.net\/webmedia\/wp-json\/wp\/v2\/media\/4083"}],"wp:attachment":[{"href":"https:\/\/aeterrasave.net\/webmedia\/wp-json\/wp\/v2\/media?parent=4081"}],"wp:term":[{"taxonomy":"category","embeddable":true,"href":"https:\/\/aeterrasave.net\/webmedia\/wp-json\/wp\/v2\/categories?post=4081"},{"taxonomy":"post_tag","embeddable":true,"href":"https:\/\/aeterrasave.net\/webmedia\/wp-json\/wp\/v2\/tags?post=4081"}],"curies":[{"name":"wp","href":"https:\/\/api.w.org\/{rel}","templated":true}]}}